{"id":4515,"date":"2018-10-05T11:10:10","date_gmt":"2018-10-05T11:10:10","guid":{"rendered":"https:\/\/www.uaga.eus\/?p=4515"},"modified":"2018-10-04T11:39:43","modified_gmt":"2018-10-04T11:39:43","slug":"regata-de-globos-aerostaticos-en-alava-en-caso-de-danos-en-fincas-contactad-con-uaga","status":"publish","type":"post","link":"https:\/\/www.uaga.eus\/eu\/regata-de-globos-aerostaticos-en-alava-en-caso-de-danos-en-fincas-contactad-con-uaga\/","title":{"rendered":"Contactad con UAGA en caso de da\u00f1os en vuestras fincas ocasionados por la Regata de Globos Aer\u00f3staticos de este fin de semana"},"content":{"rendered":"<p>Este fin de semana la Fundaci\u00f3n San Prudencio ha organizado la I Regata de\u00a0\u00a0Globos Aerost\u00e1ticos de Vitoria, que va a reunir a 23 pilotos. Los vuelos se realizar\u00e1n el viernes, s\u00e1bado y domingo. La organizaci\u00f3n se ha puesto en contacto con UAGA para informar del evento y notificar, que en caso de da\u00f1os en fincas, se har\u00e1n cargo de los perjuicios ocasionados.<\/p>\n<p>En principio los pilotos aterrizan en campos no labrados, pero si en caso de necesidad tienen que hacerlo en alguna finca sembrada, la organizaci\u00f3n se hace cargo de los da\u00f1os. Si es posible contactan directamente con el due\u00f1o de la finca. En cualquier caso, si alg\u00fan agricultor se ve afectado por los aterrizajes, puede ponerse en contacto con UAGA y trasladaremos a la organizaci\u00f3n del evento las p\u00e9rdidas ocasionadas.<\/p>\n<p>+info Blanca: 629802175<\/p>\n","protected":false},"excerpt":{"rendered":"<p>Este fin de semana la Fundaci\u00f3n San Prudencio ha organizado la I Regata de\u00a0\u00a0Globos Aerost\u00e1ticos de Vitoria, que va a reunir a 23 pilotos. Los vuelos se realizar\u00e1n el viernes, s\u00e1bado y domingo. La organizaci\u00f3n se ha puesto en contacto con UAGA para informar del evento y notificar, que en caso de da\u00f1os en fincas, [&hellip;]<\/p>\n","protected":false},"author":4,"featured_media":4518,"comment_status":"closed","ping_status":"closed","sticky":false,"template":"","format":"standard","meta":{"footnotes":""},"categories":[7],"tags":[],"yoast_head":"<!-- This site is optimized with the Yoast SEO plugin v21.5 - https:\/\/yoast.com\/wordpress\/plugins\/seo\/ -->\n<title>Contactad con UAGA en caso de da\u00f1os en vuestras fincas ocasionados por la Regata de Globos Aer\u00f3staticos de este fin de semana - UAGA<\/title>\n<meta name=\"robots\" content=\"index, follow, max-snippet:-1, max-image-preview:large, max-video-preview:-1\" \/>\n<link rel=\"canonical\" href=\"https:\/\/www.uaga.eus\/regata-de-globos-aerostaticos-en-alava-en-caso-de-danos-en-fincas-contactad-con-uaga\/\" \/>\n<meta property=\"og:locale\" content=\"en_US\" \/>\n<meta property=\"og:type\" content=\"article\" \/>\n<meta property=\"og:title\" content=\"Contactad con UAGA en caso de da\u00f1os en vuestras fincas ocasionados por la Regata de Globos Aer\u00f3staticos de este fin de semana - UAGA\" \/>\n<meta property=\"og:description\" content=\"Este fin de semana la Fundaci\u00f3n San Prudencio ha organizado la I Regata de\u00a0\u00a0Globos Aerost\u00e1ticos de Vitoria, que va a reunir a 23 pilotos. Los vuelos se realizar\u00e1n el viernes, s\u00e1bado y domingo. La organizaci\u00f3n se ha puesto en contacto con UAGA para informar del evento y notificar, que en caso de da\u00f1os en fincas, [&hellip;]\" \/>\n<meta property=\"og:url\" content=\"https:\/\/www.uaga.eus\/regata-de-globos-aerostaticos-en-alava-en-caso-de-danos-en-fincas-contactad-con-uaga\/\" \/>\n<meta property=\"og:site_name\" content=\"UAGA\" \/>\n<meta property=\"article:published_time\" content=\"2018-10-05T11:10:10+00:00\" \/>\n<meta property=\"article:modified_time\" content=\"2018-10-04T11:39:43+00:00\" \/>\n<meta property=\"og:image\" content=\"https:\/\/www.uaga.eus\/wp-content\/uploads\/2018\/10\/globos-aerostaticos-e1538651515753.jpg\" \/>\n\t<meta property=\"og:image:width\" content=\"698\" \/>\n\t<meta property=\"og:image:height\" content=\"365\" \/>\n\t<meta property=\"og:image:type\" content=\"image\/jpeg\" \/>\n<meta name=\"author\" content=\"Blanca S\u00e1nchez\" \/>\n<meta name=\"twitter:card\" content=\"summary_large_image\" \/>\n<meta name=\"twitter:label1\" content=\"Written by\" \/>\n\t<meta name=\"twitter:data1\" content=\"Blanca S\u00e1nchez\" \/>\n\t<meta name=\"twitter:label2\" content=\"Est. reading time\" \/>\n\t<meta name=\"twitter:data2\" content=\"1 minutua\" \/>\n<script type=\"application\/ld+json\" class=\"yoast-schema-graph\">{\"@context\":\"https:\/\/schema.org\",\"@graph\":[{\"@type\":\"WebPage\",\"@id\":\"https:\/\/www.uaga.eus\/regata-de-globos-aerostaticos-en-alava-en-caso-de-danos-en-fincas-contactad-con-uaga\/\",\"url\":\"https:\/\/www.uaga.eus\/regata-de-globos-aerostaticos-en-alava-en-caso-de-danos-en-fincas-contactad-con-uaga\/\",\"name\":\"Contactad con UAGA en caso de da\u00f1os en vuestras fincas ocasionados por la Regata de Globos Aer\u00f3staticos de este fin de semana - UAGA\",\"isPartOf\":{\"@id\":\"https:\/\/www.uaga.eus\/#website\"},\"datePublished\":\"2018-10-05T11:10:10+00:00\",\"dateModified\":\"2018-10-04T11:39:43+00:00\",\"author\":{\"@id\":\"https:\/\/www.uaga.eus\/#\/schema\/person\/48c3cbf0f33d1b788226dbb6518689cf\"},\"breadcrumb\":{\"@id\":\"https:\/\/www.uaga.eus\/regata-de-globos-aerostaticos-en-alava-en-caso-de-danos-en-fincas-contactad-con-uaga\/#breadcrumb\"},\"inLanguage\":\"eu\",\"potentialAction\":[{\"@type\":\"ReadAction\",\"target\":[\"https:\/\/www.uaga.eus\/regata-de-globos-aerostaticos-en-alava-en-caso-de-danos-en-fincas-contactad-con-uaga\/\"]}]},{\"@type\":\"BreadcrumbList\",\"@id\":\"https:\/\/www.uaga.eus\/regata-de-globos-aerostaticos-en-alava-en-caso-de-danos-en-fincas-contactad-con-uaga\/#breadcrumb\",\"itemListElement\":[{\"@type\":\"ListItem\",\"position\":1,\"name\":\"Inicio\",\"item\":\"https:\/\/www.uaga.eus\/\"},{\"@type\":\"ListItem\",\"position\":2,\"name\":\"Contactad con UAGA en caso de da\u00f1os en vuestras fincas ocasionados por la Regata de Globos Aer\u00f3staticos de este fin de semana\"}]},{\"@type\":\"WebSite\",\"@id\":\"https:\/\/www.uaga.eus\/#website\",\"url\":\"https:\/\/www.uaga.eus\/\",\"name\":\"UAGA\",\"description\":\"Uni\u00f3n Agroganadera de \u00c1lava - Araba Nekazarien Elkartea\",\"potentialAction\":[{\"@type\":\"SearchAction\",\"target\":{\"@type\":\"EntryPoint\",\"urlTemplate\":\"https:\/\/www.uaga.eus\/?s={search_term_string}\"},\"query-input\":\"required name=search_term_string\"}],\"inLanguage\":\"eu\"},{\"@type\":\"Person\",\"@id\":\"https:\/\/www.uaga.eus\/#\/schema\/person\/48c3cbf0f33d1b788226dbb6518689cf\",\"name\":\"Blanca S\u00e1nchez\",\"image\":{\"@type\":\"ImageObject\",\"inLanguage\":\"eu\",\"@id\":\"https:\/\/www.uaga.eus\/#\/schema\/person\/image\/\",\"url\":\"https:\/\/secure.gravatar.com\/avatar\/0dc91c20648254b1ce84877283f6751b?s=96&d=mm&r=g\",\"contentUrl\":\"https:\/\/secure.gravatar.com\/avatar\/0dc91c20648254b1ce84877283f6751b?s=96&d=mm&r=g\",\"caption\":\"Blanca S\u00e1nchez\"},\"url\":\"https:\/\/www.uaga.eus\/eu\/author\/bsanchez\/\"}]}<\/script>\n<!-- \/ Yoast SEO plugin. -->","yoast_head_json":{"title":"Contactad con UAGA en caso de da\u00f1os en vuestras fincas ocasionados por la Regata de Globos Aer\u00f3staticos de este fin de semana - UAGA","robots":{"index":"index","follow":"follow","max-snippet":"max-snippet:-1","max-image-preview":"max-image-preview:large","max-video-preview":"max-video-preview:-1"},"canonical":"https:\/\/www.uaga.eus\/regata-de-globos-aerostaticos-en-alava-en-caso-de-danos-en-fincas-contactad-con-uaga\/","og_locale":"en_US","og_type":"article","og_title":"Contactad con UAGA en caso de da\u00f1os en vuestras fincas ocasionados por la Regata de Globos Aer\u00f3staticos de este fin de semana - UAGA","og_description":"Este fin de semana la Fundaci\u00f3n San Prudencio ha organizado la I Regata de\u00a0\u00a0Globos Aerost\u00e1ticos de Vitoria, que va a reunir a 23 pilotos. Los vuelos se realizar\u00e1n el viernes, s\u00e1bado y domingo. La organizaci\u00f3n se ha puesto en contacto con UAGA para informar del evento y notificar, que en caso de da\u00f1os en fincas, [&hellip;]","og_url":"https:\/\/www.uaga.eus\/regata-de-globos-aerostaticos-en-alava-en-caso-de-danos-en-fincas-contactad-con-uaga\/","og_site_name":"UAGA","article_published_time":"2018-10-05T11:10:10+00:00","article_modified_time":"2018-10-04T11:39:43+00:00","og_image":[{"width":698,"height":365,"url":"https:\/\/www.uaga.eus\/wp-content\/uploads\/2018\/10\/globos-aerostaticos-e1538651515753.jpg","type":"image\/jpeg"}],"author":"Blanca S\u00e1nchez","twitter_card":"summary_large_image","twitter_misc":{"Written by":"Blanca S\u00e1nchez","Est. reading time":"1 minutua"},"schema":{"@context":"https:\/\/schema.org","@graph":[{"@type":"WebPage","@id":"https:\/\/www.uaga.eus\/regata-de-globos-aerostaticos-en-alava-en-caso-de-danos-en-fincas-contactad-con-uaga\/","url":"https:\/\/www.uaga.eus\/regata-de-globos-aerostaticos-en-alava-en-caso-de-danos-en-fincas-contactad-con-uaga\/","name":"Contactad con UAGA en caso de da\u00f1os en vuestras fincas ocasionados por la Regata de Globos Aer\u00f3staticos de este fin de semana - UAGA","isPartOf":{"@id":"https:\/\/www.uaga.eus\/#website"},"datePublished":"2018-10-05T11:10:10+00:00","dateModified":"2018-10-04T11:39:43+00:00","author":{"@id":"https:\/\/www.uaga.eus\/#\/schema\/person\/48c3cbf0f33d1b788226dbb6518689cf"},"breadcrumb":{"@id":"https:\/\/www.uaga.eus\/regata-de-globos-aerostaticos-en-alava-en-caso-de-danos-en-fincas-contactad-con-uaga\/#breadcrumb"},"inLanguage":"eu","potentialAction":[{"@type":"ReadAction","target":["https:\/\/www.uaga.eus\/regata-de-globos-aerostaticos-en-alava-en-caso-de-danos-en-fincas-contactad-con-uaga\/"]}]},{"@type":"BreadcrumbList","@id":"https:\/\/www.uaga.eus\/regata-de-globos-aerostaticos-en-alava-en-caso-de-danos-en-fincas-contactad-con-uaga\/#breadcrumb","itemListElement":[{"@type":"ListItem","position":1,"name":"Inicio","item":"https:\/\/www.uaga.eus\/"},{"@type":"ListItem","position":2,"name":"Contactad con UAGA en caso de da\u00f1os en vuestras fincas ocasionados por la Regata de Globos Aer\u00f3staticos de este fin de semana"}]},{"@type":"WebSite","@id":"https:\/\/www.uaga.eus\/#website","url":"https:\/\/www.uaga.eus\/","name":"UAGA","description":"Uni\u00f3n Agroganadera de \u00c1lava - Araba Nekazarien Elkartea","potentialAction":[{"@type":"SearchAction","target":{"@type":"EntryPoint","urlTemplate":"https:\/\/www.uaga.eus\/?s={search_term_string}"},"query-input":"required name=search_term_string"}],"inLanguage":"eu"},{"@type":"Person","@id":"https:\/\/www.uaga.eus\/#\/schema\/person\/48c3cbf0f33d1b788226dbb6518689cf","name":"Blanca S\u00e1nchez","image":{"@type":"ImageObject","inLanguage":"eu","@id":"https:\/\/www.uaga.eus\/#\/schema\/person\/image\/","url":"https:\/\/secure.gravatar.com\/avatar\/0dc91c20648254b1ce84877283f6751b?s=96&d=mm&r=g","contentUrl":"https:\/\/secure.gravatar.com\/avatar\/0dc91c20648254b1ce84877283f6751b?s=96&d=mm&r=g","caption":"Blanca S\u00e1nchez"},"url":"https:\/\/www.uaga.eus\/eu\/author\/bsanchez\/"}]}},"_links":{"self":[{"href":"https:\/\/www.uaga.eus\/eu\/wp-json\/wp\/v2\/posts\/4515"}],"collection":[{"href":"https:\/\/www.uaga.eus\/eu\/wp-json\/wp\/v2\/posts"}],"about":[{"href":"https:\/\/www.uaga.eus\/eu\/wp-json\/wp\/v2\/types\/post"}],"author":[{"embeddable":true,"href":"https:\/\/www.uaga.eus\/eu\/wp-json\/wp\/v2\/users\/4"}],"replies":[{"embeddable":true,"href":"https:\/\/www.uaga.eus\/eu\/wp-json\/wp\/v2\/comments?post=4515"}],"version-history":[{"count":2,"href":"https:\/\/www.uaga.eus\/eu\/wp-json\/wp\/v2\/posts\/4515\/revisions"}],"predecessor-version":[{"id":4529,"href":"https:\/\/www.uaga.eus\/eu\/wp-json\/wp\/v2\/posts\/4515\/revisions\/4529"}],"wp:featuredmedia":[{"embeddable":true,"href":"https:\/\/www.uaga.eus\/eu\/wp-json\/wp\/v2\/media\/4518"}],"wp:attachment":[{"href":"https:\/\/www.uaga.eus\/eu\/wp-json\/wp\/v2\/media?parent=4515"}],"wp:term":[{"taxonomy":"category","embeddable":true,"href":"https:\/\/www.uaga.eus\/eu\/wp-json\/wp\/v2\/categories?post=4515"},{"taxonomy":"post_tag","embeddable":true,"href":"https:\/\/www.uaga.eus\/eu\/wp-json\/wp\/v2\/tags?post=4515"}],"curies":[{"name":"wp","href":"https:\/\/api.w.org\/{rel}","templated":true}]}}