{"id":4486,"date":"2018-09-28T10:30:41","date_gmt":"2018-09-28T10:30:41","guid":{"rendered":"https:\/\/www.uaga.eus\/?p=4486"},"modified":"2018-10-02T09:15:09","modified_gmt":"2018-10-02T09:15:09","slug":"reunion-mensual-con-el-departamento-de-agricultura-de-diputacion-foral-de-alava-3","status":"publish","type":"post","link":"https:\/\/www.uaga.eus\/eu\/reunion-mensual-con-el-departamento-de-agricultura-de-diputacion-foral-de-alava-3\/","title":{"rendered":"UAGA participa en la reuni\u00f3n mensual con el Departamento de Agricultura de Diputaci\u00f3n"},"content":{"rendered":"<p>En la reuni\u00f3n mensual que UAGA ha mantenido esta semana con el Diputado de Agricultura hemos tratado asuntos diversos, como los relacionados con los da\u00f1os por jabal\u00ed, la problem\u00e1tica de la lana\u00a0en las explotaciones de ovino, el proyecto de desbroces o los problemas que se han dado en Rioja con las peritaciones de Agroseguros.<\/p>\n<p>Respecto de la PAC, est\u00e1 previsto que se pague un adelanto, como m\u00e1ximo del 50%, antes de final de noviembre.<\/p>\n<p>El diputado tambi\u00e9n ha informado de la situaci\u00f3n de la enfermedad de los pinos. El hongo no ataca a la madera sino a la hoja y, aunque retrasa el crecimiento, no mata los \u00e1rboles. Se est\u00e1 trabajando conjuntamente con los otros territorios de la CAV para ver c\u00f3mo afrontar esta enfermedad.<\/p>\n","protected":false},"excerpt":{"rendered":"<p>En la reuni\u00f3n mensual que UAGA ha mantenido esta semana con el Diputado de Agricultura hemos tratado asuntos diversos, como los relacionados con los da\u00f1os por jabal\u00ed, la problem\u00e1tica de la lana\u00a0en las explotaciones de ovino, el proyecto de desbroces o los problemas que se han dado en Rioja con las peritaciones de Agroseguros. Respecto [&hellip;]<\/p>\n","protected":false},"author":4,"featured_media":2144,"comment_status":"closed","ping_status":"closed","sticky":false,"template":"","format":"standard","meta":{"footnotes":""},"categories":[3,4],"tags":[],"yoast_head":"<!-- This site is optimized with the Yoast SEO plugin v21.5 - https:\/\/yoast.com\/wordpress\/plugins\/seo\/ -->\n<title>UAGA participa en la reuni\u00f3n mensual con el Departamento de Agricultura de Diputaci\u00f3n - UAGA<\/title>\n<meta name=\"robots\" content=\"index, follow, max-snippet:-1, max-image-preview:large, max-video-preview:-1\" \/>\n<link rel=\"canonical\" href=\"https:\/\/www.uaga.eus\/reunion-mensual-con-el-departamento-de-agricultura-de-diputacion-foral-de-alava-3\/\" \/>\n<meta property=\"og:locale\" content=\"en_US\" \/>\n<meta property=\"og:type\" content=\"article\" \/>\n<meta property=\"og:title\" content=\"UAGA participa en la reuni\u00f3n mensual con el Departamento de Agricultura de Diputaci\u00f3n - UAGA\" \/>\n<meta property=\"og:description\" content=\"En la reuni\u00f3n mensual que UAGA ha mantenido esta semana con el Diputado de Agricultura hemos tratado asuntos diversos, como los relacionados con los da\u00f1os por jabal\u00ed, la problem\u00e1tica de la lana\u00a0en las explotaciones de ovino, el proyecto de desbroces o los problemas que se han dado en Rioja con las peritaciones de Agroseguros. Respecto [&hellip;]\" \/>\n<meta property=\"og:url\" content=\"https:\/\/www.uaga.eus\/reunion-mensual-con-el-departamento-de-agricultura-de-diputacion-foral-de-alava-3\/\" \/>\n<meta property=\"og:site_name\" content=\"UAGA\" \/>\n<meta property=\"article:published_time\" content=\"2018-09-28T10:30:41+00:00\" \/>\n<meta property=\"article:modified_time\" content=\"2018-10-02T09:15:09+00:00\" \/>\n<meta property=\"og:image\" content=\"https:\/\/www.uaga.eus\/wp-content\/uploads\/2018\/03\/MARCA-H-COLOR-e1521033120628.jpg\" \/>\n\t<meta property=\"og:image:width\" content=\"700\" \/>\n\t<meta property=\"og:image:height\" content=\"240\" \/>\n\t<meta property=\"og:image:type\" content=\"image\/jpeg\" \/>\n<meta name=\"author\" content=\"Blanca S\u00e1nchez\" \/>\n<meta name=\"twitter:card\" content=\"summary_large_image\" \/>\n<meta name=\"twitter:label1\" content=\"Written by\" \/>\n\t<meta name=\"twitter:data1\" content=\"Blanca S\u00e1nchez\" \/>\n\t<meta name=\"twitter:label2\" content=\"Est. reading time\" \/>\n\t<meta name=\"twitter:data2\" content=\"1 minutua\" \/>\n<script type=\"application\/ld+json\" class=\"yoast-schema-graph\">{\"@context\":\"https:\/\/schema.org\",\"@graph\":[{\"@type\":\"WebPage\",\"@id\":\"https:\/\/www.uaga.eus\/reunion-mensual-con-el-departamento-de-agricultura-de-diputacion-foral-de-alava-3\/\",\"url\":\"https:\/\/www.uaga.eus\/reunion-mensual-con-el-departamento-de-agricultura-de-diputacion-foral-de-alava-3\/\",\"name\":\"UAGA participa en la reuni\u00f3n mensual con el Departamento de Agricultura de Diputaci\u00f3n - UAGA\",\"isPartOf\":{\"@id\":\"https:\/\/www.uaga.eus\/#website\"},\"datePublished\":\"2018-09-28T10:30:41+00:00\",\"dateModified\":\"2018-10-02T09:15:09+00:00\",\"author\":{\"@id\":\"https:\/\/www.uaga.eus\/#\/schema\/person\/48c3cbf0f33d1b788226dbb6518689cf\"},\"breadcrumb\":{\"@id\":\"https:\/\/www.uaga.eus\/reunion-mensual-con-el-departamento-de-agricultura-de-diputacion-foral-de-alava-3\/#breadcrumb\"},\"inLanguage\":\"eu\",\"potentialAction\":[{\"@type\":\"ReadAction\",\"target\":[\"https:\/\/www.uaga.eus\/reunion-mensual-con-el-departamento-de-agricultura-de-diputacion-foral-de-alava-3\/\"]}]},{\"@type\":\"BreadcrumbList\",\"@id\":\"https:\/\/www.uaga.eus\/reunion-mensual-con-el-departamento-de-agricultura-de-diputacion-foral-de-alava-3\/#breadcrumb\",\"itemListElement\":[{\"@type\":\"ListItem\",\"position\":1,\"name\":\"Inicio\",\"item\":\"https:\/\/www.uaga.eus\/\"},{\"@type\":\"ListItem\",\"position\":2,\"name\":\"UAGA participa en la reuni\u00f3n mensual con el Departamento de Agricultura de Diputaci\u00f3n\"}]},{\"@type\":\"WebSite\",\"@id\":\"https:\/\/www.uaga.eus\/#website\",\"url\":\"https:\/\/www.uaga.eus\/\",\"name\":\"UAGA\",\"description\":\"Uni\u00f3n Agroganadera de \u00c1lava - Araba Nekazarien Elkartea\",\"potentialAction\":[{\"@type\":\"SearchAction\",\"target\":{\"@type\":\"EntryPoint\",\"urlTemplate\":\"https:\/\/www.uaga.eus\/?s={search_term_string}\"},\"query-input\":\"required name=search_term_string\"}],\"inLanguage\":\"eu\"},{\"@type\":\"Person\",\"@id\":\"https:\/\/www.uaga.eus\/#\/schema\/person\/48c3cbf0f33d1b788226dbb6518689cf\",\"name\":\"Blanca S\u00e1nchez\",\"image\":{\"@type\":\"ImageObject\",\"inLanguage\":\"eu\",\"@id\":\"https:\/\/www.uaga.eus\/#\/schema\/person\/image\/\",\"url\":\"https:\/\/secure.gravatar.com\/avatar\/0dc91c20648254b1ce84877283f6751b?s=96&d=mm&r=g\",\"contentUrl\":\"https:\/\/secure.gravatar.com\/avatar\/0dc91c20648254b1ce84877283f6751b?s=96&d=mm&r=g\",\"caption\":\"Blanca S\u00e1nchez\"},\"url\":\"https:\/\/www.uaga.eus\/eu\/author\/bsanchez\/\"}]}<\/script>\n<!-- \/ Yoast SEO plugin. -->","yoast_head_json":{"title":"UAGA participa en la reuni\u00f3n mensual con el Departamento de Agricultura de Diputaci\u00f3n - UAGA","robots":{"index":"index","follow":"follow","max-snippet":"max-snippet:-1","max-image-preview":"max-image-preview:large","max-video-preview":"max-video-preview:-1"},"canonical":"https:\/\/www.uaga.eus\/reunion-mensual-con-el-departamento-de-agricultura-de-diputacion-foral-de-alava-3\/","og_locale":"en_US","og_type":"article","og_title":"UAGA participa en la reuni\u00f3n mensual con el Departamento de Agricultura de Diputaci\u00f3n - UAGA","og_description":"En la reuni\u00f3n mensual que UAGA ha mantenido esta semana con el Diputado de Agricultura hemos tratado asuntos diversos, como los relacionados con los da\u00f1os por jabal\u00ed, la problem\u00e1tica de la lana\u00a0en las explotaciones de ovino, el proyecto de desbroces o los problemas que se han dado en Rioja con las peritaciones de Agroseguros. Respecto [&hellip;]","og_url":"https:\/\/www.uaga.eus\/reunion-mensual-con-el-departamento-de-agricultura-de-diputacion-foral-de-alava-3\/","og_site_name":"UAGA","article_published_time":"2018-09-28T10:30:41+00:00","article_modified_time":"2018-10-02T09:15:09+00:00","og_image":[{"width":700,"height":240,"url":"https:\/\/www.uaga.eus\/wp-content\/uploads\/2018\/03\/MARCA-H-COLOR-e1521033120628.jpg","type":"image\/jpeg"}],"author":"Blanca S\u00e1nchez","twitter_card":"summary_large_image","twitter_misc":{"Written by":"Blanca S\u00e1nchez","Est. reading time":"1 minutua"},"schema":{"@context":"https:\/\/schema.org","@graph":[{"@type":"WebPage","@id":"https:\/\/www.uaga.eus\/reunion-mensual-con-el-departamento-de-agricultura-de-diputacion-foral-de-alava-3\/","url":"https:\/\/www.uaga.eus\/reunion-mensual-con-el-departamento-de-agricultura-de-diputacion-foral-de-alava-3\/","name":"UAGA participa en la reuni\u00f3n mensual con el Departamento de Agricultura de Diputaci\u00f3n - UAGA","isPartOf":{"@id":"https:\/\/www.uaga.eus\/#website"},"datePublished":"2018-09-28T10:30:41+00:00","dateModified":"2018-10-02T09:15:09+00:00","author":{"@id":"https:\/\/www.uaga.eus\/#\/schema\/person\/48c3cbf0f33d1b788226dbb6518689cf"},"breadcrumb":{"@id":"https:\/\/www.uaga.eus\/reunion-mensual-con-el-departamento-de-agricultura-de-diputacion-foral-de-alava-3\/#breadcrumb"},"inLanguage":"eu","potentialAction":[{"@type":"ReadAction","target":["https:\/\/www.uaga.eus\/reunion-mensual-con-el-departamento-de-agricultura-de-diputacion-foral-de-alava-3\/"]}]},{"@type":"BreadcrumbList","@id":"https:\/\/www.uaga.eus\/reunion-mensual-con-el-departamento-de-agricultura-de-diputacion-foral-de-alava-3\/#breadcrumb","itemListElement":[{"@type":"ListItem","position":1,"name":"Inicio","item":"https:\/\/www.uaga.eus\/"},{"@type":"ListItem","position":2,"name":"UAGA participa en la reuni\u00f3n mensual con el Departamento de Agricultura de Diputaci\u00f3n"}]},{"@type":"WebSite","@id":"https:\/\/www.uaga.eus\/#website","url":"https:\/\/www.uaga.eus\/","name":"UAGA","description":"Uni\u00f3n Agroganadera de \u00c1lava - Araba Nekazarien Elkartea","potentialAction":[{"@type":"SearchAction","target":{"@type":"EntryPoint","urlTemplate":"https:\/\/www.uaga.eus\/?s={search_term_string}"},"query-input":"required name=search_term_string"}],"inLanguage":"eu"},{"@type":"Person","@id":"https:\/\/www.uaga.eus\/#\/schema\/person\/48c3cbf0f33d1b788226dbb6518689cf","name":"Blanca S\u00e1nchez","image":{"@type":"ImageObject","inLanguage":"eu","@id":"https:\/\/www.uaga.eus\/#\/schema\/person\/image\/","url":"https:\/\/secure.gravatar.com\/avatar\/0dc91c20648254b1ce84877283f6751b?s=96&d=mm&r=g","contentUrl":"https:\/\/secure.gravatar.com\/avatar\/0dc91c20648254b1ce84877283f6751b?s=96&d=mm&r=g","caption":"Blanca S\u00e1nchez"},"url":"https:\/\/www.uaga.eus\/eu\/author\/bsanchez\/"}]}},"_links":{"self":[{"href":"https:\/\/www.uaga.eus\/eu\/wp-json\/wp\/v2\/posts\/4486"}],"collection":[{"href":"https:\/\/www.uaga.eus\/eu\/wp-json\/wp\/v2\/posts"}],"about":[{"href":"https:\/\/www.uaga.eus\/eu\/wp-json\/wp\/v2\/types\/post"}],"author":[{"embeddable":true,"href":"https:\/\/www.uaga.eus\/eu\/wp-json\/wp\/v2\/users\/4"}],"replies":[{"embeddable":true,"href":"https:\/\/www.uaga.eus\/eu\/wp-json\/wp\/v2\/comments?post=4486"}],"version-history":[{"count":3,"href":"https:\/\/www.uaga.eus\/eu\/wp-json\/wp\/v2\/posts\/4486\/revisions"}],"predecessor-version":[{"id":4514,"href":"https:\/\/www.uaga.eus\/eu\/wp-json\/wp\/v2\/posts\/4486\/revisions\/4514"}],"wp:featuredmedia":[{"embeddable":true,"href":"https:\/\/www.uaga.eus\/eu\/wp-json\/wp\/v2\/media\/2144"}],"wp:attachment":[{"href":"https:\/\/www.uaga.eus\/eu\/wp-json\/wp\/v2\/media?parent=4486"}],"wp:term":[{"taxonomy":"category","embeddable":true,"href":"https:\/\/www.uaga.eus\/eu\/wp-json\/wp\/v2\/categories?post=4486"},{"taxonomy":"post_tag","embeddable":true,"href":"https:\/\/www.uaga.eus\/eu\/wp-json\/wp\/v2\/tags?post=4486"}],"curies":[{"name":"wp","href":"https:\/\/api.w.org\/{rel}","templated":true}]}}