{"id":4416,"date":"2018-09-14T11:28:18","date_gmt":"2018-09-14T11:28:18","guid":{"rendered":"https:\/\/www.uaga.eus\/?p=4416"},"modified":"2018-09-14T13:07:53","modified_gmt":"2018-09-14T13:07:53","slug":"uaga-te-convoca-a-las-asambleas-comarcales-de-septiembre-para-organizar-la-celebracion-del-congreso-2018","status":"publish","type":"post","link":"https:\/\/www.uaga.eus\/eu\/uaga-te-convoca-a-las-asambleas-comarcales-de-septiembre-para-organizar-la-celebracion-del-congreso-2018\/","title":{"rendered":"UAGA te convoca a las ASAMBLEAS COMARCALES de septiembre para organizar la celebraci\u00f3n del CONGRESO 2018"},"content":{"rendered":"<p>El Reglamento de R\u00e9gimen Interno de UAGA establece el procedimiento de actuaci\u00f3n en cuanto a la celebraci\u00f3n del Congreso que se celebra cada cuatro a\u00f1os y que este a\u00f1o tendr\u00e1 lugar el 18 de diciembre.<br \/>\nPara iniciar el proceso, <strong>te convocamos a las Asambleas Comarcales<\/strong> este mes de septiembre donde se elegir\u00e1n los delegados de cada comarca, una persona por cada 20 explotaciones afiliadas, con un m\u00ednimo de 10 y un m\u00e1ximo de 20 por comarca.<\/p>\n<p>Se constituir\u00e1 despu\u00e9s la Mesa de Portavoces integrada por una persona designada a tal fin por cada comarca, adem\u00e1s de una persona que moderar\u00e1 los debates de dos ponencias, una de Pol\u00edtica Agraria y otra de Organizaci\u00f3n Interna, tratando los principales asuntos que afectan y preocupan al sector agrario en estos momentos y con visi\u00f3n de futuro, con el objetivo de marcar las l\u00edneas estrat\u00e9gicas para los pr\u00f3ximos a\u00f1os.<\/p>\n<p>Las <strong>Asambleas Comarcales<\/strong> tendr\u00e1n lugar en las siguientes fechas:<\/p>\n<table border=\"1\" width=\"0\" cellspacing=\"0\" cellpadding=\"0\">\n<tbody>\n<tr>\n<td colspan=\"3\"><strong>fecha<\/strong><\/td>\n<td><strong>hora<\/strong><\/td>\n<td><strong>comarca<\/strong><\/td>\n<td><strong>lugar<\/strong><\/td>\n<\/tr>\n<tr>\n<td rowspan=\"6\">septiembre<br \/>\n2018<\/td>\n<td rowspan=\"2\">18<\/td>\n<td rowspan=\"2\">martes<\/td>\n<td>12 h.<\/td>\n<td>AIARA-ESTRIBACIONES<\/td>\n<td>Ayto. ZUIA\u00a0 (Murgu\u00eda)<\/td>\n<\/tr>\n<tr>\n<td>18 h.<\/td>\n<td>RIOJA ALAVESA-MONTA\u00d1A OESTE<\/td>\n<td>La Cuadrilla &#8211; Laguardia<\/td>\n<\/tr>\n<tr>\n<td rowspan=\"2\">20<\/td>\n<td rowspan=\"2\">jueves<\/td>\n<td>10 h.<\/td>\n<td>ARI\u00d1EZ-MATAUKO<\/td>\n<td>Ayto. Elburgo<\/td>\n<\/tr>\n<tr>\n<td>17 h.<\/td>\n<td>AGURAIN-MONTA\u00d1A ESTE<\/td>\n<td>Ayto. Agurain<\/td>\n<\/tr>\n<tr>\n<td rowspan=\"2\">25<\/td>\n<td rowspan=\"2\">martes<\/td>\n<td>10 h.<\/td>\n<td>VALLES ALAVESES<\/td>\n<td>Ayto. Lantar\u00f3n<\/td>\n<\/tr>\n<tr>\n<td>16 h.<\/td>\n<td>TREVI\u00d1O<\/td>\n<td>Ayto. Trevi\u00f1o<\/td>\n<\/tr>\n<\/tbody>\n<\/table>\n<p>En la comarca de Trevi\u00f1o adem\u00e1s se elegir\u00e1n los representantes de la comarca en la Junta Provincial.<\/p>\n<p>La participaci\u00f3n de todos es fundamental para conocer las distintas opiniones y llegar a un buen consenso en beneficio del sector en su conjunto.<\/p>\n<p><strong>AN\u00cdMATE A PARTICIPAR \u00a1\u00a1\u00a1<\/strong><\/p>\n","protected":false},"excerpt":{"rendered":"<p>El Reglamento de R\u00e9gimen Interno de UAGA establece el procedimiento de actuaci\u00f3n en cuanto a la celebraci\u00f3n del Congreso que se celebra cada cuatro a\u00f1os y que este a\u00f1o tendr\u00e1 lugar el 18 de diciembre. Para iniciar el proceso, te convocamos a las Asambleas Comarcales este mes de septiembre donde se elegir\u00e1n los delegados de [&hellip;]<\/p>\n","protected":false},"author":4,"featured_media":4414,"comment_status":"closed","ping_status":"closed","sticky":false,"template":"","format":"standard","meta":{"footnotes":""},"categories":[3],"tags":[],"yoast_head":"<!-- This site is optimized with the Yoast SEO plugin v21.5 - https:\/\/yoast.com\/wordpress\/plugins\/seo\/ -->\n<title>UAGA te convoca a las ASAMBLEAS COMARCALES de septiembre para organizar la celebraci\u00f3n del CONGRESO 2018 - UAGA<\/title>\n<meta name=\"robots\" content=\"index, follow, max-snippet:-1, max-image-preview:large, max-video-preview:-1\" \/>\n<link rel=\"canonical\" href=\"https:\/\/www.uaga.eus\/uaga-te-convoca-a-las-asambleas-comarcales-de-septiembre-para-organizar-la-celebracion-del-congreso-2018\/\" \/>\n<meta property=\"og:locale\" content=\"en_US\" \/>\n<meta property=\"og:type\" content=\"article\" \/>\n<meta property=\"og:title\" content=\"UAGA te convoca a las ASAMBLEAS COMARCALES de septiembre para organizar la celebraci\u00f3n del CONGRESO 2018 - UAGA\" \/>\n<meta property=\"og:description\" content=\"El Reglamento de R\u00e9gimen Interno de UAGA establece el procedimiento de actuaci\u00f3n en cuanto a la celebraci\u00f3n del Congreso que se celebra cada cuatro a\u00f1os y que este a\u00f1o tendr\u00e1 lugar el 18 de diciembre. Para iniciar el proceso, te convocamos a las Asambleas Comarcales este mes de septiembre donde se elegir\u00e1n los delegados de [&hellip;]\" \/>\n<meta property=\"og:url\" content=\"https:\/\/www.uaga.eus\/uaga-te-convoca-a-las-asambleas-comarcales-de-septiembre-para-organizar-la-celebracion-del-congreso-2018\/\" \/>\n<meta property=\"og:site_name\" content=\"UAGA\" \/>\n<meta property=\"article:published_time\" content=\"2018-09-14T11:28:18+00:00\" \/>\n<meta property=\"article:modified_time\" content=\"2018-09-14T13:07:53+00:00\" \/>\n<meta property=\"og:image\" content=\"https:\/\/www.uaga.eus\/wp-content\/uploads\/2018\/09\/Congreso-extraordinario-2015.jpg\" \/>\n\t<meta property=\"og:image:width\" content=\"3381\" \/>\n\t<meta property=\"og:image:height\" content=\"1957\" \/>\n\t<meta property=\"og:image:type\" content=\"image\/jpeg\" \/>\n<meta name=\"author\" content=\"Blanca S\u00e1nchez\" \/>\n<meta name=\"twitter:card\" content=\"summary_large_image\" \/>\n<meta name=\"twitter:label1\" content=\"Written by\" \/>\n\t<meta name=\"twitter:data1\" content=\"Blanca S\u00e1nchez\" \/>\n\t<meta name=\"twitter:label2\" content=\"Est. reading time\" \/>\n\t<meta name=\"twitter:data2\" content=\"1 minutua\" \/>\n<script type=\"application\/ld+json\" class=\"yoast-schema-graph\">{\"@context\":\"https:\/\/schema.org\",\"@graph\":[{\"@type\":\"WebPage\",\"@id\":\"https:\/\/www.uaga.eus\/uaga-te-convoca-a-las-asambleas-comarcales-de-septiembre-para-organizar-la-celebracion-del-congreso-2018\/\",\"url\":\"https:\/\/www.uaga.eus\/uaga-te-convoca-a-las-asambleas-comarcales-de-septiembre-para-organizar-la-celebracion-del-congreso-2018\/\",\"name\":\"UAGA te convoca a las ASAMBLEAS COMARCALES de septiembre para organizar la celebraci\u00f3n del CONGRESO 2018 - UAGA\",\"isPartOf\":{\"@id\":\"https:\/\/www.uaga.eus\/#website\"},\"datePublished\":\"2018-09-14T11:28:18+00:00\",\"dateModified\":\"2018-09-14T13:07:53+00:00\",\"author\":{\"@id\":\"https:\/\/www.uaga.eus\/#\/schema\/person\/48c3cbf0f33d1b788226dbb6518689cf\"},\"breadcrumb\":{\"@id\":\"https:\/\/www.uaga.eus\/uaga-te-convoca-a-las-asambleas-comarcales-de-septiembre-para-organizar-la-celebracion-del-congreso-2018\/#breadcrumb\"},\"inLanguage\":\"eu\",\"potentialAction\":[{\"@type\":\"ReadAction\",\"target\":[\"https:\/\/www.uaga.eus\/uaga-te-convoca-a-las-asambleas-comarcales-de-septiembre-para-organizar-la-celebracion-del-congreso-2018\/\"]}]},{\"@type\":\"BreadcrumbList\",\"@id\":\"https:\/\/www.uaga.eus\/uaga-te-convoca-a-las-asambleas-comarcales-de-septiembre-para-organizar-la-celebracion-del-congreso-2018\/#breadcrumb\",\"itemListElement\":[{\"@type\":\"ListItem\",\"position\":1,\"name\":\"Inicio\",\"item\":\"https:\/\/www.uaga.eus\/\"},{\"@type\":\"ListItem\",\"position\":2,\"name\":\"UAGA te convoca a las ASAMBLEAS COMARCALES de septiembre para organizar la celebraci\u00f3n del CONGRESO 2018\"}]},{\"@type\":\"WebSite\",\"@id\":\"https:\/\/www.uaga.eus\/#website\",\"url\":\"https:\/\/www.uaga.eus\/\",\"name\":\"UAGA\",\"description\":\"Uni\u00f3n Agroganadera de \u00c1lava - Araba Nekazarien Elkartea\",\"potentialAction\":[{\"@type\":\"SearchAction\",\"target\":{\"@type\":\"EntryPoint\",\"urlTemplate\":\"https:\/\/www.uaga.eus\/?s={search_term_string}\"},\"query-input\":\"required name=search_term_string\"}],\"inLanguage\":\"eu\"},{\"@type\":\"Person\",\"@id\":\"https:\/\/www.uaga.eus\/#\/schema\/person\/48c3cbf0f33d1b788226dbb6518689cf\",\"name\":\"Blanca S\u00e1nchez\",\"image\":{\"@type\":\"ImageObject\",\"inLanguage\":\"eu\",\"@id\":\"https:\/\/www.uaga.eus\/#\/schema\/person\/image\/\",\"url\":\"https:\/\/secure.gravatar.com\/avatar\/0dc91c20648254b1ce84877283f6751b?s=96&d=mm&r=g\",\"contentUrl\":\"https:\/\/secure.gravatar.com\/avatar\/0dc91c20648254b1ce84877283f6751b?s=96&d=mm&r=g\",\"caption\":\"Blanca S\u00e1nchez\"},\"url\":\"https:\/\/www.uaga.eus\/eu\/author\/bsanchez\/\"}]}<\/script>\n<!-- \/ Yoast SEO plugin. -->","yoast_head_json":{"title":"UAGA te convoca a las ASAMBLEAS COMARCALES de septiembre para organizar la celebraci\u00f3n del CONGRESO 2018 - UAGA","robots":{"index":"index","follow":"follow","max-snippet":"max-snippet:-1","max-image-preview":"max-image-preview:large","max-video-preview":"max-video-preview:-1"},"canonical":"https:\/\/www.uaga.eus\/uaga-te-convoca-a-las-asambleas-comarcales-de-septiembre-para-organizar-la-celebracion-del-congreso-2018\/","og_locale":"en_US","og_type":"article","og_title":"UAGA te convoca a las ASAMBLEAS COMARCALES de septiembre para organizar la celebraci\u00f3n del CONGRESO 2018 - UAGA","og_description":"El Reglamento de R\u00e9gimen Interno de UAGA establece el procedimiento de actuaci\u00f3n en cuanto a la celebraci\u00f3n del Congreso que se celebra cada cuatro a\u00f1os y que este a\u00f1o tendr\u00e1 lugar el 18 de diciembre. Para iniciar el proceso, te convocamos a las Asambleas Comarcales este mes de septiembre donde se elegir\u00e1n los delegados de [&hellip;]","og_url":"https:\/\/www.uaga.eus\/uaga-te-convoca-a-las-asambleas-comarcales-de-septiembre-para-organizar-la-celebracion-del-congreso-2018\/","og_site_name":"UAGA","article_published_time":"2018-09-14T11:28:18+00:00","article_modified_time":"2018-09-14T13:07:53+00:00","og_image":[{"width":3381,"height":1957,"url":"https:\/\/www.uaga.eus\/wp-content\/uploads\/2018\/09\/Congreso-extraordinario-2015.jpg","type":"image\/jpeg"}],"author":"Blanca S\u00e1nchez","twitter_card":"summary_large_image","twitter_misc":{"Written by":"Blanca S\u00e1nchez","Est. reading time":"1 minutua"},"schema":{"@context":"https:\/\/schema.org","@graph":[{"@type":"WebPage","@id":"https:\/\/www.uaga.eus\/uaga-te-convoca-a-las-asambleas-comarcales-de-septiembre-para-organizar-la-celebracion-del-congreso-2018\/","url":"https:\/\/www.uaga.eus\/uaga-te-convoca-a-las-asambleas-comarcales-de-septiembre-para-organizar-la-celebracion-del-congreso-2018\/","name":"UAGA te convoca a las ASAMBLEAS COMARCALES de septiembre para organizar la celebraci\u00f3n del CONGRESO 2018 - UAGA","isPartOf":{"@id":"https:\/\/www.uaga.eus\/#website"},"datePublished":"2018-09-14T11:28:18+00:00","dateModified":"2018-09-14T13:07:53+00:00","author":{"@id":"https:\/\/www.uaga.eus\/#\/schema\/person\/48c3cbf0f33d1b788226dbb6518689cf"},"breadcrumb":{"@id":"https:\/\/www.uaga.eus\/uaga-te-convoca-a-las-asambleas-comarcales-de-septiembre-para-organizar-la-celebracion-del-congreso-2018\/#breadcrumb"},"inLanguage":"eu","potentialAction":[{"@type":"ReadAction","target":["https:\/\/www.uaga.eus\/uaga-te-convoca-a-las-asambleas-comarcales-de-septiembre-para-organizar-la-celebracion-del-congreso-2018\/"]}]},{"@type":"BreadcrumbList","@id":"https:\/\/www.uaga.eus\/uaga-te-convoca-a-las-asambleas-comarcales-de-septiembre-para-organizar-la-celebracion-del-congreso-2018\/#breadcrumb","itemListElement":[{"@type":"ListItem","position":1,"name":"Inicio","item":"https:\/\/www.uaga.eus\/"},{"@type":"ListItem","position":2,"name":"UAGA te convoca a las ASAMBLEAS COMARCALES de septiembre para organizar la celebraci\u00f3n del CONGRESO 2018"}]},{"@type":"WebSite","@id":"https:\/\/www.uaga.eus\/#website","url":"https:\/\/www.uaga.eus\/","name":"UAGA","description":"Uni\u00f3n Agroganadera de \u00c1lava - Araba Nekazarien Elkartea","potentialAction":[{"@type":"SearchAction","target":{"@type":"EntryPoint","urlTemplate":"https:\/\/www.uaga.eus\/?s={search_term_string}"},"query-input":"required name=search_term_string"}],"inLanguage":"eu"},{"@type":"Person","@id":"https:\/\/www.uaga.eus\/#\/schema\/person\/48c3cbf0f33d1b788226dbb6518689cf","name":"Blanca S\u00e1nchez","image":{"@type":"ImageObject","inLanguage":"eu","@id":"https:\/\/www.uaga.eus\/#\/schema\/person\/image\/","url":"https:\/\/secure.gravatar.com\/avatar\/0dc91c20648254b1ce84877283f6751b?s=96&d=mm&r=g","contentUrl":"https:\/\/secure.gravatar.com\/avatar\/0dc91c20648254b1ce84877283f6751b?s=96&d=mm&r=g","caption":"Blanca S\u00e1nchez"},"url":"https:\/\/www.uaga.eus\/eu\/author\/bsanchez\/"}]}},"_links":{"self":[{"href":"https:\/\/www.uaga.eus\/eu\/wp-json\/wp\/v2\/posts\/4416"}],"collection":[{"href":"https:\/\/www.uaga.eus\/eu\/wp-json\/wp\/v2\/posts"}],"about":[{"href":"https:\/\/www.uaga.eus\/eu\/wp-json\/wp\/v2\/types\/post"}],"author":[{"embeddable":true,"href":"https:\/\/www.uaga.eus\/eu\/wp-json\/wp\/v2\/users\/4"}],"replies":[{"embeddable":true,"href":"https:\/\/www.uaga.eus\/eu\/wp-json\/wp\/v2\/comments?post=4416"}],"version-history":[{"count":2,"href":"https:\/\/www.uaga.eus\/eu\/wp-json\/wp\/v2\/posts\/4416\/revisions"}],"predecessor-version":[{"id":4436,"href":"https:\/\/www.uaga.eus\/eu\/wp-json\/wp\/v2\/posts\/4416\/revisions\/4436"}],"wp:featuredmedia":[{"embeddable":true,"href":"https:\/\/www.uaga.eus\/eu\/wp-json\/wp\/v2\/media\/4414"}],"wp:attachment":[{"href":"https:\/\/www.uaga.eus\/eu\/wp-json\/wp\/v2\/media?parent=4416"}],"wp:term":[{"taxonomy":"category","embeddable":true,"href":"https:\/\/www.uaga.eus\/eu\/wp-json\/wp\/v2\/categories?post=4416"},{"taxonomy":"post_tag","embeddable":true,"href":"https:\/\/www.uaga.eus\/eu\/wp-json\/wp\/v2\/tags?post=4416"}],"curies":[{"name":"wp","href":"https:\/\/api.w.org\/{rel}","templated":true}]}}