{"id":4413,"date":"2018-09-14T11:32:59","date_gmt":"2018-09-14T11:32:59","guid":{"rendered":"https:\/\/www.uaga.eus\/?p=4413"},"modified":"2018-09-14T13:25:22","modified_gmt":"2018-09-14T13:25:22","slug":"uaga-ha-celebrado-esta-semana-una-junta-provincial","status":"publish","type":"post","link":"https:\/\/www.uaga.eus\/eu\/uaga-ha-celebrado-esta-semana-una-junta-provincial\/","title":{"rendered":"UAGA ha celebrado esta semana una JUNTA PROVINCIAL"},"content":{"rendered":"<p>Esta semana UAGA ha celebrado una Junta Provincial principalmente para planificar el pr\u00f3ximo Congreso de UAGA, que tendr\u00e1 lugar el 18 de diciembre. Se ha debatido el contenido de las ponencias y la sistem\u00e1tica para la celebraci\u00f3n del Congreso, convocando Asambleas Comarcales para elegir los delegados de cada comarca.<\/p>\n<p>En la Junta Provincial se han tratado otros asuntos como la apertura del proceso de selecci\u00f3n de un t\u00e9cnico agrario para integrar la plantilla de UAGA, se ha informado sobre los acuerdos tomados en el Consejo de EHNE, se trat\u00f3 la problem\u00e1tica del lobo y de los jabal\u00edes, el inicio de las campa\u00f1as de ma\u00edz, patata y vendimia.<\/p>\n<p>Un tema importante es la puesta en marcha de las Asambleas Sectoriales de manera sistem\u00e1tica, algunas ya iniciadas como las de ovino de leche, y las habituales como las de remolacha y vitivinicultura.<\/p>\n","protected":false},"excerpt":{"rendered":"<p>Esta semana UAGA ha celebrado una Junta Provincial principalmente para planificar el pr\u00f3ximo Congreso de UAGA, que tendr\u00e1 lugar el 18 de diciembre. Se ha debatido el contenido de las ponencias y la sistem\u00e1tica para la celebraci\u00f3n del Congreso, convocando Asambleas Comarcales para elegir los delegados de cada comarca. En la Junta Provincial se han [&hellip;]<\/p>\n","protected":false},"author":4,"featured_media":4423,"comment_status":"closed","ping_status":"closed","sticky":false,"template":"","format":"standard","meta":{"footnotes":""},"categories":[3],"tags":[],"yoast_head":"<!-- This site is optimized with the Yoast SEO plugin v21.5 - https:\/\/yoast.com\/wordpress\/plugins\/seo\/ -->\n<title>UAGA ha celebrado esta semana una JUNTA PROVINCIAL - UAGA<\/title>\n<meta name=\"robots\" content=\"index, follow, max-snippet:-1, max-image-preview:large, max-video-preview:-1\" \/>\n<link rel=\"canonical\" href=\"https:\/\/www.uaga.eus\/uaga-ha-celebrado-esta-semana-una-junta-provincial\/\" \/>\n<meta property=\"og:locale\" content=\"en_US\" \/>\n<meta property=\"og:type\" content=\"article\" \/>\n<meta property=\"og:title\" content=\"UAGA ha celebrado esta semana una JUNTA PROVINCIAL - UAGA\" \/>\n<meta property=\"og:description\" content=\"Esta semana UAGA ha celebrado una Junta Provincial principalmente para planificar el pr\u00f3ximo Congreso de UAGA, que tendr\u00e1 lugar el 18 de diciembre. Se ha debatido el contenido de las ponencias y la sistem\u00e1tica para la celebraci\u00f3n del Congreso, convocando Asambleas Comarcales para elegir los delegados de cada comarca. En la Junta Provincial se han [&hellip;]\" \/>\n<meta property=\"og:url\" content=\"https:\/\/www.uaga.eus\/uaga-ha-celebrado-esta-semana-una-junta-provincial\/\" \/>\n<meta property=\"og:site_name\" content=\"UAGA\" \/>\n<meta property=\"article:published_time\" content=\"2018-09-14T11:32:59+00:00\" \/>\n<meta property=\"article:modified_time\" content=\"2018-09-14T13:25:22+00:00\" \/>\n<meta property=\"og:image\" content=\"https:\/\/www.uaga.eus\/wp-content\/uploads\/2018\/09\/LOGO-UAGA.jpg\" \/>\n\t<meta property=\"og:image:width\" content=\"350\" \/>\n\t<meta property=\"og:image:height\" content=\"260\" \/>\n\t<meta property=\"og:image:type\" content=\"image\/jpeg\" \/>\n<meta name=\"author\" content=\"Blanca S\u00e1nchez\" \/>\n<meta name=\"twitter:card\" content=\"summary_large_image\" \/>\n<meta name=\"twitter:label1\" content=\"Written by\" \/>\n\t<meta name=\"twitter:data1\" content=\"Blanca S\u00e1nchez\" \/>\n\t<meta name=\"twitter:label2\" content=\"Est. reading time\" \/>\n\t<meta name=\"twitter:data2\" content=\"1 minutua\" \/>\n<script type=\"application\/ld+json\" class=\"yoast-schema-graph\">{\"@context\":\"https:\/\/schema.org\",\"@graph\":[{\"@type\":\"WebPage\",\"@id\":\"https:\/\/www.uaga.eus\/uaga-ha-celebrado-esta-semana-una-junta-provincial\/\",\"url\":\"https:\/\/www.uaga.eus\/uaga-ha-celebrado-esta-semana-una-junta-provincial\/\",\"name\":\"UAGA ha celebrado esta semana una JUNTA PROVINCIAL - UAGA\",\"isPartOf\":{\"@id\":\"https:\/\/www.uaga.eus\/#website\"},\"datePublished\":\"2018-09-14T11:32:59+00:00\",\"dateModified\":\"2018-09-14T13:25:22+00:00\",\"author\":{\"@id\":\"https:\/\/www.uaga.eus\/#\/schema\/person\/48c3cbf0f33d1b788226dbb6518689cf\"},\"breadcrumb\":{\"@id\":\"https:\/\/www.uaga.eus\/uaga-ha-celebrado-esta-semana-una-junta-provincial\/#breadcrumb\"},\"inLanguage\":\"eu\",\"potentialAction\":[{\"@type\":\"ReadAction\",\"target\":[\"https:\/\/www.uaga.eus\/uaga-ha-celebrado-esta-semana-una-junta-provincial\/\"]}]},{\"@type\":\"BreadcrumbList\",\"@id\":\"https:\/\/www.uaga.eus\/uaga-ha-celebrado-esta-semana-una-junta-provincial\/#breadcrumb\",\"itemListElement\":[{\"@type\":\"ListItem\",\"position\":1,\"name\":\"Inicio\",\"item\":\"https:\/\/www.uaga.eus\/\"},{\"@type\":\"ListItem\",\"position\":2,\"name\":\"UAGA ha celebrado esta semana una JUNTA PROVINCIAL\"}]},{\"@type\":\"WebSite\",\"@id\":\"https:\/\/www.uaga.eus\/#website\",\"url\":\"https:\/\/www.uaga.eus\/\",\"name\":\"UAGA\",\"description\":\"Uni\u00f3n Agroganadera de \u00c1lava - Araba Nekazarien Elkartea\",\"potentialAction\":[{\"@type\":\"SearchAction\",\"target\":{\"@type\":\"EntryPoint\",\"urlTemplate\":\"https:\/\/www.uaga.eus\/?s={search_term_string}\"},\"query-input\":\"required name=search_term_string\"}],\"inLanguage\":\"eu\"},{\"@type\":\"Person\",\"@id\":\"https:\/\/www.uaga.eus\/#\/schema\/person\/48c3cbf0f33d1b788226dbb6518689cf\",\"name\":\"Blanca S\u00e1nchez\",\"image\":{\"@type\":\"ImageObject\",\"inLanguage\":\"eu\",\"@id\":\"https:\/\/www.uaga.eus\/#\/schema\/person\/image\/\",\"url\":\"https:\/\/secure.gravatar.com\/avatar\/0dc91c20648254b1ce84877283f6751b?s=96&d=mm&r=g\",\"contentUrl\":\"https:\/\/secure.gravatar.com\/avatar\/0dc91c20648254b1ce84877283f6751b?s=96&d=mm&r=g\",\"caption\":\"Blanca S\u00e1nchez\"},\"url\":\"https:\/\/www.uaga.eus\/eu\/author\/bsanchez\/\"}]}<\/script>\n<!-- \/ Yoast SEO plugin. -->","yoast_head_json":{"title":"UAGA ha celebrado esta semana una JUNTA PROVINCIAL - UAGA","robots":{"index":"index","follow":"follow","max-snippet":"max-snippet:-1","max-image-preview":"max-image-preview:large","max-video-preview":"max-video-preview:-1"},"canonical":"https:\/\/www.uaga.eus\/uaga-ha-celebrado-esta-semana-una-junta-provincial\/","og_locale":"en_US","og_type":"article","og_title":"UAGA ha celebrado esta semana una JUNTA PROVINCIAL - UAGA","og_description":"Esta semana UAGA ha celebrado una Junta Provincial principalmente para planificar el pr\u00f3ximo Congreso de UAGA, que tendr\u00e1 lugar el 18 de diciembre. Se ha debatido el contenido de las ponencias y la sistem\u00e1tica para la celebraci\u00f3n del Congreso, convocando Asambleas Comarcales para elegir los delegados de cada comarca. En la Junta Provincial se han [&hellip;]","og_url":"https:\/\/www.uaga.eus\/uaga-ha-celebrado-esta-semana-una-junta-provincial\/","og_site_name":"UAGA","article_published_time":"2018-09-14T11:32:59+00:00","article_modified_time":"2018-09-14T13:25:22+00:00","og_image":[{"width":350,"height":260,"url":"https:\/\/www.uaga.eus\/wp-content\/uploads\/2018\/09\/LOGO-UAGA.jpg","type":"image\/jpeg"}],"author":"Blanca S\u00e1nchez","twitter_card":"summary_large_image","twitter_misc":{"Written by":"Blanca S\u00e1nchez","Est. reading time":"1 minutua"},"schema":{"@context":"https:\/\/schema.org","@graph":[{"@type":"WebPage","@id":"https:\/\/www.uaga.eus\/uaga-ha-celebrado-esta-semana-una-junta-provincial\/","url":"https:\/\/www.uaga.eus\/uaga-ha-celebrado-esta-semana-una-junta-provincial\/","name":"UAGA ha celebrado esta semana una JUNTA PROVINCIAL - UAGA","isPartOf":{"@id":"https:\/\/www.uaga.eus\/#website"},"datePublished":"2018-09-14T11:32:59+00:00","dateModified":"2018-09-14T13:25:22+00:00","author":{"@id":"https:\/\/www.uaga.eus\/#\/schema\/person\/48c3cbf0f33d1b788226dbb6518689cf"},"breadcrumb":{"@id":"https:\/\/www.uaga.eus\/uaga-ha-celebrado-esta-semana-una-junta-provincial\/#breadcrumb"},"inLanguage":"eu","potentialAction":[{"@type":"ReadAction","target":["https:\/\/www.uaga.eus\/uaga-ha-celebrado-esta-semana-una-junta-provincial\/"]}]},{"@type":"BreadcrumbList","@id":"https:\/\/www.uaga.eus\/uaga-ha-celebrado-esta-semana-una-junta-provincial\/#breadcrumb","itemListElement":[{"@type":"ListItem","position":1,"name":"Inicio","item":"https:\/\/www.uaga.eus\/"},{"@type":"ListItem","position":2,"name":"UAGA ha celebrado esta semana una JUNTA PROVINCIAL"}]},{"@type":"WebSite","@id":"https:\/\/www.uaga.eus\/#website","url":"https:\/\/www.uaga.eus\/","name":"UAGA","description":"Uni\u00f3n Agroganadera de \u00c1lava - Araba Nekazarien Elkartea","potentialAction":[{"@type":"SearchAction","target":{"@type":"EntryPoint","urlTemplate":"https:\/\/www.uaga.eus\/?s={search_term_string}"},"query-input":"required name=search_term_string"}],"inLanguage":"eu"},{"@type":"Person","@id":"https:\/\/www.uaga.eus\/#\/schema\/person\/48c3cbf0f33d1b788226dbb6518689cf","name":"Blanca S\u00e1nchez","image":{"@type":"ImageObject","inLanguage":"eu","@id":"https:\/\/www.uaga.eus\/#\/schema\/person\/image\/","url":"https:\/\/secure.gravatar.com\/avatar\/0dc91c20648254b1ce84877283f6751b?s=96&d=mm&r=g","contentUrl":"https:\/\/secure.gravatar.com\/avatar\/0dc91c20648254b1ce84877283f6751b?s=96&d=mm&r=g","caption":"Blanca S\u00e1nchez"},"url":"https:\/\/www.uaga.eus\/eu\/author\/bsanchez\/"}]}},"_links":{"self":[{"href":"https:\/\/www.uaga.eus\/eu\/wp-json\/wp\/v2\/posts\/4413"}],"collection":[{"href":"https:\/\/www.uaga.eus\/eu\/wp-json\/wp\/v2\/posts"}],"about":[{"href":"https:\/\/www.uaga.eus\/eu\/wp-json\/wp\/v2\/types\/post"}],"author":[{"embeddable":true,"href":"https:\/\/www.uaga.eus\/eu\/wp-json\/wp\/v2\/users\/4"}],"replies":[{"embeddable":true,"href":"https:\/\/www.uaga.eus\/eu\/wp-json\/wp\/v2\/comments?post=4413"}],"version-history":[{"count":1,"href":"https:\/\/www.uaga.eus\/eu\/wp-json\/wp\/v2\/posts\/4413\/revisions"}],"predecessor-version":[{"id":4415,"href":"https:\/\/www.uaga.eus\/eu\/wp-json\/wp\/v2\/posts\/4413\/revisions\/4415"}],"wp:featuredmedia":[{"embeddable":true,"href":"https:\/\/www.uaga.eus\/eu\/wp-json\/wp\/v2\/media\/4423"}],"wp:attachment":[{"href":"https:\/\/www.uaga.eus\/eu\/wp-json\/wp\/v2\/media?parent=4413"}],"wp:term":[{"taxonomy":"category","embeddable":true,"href":"https:\/\/www.uaga.eus\/eu\/wp-json\/wp\/v2\/categories?post=4413"},{"taxonomy":"post_tag","embeddable":true,"href":"https:\/\/www.uaga.eus\/eu\/wp-json\/wp\/v2\/tags?post=4413"}],"curies":[{"name":"wp","href":"https:\/\/api.w.org\/{rel}","templated":true}]}}