{"id":4407,"date":"2018-09-14T11:17:53","date_gmt":"2018-09-14T11:17:53","guid":{"rendered":"https:\/\/www.uaga.eus\/?p=4407"},"modified":"2018-09-14T11:49:33","modified_gmt":"2018-09-14T11:49:33","slug":"ras-las-alegaciones-de-uaga-los-caserios-no-deben-pasar-la-inspeccion-tecnica-de-edificios-ite","status":"publish","type":"post","link":"https:\/\/www.uaga.eus\/eu\/ras-las-alegaciones-de-uaga-los-caserios-no-deben-pasar-la-inspeccion-tecnica-de-edificios-ite\/","title":{"rendered":"Tras las alegaciones de UAGA, los caser\u00edos no deben pasar la inspecci\u00f3n t\u00e9cnica de edificios, ITE"},"content":{"rendered":"<p>El Gobierno Vasco acaba de publicar el\u00a0Decreto 117\/ 2018 que regula la Inspecci\u00f3n T\u00e9cnica de Edificios (ITE), habiendo aceptado la alegaci\u00f3n que present\u00f3 UAGA, a\u00a0trav\u00e9s de Ehne, por la que los\u00a0caser\u00edos\u00a0no tendr\u00e1n que pasar la ITE en la CAPV.<\/p>\n<p>En el decreto se especifica que no deben realizar la inspecci\u00f3n aquellas explotaciones que est\u00e9n inscritas en el Registro de Explotaciones Agrarias o ganaderas del Pa\u00eds Vasco.<\/p>\n<p>Por otro lado, el Decreto recoge que los edificios de uso residencial unifamilliar que no tengan fachada a v\u00eda o espacio de uso p\u00fablico \u201cdeber\u00e1n presentar el informe de inspecci\u00f3n t\u00e9cnica ante el ayuntamiento a requerimiento de \u00e9ste\u201d.<\/p>\n<p>Puedes consultar el decreto\u00a0<a href=\"https:\/\/www.euskadi.eus\/y22-bopv\/es\/bopv2\/datos\/2018\/09\/1804416a.pdf\">aqu\u00ed<\/a>.<\/p>\n<p>+ Info Yolanda: 615 779 584<\/p>\n","protected":false},"excerpt":{"rendered":"<p>El Gobierno Vasco acaba de publicar el\u00a0Decreto 117\/ 2018 que regula la Inspecci\u00f3n T\u00e9cnica de Edificios (ITE), habiendo aceptado la alegaci\u00f3n que present\u00f3 UAGA, a\u00a0trav\u00e9s de Ehne, por la que los\u00a0caser\u00edos\u00a0no tendr\u00e1n que pasar la ITE en la CAPV. En el decreto se especifica que no deben realizar la inspecci\u00f3n aquellas explotaciones que est\u00e9n inscritas [&hellip;]<\/p>\n","protected":false},"author":4,"featured_media":4408,"comment_status":"closed","ping_status":"closed","sticky":false,"template":"","format":"standard","meta":{"footnotes":""},"categories":[37,11],"tags":[],"yoast_head":"<!-- This site is optimized with the Yoast SEO plugin v21.5 - https:\/\/yoast.com\/wordpress\/plugins\/seo\/ -->\n<title>Tras las alegaciones de UAGA, los caser\u00edos no deben pasar la inspecci\u00f3n t\u00e9cnica de edificios, ITE - UAGA<\/title>\n<meta name=\"robots\" content=\"index, follow, max-snippet:-1, max-image-preview:large, max-video-preview:-1\" \/>\n<link rel=\"canonical\" href=\"https:\/\/www.uaga.eus\/eu\/ras-las-alegaciones-de-uaga-los-caserios-no-deben-pasar-la-inspeccion-tecnica-de-edificios-ite\/\" \/>\n<meta property=\"og:locale\" content=\"en_US\" \/>\n<meta property=\"og:type\" content=\"article\" \/>\n<meta property=\"og:title\" content=\"Tras las alegaciones de UAGA, los caser\u00edos no deben pasar la inspecci\u00f3n t\u00e9cnica de edificios, ITE - UAGA\" \/>\n<meta property=\"og:description\" content=\"El Gobierno Vasco acaba de publicar el\u00a0Decreto 117\/ 2018 que regula la Inspecci\u00f3n T\u00e9cnica de Edificios (ITE), habiendo aceptado la alegaci\u00f3n que present\u00f3 UAGA, a\u00a0trav\u00e9s de Ehne, por la que los\u00a0caser\u00edos\u00a0no tendr\u00e1n que pasar la ITE en la CAPV. En el decreto se especifica que no deben realizar la inspecci\u00f3n aquellas explotaciones que est\u00e9n inscritas [&hellip;]\" \/>\n<meta property=\"og:url\" content=\"https:\/\/www.uaga.eus\/eu\/ras-las-alegaciones-de-uaga-los-caserios-no-deben-pasar-la-inspeccion-tecnica-de-edificios-ite\/\" \/>\n<meta property=\"og:site_name\" content=\"UAGA\" \/>\n<meta property=\"article:published_time\" content=\"2018-09-14T11:17:53+00:00\" \/>\n<meta property=\"article:modified_time\" content=\"2018-09-14T11:49:33+00:00\" \/>\n<meta property=\"og:image\" content=\"https:\/\/www.uaga.eus\/wp-content\/uploads\/2018\/09\/caserio-y-ovejas-e1536923846669.jpg\" \/>\n\t<meta property=\"og:image:width\" content=\"699\" \/>\n\t<meta property=\"og:image:height\" content=\"355\" \/>\n\t<meta property=\"og:image:type\" content=\"image\/jpeg\" \/>\n<meta name=\"author\" content=\"Blanca S\u00e1nchez\" \/>\n<meta name=\"twitter:card\" content=\"summary_large_image\" \/>\n<meta name=\"twitter:label1\" content=\"Written by\" \/>\n\t<meta name=\"twitter:data1\" content=\"Blanca S\u00e1nchez\" \/>\n\t<meta name=\"twitter:label2\" content=\"Est. reading time\" \/>\n\t<meta name=\"twitter:data2\" content=\"1 minutua\" \/>\n<script type=\"application\/ld+json\" class=\"yoast-schema-graph\">{\"@context\":\"https:\/\/schema.org\",\"@graph\":[{\"@type\":\"WebPage\",\"@id\":\"https:\/\/www.uaga.eus\/eu\/ras-las-alegaciones-de-uaga-los-caserios-no-deben-pasar-la-inspeccion-tecnica-de-edificios-ite\/\",\"url\":\"https:\/\/www.uaga.eus\/eu\/ras-las-alegaciones-de-uaga-los-caserios-no-deben-pasar-la-inspeccion-tecnica-de-edificios-ite\/\",\"name\":\"Tras las alegaciones de UAGA, los caser\u00edos no deben pasar la inspecci\u00f3n t\u00e9cnica de edificios, ITE - UAGA\",\"isPartOf\":{\"@id\":\"https:\/\/www.uaga.eus\/#website\"},\"datePublished\":\"2018-09-14T11:17:53+00:00\",\"dateModified\":\"2018-09-14T11:49:33+00:00\",\"author\":{\"@id\":\"https:\/\/www.uaga.eus\/#\/schema\/person\/48c3cbf0f33d1b788226dbb6518689cf\"},\"breadcrumb\":{\"@id\":\"https:\/\/www.uaga.eus\/eu\/ras-las-alegaciones-de-uaga-los-caserios-no-deben-pasar-la-inspeccion-tecnica-de-edificios-ite\/#breadcrumb\"},\"inLanguage\":\"eu\",\"potentialAction\":[{\"@type\":\"ReadAction\",\"target\":[\"https:\/\/www.uaga.eus\/eu\/ras-las-alegaciones-de-uaga-los-caserios-no-deben-pasar-la-inspeccion-tecnica-de-edificios-ite\/\"]}]},{\"@type\":\"BreadcrumbList\",\"@id\":\"https:\/\/www.uaga.eus\/eu\/ras-las-alegaciones-de-uaga-los-caserios-no-deben-pasar-la-inspeccion-tecnica-de-edificios-ite\/#breadcrumb\",\"itemListElement\":[{\"@type\":\"ListItem\",\"position\":1,\"name\":\"Inicio\",\"item\":\"https:\/\/www.uaga.eus\/\"},{\"@type\":\"ListItem\",\"position\":2,\"name\":\"Tras las alegaciones de UAGA, los caser\u00edos no deben pasar la inspecci\u00f3n t\u00e9cnica de edificios, ITE\"}]},{\"@type\":\"WebSite\",\"@id\":\"https:\/\/www.uaga.eus\/#website\",\"url\":\"https:\/\/www.uaga.eus\/\",\"name\":\"UAGA\",\"description\":\"Uni\u00f3n Agroganadera de \u00c1lava - Araba Nekazarien Elkartea\",\"potentialAction\":[{\"@type\":\"SearchAction\",\"target\":{\"@type\":\"EntryPoint\",\"urlTemplate\":\"https:\/\/www.uaga.eus\/?s={search_term_string}\"},\"query-input\":\"required name=search_term_string\"}],\"inLanguage\":\"eu\"},{\"@type\":\"Person\",\"@id\":\"https:\/\/www.uaga.eus\/#\/schema\/person\/48c3cbf0f33d1b788226dbb6518689cf\",\"name\":\"Blanca S\u00e1nchez\",\"image\":{\"@type\":\"ImageObject\",\"inLanguage\":\"eu\",\"@id\":\"https:\/\/www.uaga.eus\/#\/schema\/person\/image\/\",\"url\":\"https:\/\/secure.gravatar.com\/avatar\/0dc91c20648254b1ce84877283f6751b?s=96&d=mm&r=g\",\"contentUrl\":\"https:\/\/secure.gravatar.com\/avatar\/0dc91c20648254b1ce84877283f6751b?s=96&d=mm&r=g\",\"caption\":\"Blanca S\u00e1nchez\"},\"url\":\"https:\/\/www.uaga.eus\/eu\/author\/bsanchez\/\"}]}<\/script>\n<!-- \/ Yoast SEO plugin. -->","yoast_head_json":{"title":"Tras las alegaciones de UAGA, los caser\u00edos no deben pasar la inspecci\u00f3n t\u00e9cnica de edificios, ITE - UAGA","robots":{"index":"index","follow":"follow","max-snippet":"max-snippet:-1","max-image-preview":"max-image-preview:large","max-video-preview":"max-video-preview:-1"},"canonical":"https:\/\/www.uaga.eus\/eu\/ras-las-alegaciones-de-uaga-los-caserios-no-deben-pasar-la-inspeccion-tecnica-de-edificios-ite\/","og_locale":"en_US","og_type":"article","og_title":"Tras las alegaciones de UAGA, los caser\u00edos no deben pasar la inspecci\u00f3n t\u00e9cnica de edificios, ITE - UAGA","og_description":"El Gobierno Vasco acaba de publicar el\u00a0Decreto 117\/ 2018 que regula la Inspecci\u00f3n T\u00e9cnica de Edificios (ITE), habiendo aceptado la alegaci\u00f3n que present\u00f3 UAGA, a\u00a0trav\u00e9s de Ehne, por la que los\u00a0caser\u00edos\u00a0no tendr\u00e1n que pasar la ITE en la CAPV. En el decreto se especifica que no deben realizar la inspecci\u00f3n aquellas explotaciones que est\u00e9n inscritas [&hellip;]","og_url":"https:\/\/www.uaga.eus\/eu\/ras-las-alegaciones-de-uaga-los-caserios-no-deben-pasar-la-inspeccion-tecnica-de-edificios-ite\/","og_site_name":"UAGA","article_published_time":"2018-09-14T11:17:53+00:00","article_modified_time":"2018-09-14T11:49:33+00:00","og_image":[{"width":699,"height":355,"url":"https:\/\/www.uaga.eus\/wp-content\/uploads\/2018\/09\/caserio-y-ovejas-e1536923846669.jpg","type":"image\/jpeg"}],"author":"Blanca S\u00e1nchez","twitter_card":"summary_large_image","twitter_misc":{"Written by":"Blanca S\u00e1nchez","Est. reading time":"1 minutua"},"schema":{"@context":"https:\/\/schema.org","@graph":[{"@type":"WebPage","@id":"https:\/\/www.uaga.eus\/eu\/ras-las-alegaciones-de-uaga-los-caserios-no-deben-pasar-la-inspeccion-tecnica-de-edificios-ite\/","url":"https:\/\/www.uaga.eus\/eu\/ras-las-alegaciones-de-uaga-los-caserios-no-deben-pasar-la-inspeccion-tecnica-de-edificios-ite\/","name":"Tras las alegaciones de UAGA, los caser\u00edos no deben pasar la inspecci\u00f3n t\u00e9cnica de edificios, ITE - UAGA","isPartOf":{"@id":"https:\/\/www.uaga.eus\/#website"},"datePublished":"2018-09-14T11:17:53+00:00","dateModified":"2018-09-14T11:49:33+00:00","author":{"@id":"https:\/\/www.uaga.eus\/#\/schema\/person\/48c3cbf0f33d1b788226dbb6518689cf"},"breadcrumb":{"@id":"https:\/\/www.uaga.eus\/eu\/ras-las-alegaciones-de-uaga-los-caserios-no-deben-pasar-la-inspeccion-tecnica-de-edificios-ite\/#breadcrumb"},"inLanguage":"eu","potentialAction":[{"@type":"ReadAction","target":["https:\/\/www.uaga.eus\/eu\/ras-las-alegaciones-de-uaga-los-caserios-no-deben-pasar-la-inspeccion-tecnica-de-edificios-ite\/"]}]},{"@type":"BreadcrumbList","@id":"https:\/\/www.uaga.eus\/eu\/ras-las-alegaciones-de-uaga-los-caserios-no-deben-pasar-la-inspeccion-tecnica-de-edificios-ite\/#breadcrumb","itemListElement":[{"@type":"ListItem","position":1,"name":"Inicio","item":"https:\/\/www.uaga.eus\/"},{"@type":"ListItem","position":2,"name":"Tras las alegaciones de UAGA, los caser\u00edos no deben pasar la inspecci\u00f3n t\u00e9cnica de edificios, ITE"}]},{"@type":"WebSite","@id":"https:\/\/www.uaga.eus\/#website","url":"https:\/\/www.uaga.eus\/","name":"UAGA","description":"Uni\u00f3n Agroganadera de \u00c1lava - Araba Nekazarien Elkartea","potentialAction":[{"@type":"SearchAction","target":{"@type":"EntryPoint","urlTemplate":"https:\/\/www.uaga.eus\/?s={search_term_string}"},"query-input":"required name=search_term_string"}],"inLanguage":"eu"},{"@type":"Person","@id":"https:\/\/www.uaga.eus\/#\/schema\/person\/48c3cbf0f33d1b788226dbb6518689cf","name":"Blanca S\u00e1nchez","image":{"@type":"ImageObject","inLanguage":"eu","@id":"https:\/\/www.uaga.eus\/#\/schema\/person\/image\/","url":"https:\/\/secure.gravatar.com\/avatar\/0dc91c20648254b1ce84877283f6751b?s=96&d=mm&r=g","contentUrl":"https:\/\/secure.gravatar.com\/avatar\/0dc91c20648254b1ce84877283f6751b?s=96&d=mm&r=g","caption":"Blanca S\u00e1nchez"},"url":"https:\/\/www.uaga.eus\/eu\/author\/bsanchez\/"}]}},"_links":{"self":[{"href":"https:\/\/www.uaga.eus\/eu\/wp-json\/wp\/v2\/posts\/4407"}],"collection":[{"href":"https:\/\/www.uaga.eus\/eu\/wp-json\/wp\/v2\/posts"}],"about":[{"href":"https:\/\/www.uaga.eus\/eu\/wp-json\/wp\/v2\/types\/post"}],"author":[{"embeddable":true,"href":"https:\/\/www.uaga.eus\/eu\/wp-json\/wp\/v2\/users\/4"}],"replies":[{"embeddable":true,"href":"https:\/\/www.uaga.eus\/eu\/wp-json\/wp\/v2\/comments?post=4407"}],"version-history":[{"count":3,"href":"https:\/\/www.uaga.eus\/eu\/wp-json\/wp\/v2\/posts\/4407\/revisions"}],"predecessor-version":[{"id":4419,"href":"https:\/\/www.uaga.eus\/eu\/wp-json\/wp\/v2\/posts\/4407\/revisions\/4419"}],"wp:featuredmedia":[{"embeddable":true,"href":"https:\/\/www.uaga.eus\/eu\/wp-json\/wp\/v2\/media\/4408"}],"wp:attachment":[{"href":"https:\/\/www.uaga.eus\/eu\/wp-json\/wp\/v2\/media?parent=4407"}],"wp:term":[{"taxonomy":"category","embeddable":true,"href":"https:\/\/www.uaga.eus\/eu\/wp-json\/wp\/v2\/categories?post=4407"},{"taxonomy":"post_tag","embeddable":true,"href":"https:\/\/www.uaga.eus\/eu\/wp-json\/wp\/v2\/tags?post=4407"}],"curies":[{"name":"wp","href":"https:\/\/api.w.org\/{rel}","templated":true}]}}