{"id":4394,"date":"2018-09-14T10:59:28","date_gmt":"2018-09-14T10:59:28","guid":{"rendered":"https:\/\/www.uaga.eus\/?p=4394"},"modified":"2018-09-14T10:59:28","modified_gmt":"2018-09-14T10:59:28","slug":"uaga-conoce-de-primera-mano-la-experiencia-de-control-de-polilla-del-racimo-en-ausejo-y-alcanadre","status":"publish","type":"post","link":"https:\/\/www.uaga.eus\/eu\/uaga-conoce-de-primera-mano-la-experiencia-de-control-de-polilla-del-racimo-en-ausejo-y-alcanadre\/","title":{"rendered":"UAGA conoce de primera mano la experiencia de control de polilla del racimo en Ausejo y Alcanadre"},"content":{"rendered":"<p>El pasado lunes un grupo de viticultores de UAGA y de t\u00e9cnicos de la Casa del Vino y Neiker,\u00a0visitaron las cooperativas de Ausejo y de Alcanadre para conocer de primera mano su experiencia\u00a0de puesta en marcha el control de la polilla del racimo (<em>Lobesia botrana<\/em>) mediante la t\u00e9cnica de confusi\u00f3n sexual.<\/p>\n<p>La polilla del racimo es una peque\u00f1a mariposa que causa da\u00f1os en el vi\u00f1edo riojano, sobre todo en las zonas m\u00e1s c\u00e1lidas. Los da\u00f1os se derivan esencialmente de las heridas que sus larvas provocan en las uvas de las que se alimentan, ya que estas heridas favorecen la entrada del hongo que causa la podredumbre del racimo (<em>Botrytis cinerea<\/em>).<\/p>\n<p>El inter\u00e9s de realizar estas dos visitas radica en que para un mismo objetivo (implantar esta t\u00e9cnica en todas las explotaciones socias de las cooperativas) se han utilizado dos estrategias diferentes. Si bien ambas cooperativas acordaron la obligatoriedad del empleo de esta t\u00e9cnica para todos los socios, en la cooperativa de Ausejo se ha implantado esta t\u00e9cnica en toda la superficie desde el primer momento (a\u00f1o 2016), y en la cooperativa de Alcanadre se est\u00e1 implantando la t\u00e9cnica por zonas (iniciaron en el a\u00f1o 2016 en la zona colindante con Ausejo).<\/p>\n<p>En ambas experiencias se ha demostrado que este sistema reduce la afecci\u00f3n de esta plaga, rebajando la presencia de esta plaga a niveles residuales en algunos casos. En las visitas se explic\u00f3 como se hab\u00eda implantado este sistema que sustituye a las aplicaciones de insecticidas convencionales cuyo empleo tiene mayor impacto medioambiental.<\/p>\n<p>Una vez conocidas ambas experiencias, UAGA va trabajar con el Servicio de Viticultura de la DFA para poner en marcha un proyecto piloto de implantaci\u00f3n esta t\u00e9cnica en pr\u00f3ximas campa\u00f1as en determinadas zonas de Rioja Alavesa.<\/p>\n<p>Todas las personas que est\u00e9n interesadas en conocer m\u00e1s sobre este sistema y sobre el proyecto pueden ponerse en contacto con UAGA, donde les informaremos.<\/p>\n<p>+ Info Yolanda: 615 779 584<\/p>","protected":false},"excerpt":{"rendered":"<p>El pasado lunes un grupo de viticultores de UAGA y de t\u00e9cnicos de la Casa del Vino y Neiker,\u00a0visitaron las cooperativas de Ausejo y de Alcanadre para conocer de primera mano su experiencia\u00a0de puesta en marcha el control de la polilla del racimo (Lobesia botrana) mediante la t\u00e9cnica de confusi\u00f3n sexual. La polilla del racimo [&hellip;]<\/p>\n","protected":false},"author":4,"featured_media":4395,"comment_status":"closed","ping_status":"closed","sticky":false,"template":"","format":"standard","meta":{"footnotes":""},"categories":[7],"tags":[],"yoast_head":"<!-- This site is optimized with the Yoast SEO plugin v21.5 - https:\/\/yoast.com\/wordpress\/plugins\/seo\/ -->\n<title>UAGA conoce de primera mano la experiencia de control de polilla del racimo en Ausejo y Alcanadre - UAGA<\/title>\n<meta name=\"robots\" content=\"index, follow, max-snippet:-1, max-image-preview:large, max-video-preview:-1\" \/>\n<link rel=\"canonical\" href=\"https:\/\/www.uaga.eus\/uaga-conoce-de-primera-mano-la-experiencia-de-control-de-polilla-del-racimo-en-ausejo-y-alcanadre\/\" \/>\n<meta property=\"og:locale\" content=\"en_US\" \/>\n<meta property=\"og:type\" content=\"article\" \/>\n<meta property=\"og:title\" content=\"UAGA conoce de primera mano la experiencia de control de polilla del racimo en Ausejo y Alcanadre - UAGA\" \/>\n<meta property=\"og:description\" content=\"El pasado lunes un grupo de viticultores de UAGA y de t\u00e9cnicos de la Casa del Vino y Neiker,\u00a0visitaron las cooperativas de Ausejo y de Alcanadre para conocer de primera mano su experiencia\u00a0de puesta en marcha el control de la polilla del racimo (Lobesia botrana) mediante la t\u00e9cnica de confusi\u00f3n sexual. La polilla del racimo [&hellip;]\" \/>\n<meta property=\"og:url\" content=\"https:\/\/www.uaga.eus\/uaga-conoce-de-primera-mano-la-experiencia-de-control-de-polilla-del-racimo-en-ausejo-y-alcanadre\/\" \/>\n<meta property=\"og:site_name\" content=\"UAGA\" \/>\n<meta property=\"article:published_time\" content=\"2018-09-14T10:59:28+00:00\" \/>\n<meta property=\"og:image\" content=\"https:\/\/www.uaga.eus\/wp-content\/uploads\/2018\/09\/visita-ausejo-y-alcanadre-e1536922704111.jpg\" \/>\n\t<meta property=\"og:image:width\" content=\"700\" \/>\n\t<meta property=\"og:image:height\" content=\"523\" \/>\n\t<meta property=\"og:image:type\" content=\"image\/jpeg\" \/>\n<meta name=\"author\" content=\"Blanca S\u00e1nchez\" \/>\n<meta name=\"twitter:card\" content=\"summary_large_image\" \/>\n<meta name=\"twitter:label1\" content=\"Written by\" \/>\n\t<meta name=\"twitter:data1\" content=\"Blanca S\u00e1nchez\" \/>\n\t<meta name=\"twitter:label2\" content=\"Est. reading time\" \/>\n\t<meta name=\"twitter:data2\" content=\"3 minutua\" \/>\n<script type=\"application\/ld+json\" class=\"yoast-schema-graph\">{\"@context\":\"https:\/\/schema.org\",\"@graph\":[{\"@type\":\"WebPage\",\"@id\":\"https:\/\/www.uaga.eus\/uaga-conoce-de-primera-mano-la-experiencia-de-control-de-polilla-del-racimo-en-ausejo-y-alcanadre\/\",\"url\":\"https:\/\/www.uaga.eus\/uaga-conoce-de-primera-mano-la-experiencia-de-control-de-polilla-del-racimo-en-ausejo-y-alcanadre\/\",\"name\":\"UAGA conoce de primera mano la experiencia de control de polilla del racimo en Ausejo y Alcanadre - UAGA\",\"isPartOf\":{\"@id\":\"https:\/\/www.uaga.eus\/#website\"},\"datePublished\":\"2018-09-14T10:59:28+00:00\",\"dateModified\":\"2018-09-14T10:59:28+00:00\",\"author\":{\"@id\":\"https:\/\/www.uaga.eus\/#\/schema\/person\/48c3cbf0f33d1b788226dbb6518689cf\"},\"breadcrumb\":{\"@id\":\"https:\/\/www.uaga.eus\/uaga-conoce-de-primera-mano-la-experiencia-de-control-de-polilla-del-racimo-en-ausejo-y-alcanadre\/#breadcrumb\"},\"inLanguage\":\"eu\",\"potentialAction\":[{\"@type\":\"ReadAction\",\"target\":[\"https:\/\/www.uaga.eus\/uaga-conoce-de-primera-mano-la-experiencia-de-control-de-polilla-del-racimo-en-ausejo-y-alcanadre\/\"]}]},{\"@type\":\"BreadcrumbList\",\"@id\":\"https:\/\/www.uaga.eus\/uaga-conoce-de-primera-mano-la-experiencia-de-control-de-polilla-del-racimo-en-ausejo-y-alcanadre\/#breadcrumb\",\"itemListElement\":[{\"@type\":\"ListItem\",\"position\":1,\"name\":\"Inicio\",\"item\":\"https:\/\/www.uaga.eus\/\"},{\"@type\":\"ListItem\",\"position\":2,\"name\":\"UAGA conoce de primera mano la experiencia de control de polilla del racimo en Ausejo y Alcanadre\"}]},{\"@type\":\"WebSite\",\"@id\":\"https:\/\/www.uaga.eus\/#website\",\"url\":\"https:\/\/www.uaga.eus\/\",\"name\":\"UAGA\",\"description\":\"Uni\u00f3n Agroganadera de \u00c1lava - Araba Nekazarien Elkartea\",\"potentialAction\":[{\"@type\":\"SearchAction\",\"target\":{\"@type\":\"EntryPoint\",\"urlTemplate\":\"https:\/\/www.uaga.eus\/?s={search_term_string}\"},\"query-input\":\"required name=search_term_string\"}],\"inLanguage\":\"eu\"},{\"@type\":\"Person\",\"@id\":\"https:\/\/www.uaga.eus\/#\/schema\/person\/48c3cbf0f33d1b788226dbb6518689cf\",\"name\":\"Blanca S\u00e1nchez\",\"image\":{\"@type\":\"ImageObject\",\"inLanguage\":\"eu\",\"@id\":\"https:\/\/www.uaga.eus\/#\/schema\/person\/image\/\",\"url\":\"https:\/\/secure.gravatar.com\/avatar\/0dc91c20648254b1ce84877283f6751b?s=96&d=mm&r=g\",\"contentUrl\":\"https:\/\/secure.gravatar.com\/avatar\/0dc91c20648254b1ce84877283f6751b?s=96&d=mm&r=g\",\"caption\":\"Blanca S\u00e1nchez\"},\"url\":\"https:\/\/www.uaga.eus\/eu\/author\/bsanchez\/\"}]}<\/script>\n<!-- \/ Yoast SEO plugin. -->","yoast_head_json":{"title":"UAGA conoce de primera mano la experiencia de control de polilla del racimo en Ausejo y Alcanadre - UAGA","robots":{"index":"index","follow":"follow","max-snippet":"max-snippet:-1","max-image-preview":"max-image-preview:large","max-video-preview":"max-video-preview:-1"},"canonical":"https:\/\/www.uaga.eus\/uaga-conoce-de-primera-mano-la-experiencia-de-control-de-polilla-del-racimo-en-ausejo-y-alcanadre\/","og_locale":"en_US","og_type":"article","og_title":"UAGA conoce de primera mano la experiencia de control de polilla del racimo en Ausejo y Alcanadre - UAGA","og_description":"El pasado lunes un grupo de viticultores de UAGA y de t\u00e9cnicos de la Casa del Vino y Neiker,\u00a0visitaron las cooperativas de Ausejo y de Alcanadre para conocer de primera mano su experiencia\u00a0de puesta en marcha el control de la polilla del racimo (Lobesia botrana) mediante la t\u00e9cnica de confusi\u00f3n sexual. La polilla del racimo [&hellip;]","og_url":"https:\/\/www.uaga.eus\/uaga-conoce-de-primera-mano-la-experiencia-de-control-de-polilla-del-racimo-en-ausejo-y-alcanadre\/","og_site_name":"UAGA","article_published_time":"2018-09-14T10:59:28+00:00","og_image":[{"width":700,"height":523,"url":"https:\/\/www.uaga.eus\/wp-content\/uploads\/2018\/09\/visita-ausejo-y-alcanadre-e1536922704111.jpg","type":"image\/jpeg"}],"author":"Blanca S\u00e1nchez","twitter_card":"summary_large_image","twitter_misc":{"Written by":"Blanca S\u00e1nchez","Est. reading time":"3 minutua"},"schema":{"@context":"https:\/\/schema.org","@graph":[{"@type":"WebPage","@id":"https:\/\/www.uaga.eus\/uaga-conoce-de-primera-mano-la-experiencia-de-control-de-polilla-del-racimo-en-ausejo-y-alcanadre\/","url":"https:\/\/www.uaga.eus\/uaga-conoce-de-primera-mano-la-experiencia-de-control-de-polilla-del-racimo-en-ausejo-y-alcanadre\/","name":"UAGA conoce de primera mano la experiencia de control de polilla del racimo en Ausejo y Alcanadre - UAGA","isPartOf":{"@id":"https:\/\/www.uaga.eus\/#website"},"datePublished":"2018-09-14T10:59:28+00:00","dateModified":"2018-09-14T10:59:28+00:00","author":{"@id":"https:\/\/www.uaga.eus\/#\/schema\/person\/48c3cbf0f33d1b788226dbb6518689cf"},"breadcrumb":{"@id":"https:\/\/www.uaga.eus\/uaga-conoce-de-primera-mano-la-experiencia-de-control-de-polilla-del-racimo-en-ausejo-y-alcanadre\/#breadcrumb"},"inLanguage":"eu","potentialAction":[{"@type":"ReadAction","target":["https:\/\/www.uaga.eus\/uaga-conoce-de-primera-mano-la-experiencia-de-control-de-polilla-del-racimo-en-ausejo-y-alcanadre\/"]}]},{"@type":"BreadcrumbList","@id":"https:\/\/www.uaga.eus\/uaga-conoce-de-primera-mano-la-experiencia-de-control-de-polilla-del-racimo-en-ausejo-y-alcanadre\/#breadcrumb","itemListElement":[{"@type":"ListItem","position":1,"name":"Inicio","item":"https:\/\/www.uaga.eus\/"},{"@type":"ListItem","position":2,"name":"UAGA conoce de primera mano la experiencia de control de polilla del racimo en Ausejo y Alcanadre"}]},{"@type":"WebSite","@id":"https:\/\/www.uaga.eus\/#website","url":"https:\/\/www.uaga.eus\/","name":"UAGA","description":"Uni\u00f3n Agroganadera de \u00c1lava - Araba Nekazarien Elkartea","potentialAction":[{"@type":"SearchAction","target":{"@type":"EntryPoint","urlTemplate":"https:\/\/www.uaga.eus\/?s={search_term_string}"},"query-input":"required name=search_term_string"}],"inLanguage":"eu"},{"@type":"Person","@id":"https:\/\/www.uaga.eus\/#\/schema\/person\/48c3cbf0f33d1b788226dbb6518689cf","name":"Blanca S\u00e1nchez","image":{"@type":"ImageObject","inLanguage":"eu","@id":"https:\/\/www.uaga.eus\/#\/schema\/person\/image\/","url":"https:\/\/secure.gravatar.com\/avatar\/0dc91c20648254b1ce84877283f6751b?s=96&d=mm&r=g","contentUrl":"https:\/\/secure.gravatar.com\/avatar\/0dc91c20648254b1ce84877283f6751b?s=96&d=mm&r=g","caption":"Blanca S\u00e1nchez"},"url":"https:\/\/www.uaga.eus\/eu\/author\/bsanchez\/"}]}},"_links":{"self":[{"href":"https:\/\/www.uaga.eus\/eu\/wp-json\/wp\/v2\/posts\/4394"}],"collection":[{"href":"https:\/\/www.uaga.eus\/eu\/wp-json\/wp\/v2\/posts"}],"about":[{"href":"https:\/\/www.uaga.eus\/eu\/wp-json\/wp\/v2\/types\/post"}],"author":[{"embeddable":true,"href":"https:\/\/www.uaga.eus\/eu\/wp-json\/wp\/v2\/users\/4"}],"replies":[{"embeddable":true,"href":"https:\/\/www.uaga.eus\/eu\/wp-json\/wp\/v2\/comments?post=4394"}],"version-history":[{"count":1,"href":"https:\/\/www.uaga.eus\/eu\/wp-json\/wp\/v2\/posts\/4394\/revisions"}],"predecessor-version":[{"id":4396,"href":"https:\/\/www.uaga.eus\/eu\/wp-json\/wp\/v2\/posts\/4394\/revisions\/4396"}],"wp:featuredmedia":[{"embeddable":true,"href":"https:\/\/www.uaga.eus\/eu\/wp-json\/wp\/v2\/media\/4395"}],"wp:attachment":[{"href":"https:\/\/www.uaga.eus\/eu\/wp-json\/wp\/v2\/media?parent=4394"}],"wp:term":[{"taxonomy":"category","embeddable":true,"href":"https:\/\/www.uaga.eus\/eu\/wp-json\/wp\/v2\/categories?post=4394"},{"taxonomy":"post_tag","embeddable":true,"href":"https:\/\/www.uaga.eus\/eu\/wp-json\/wp\/v2\/tags?post=4394"}],"curies":[{"name":"wp","href":"https:\/\/api.w.org\/{rel}","templated":true}]}}