{"id":4231,"date":"2018-09-07T10:21:53","date_gmt":"2018-09-07T10:21:53","guid":{"rendered":"https:\/\/www.uaga.eus\/?p=4231"},"modified":"2018-09-14T13:17:44","modified_gmt":"2018-09-14T13:17:44","slug":"el-11-de-septiembre-finaliza-del-plazo-de-solicitud-de-las-ayudas-para-evitar-el-despoblamiento","status":"publish","type":"post","link":"https:\/\/www.uaga.eus\/eu\/el-11-de-septiembre-finaliza-del-plazo-de-solicitud-de-las-ayudas-para-evitar-el-despoblamiento\/","title":{"rendered":"El 11 de septiembre finaliza del plazo de solicitud de las ayudas para evitar el despoblamiento"},"content":{"rendered":"<p>La Diputaci\u00f3n de \u00c1lava ha puesto en marcha una l\u00ednea de ayudas para evitar el despoblamiento rural en nuestro Territorio. Una de ellas est\u00e1 <strong>destinada a profesionales aut\u00f3nomos, a la que pueden acogerse tambi\u00e9n profesionales del sector\u00a0agropecuario<\/strong>, pudiendo solicitar esta ayuda las personas empadronadas en municipios menores de 1.000 habitantes.<\/p>\n<p><strong>La ayuda consiste en el pago de dos mensualidades de la cuota de la seguridad social<\/strong>, pudiendo incrementarse en una mensualidad m\u00e1s para quienes se hayan dado de alta e iniciado su actividad en 2018.<\/p>\n<p>El plazo para presentar las solicitudes es hasta el <strong>11 de septiembre\u00a0de 2018<\/strong> y se debe realizar en el registro general de Diputaci\u00f3n o en las OCAs.<\/p>\n<p>La documentaci\u00f3n a presentar es la siguiente:<\/p>\n<ul>\n<li>Fotocopia del DNI de la persona solicitante<\/li>\n<li>Ficha de terceros cumplimentada<\/li>\n<li>Certificado de alta en el Impuesto de actividades econ\u00f3micas. Aqu\u00ed hay que recordar que el sector agropecuario est\u00e1 exento de estar dado de alta en este IAE<\/li>\n<li>Certificado en vigor de estar al corriente en la Seguridad Social<\/li>\n<li>Declaraci\u00f3n responsable de no estar incurso en prohibici\u00f3n para ser beneficiario de subvenciones p\u00fablicas<\/li>\n<li>Documentaci\u00f3n acreditativa de estar de alta en el r\u00e9gimen de aut\u00f3nomos<\/li>\n<li>Documentaci\u00f3n acreditativa del abono de las cuotas del a\u00f1o 2018<\/li>\n<li>Autorizaci\u00f3n para consultar en el respectivo ayuntamiento la situaci\u00f3n del empadronamiento en el momento del cierre de la convocatoria<\/li>\n<\/ul>\n<p>Los municipios alaveses de menos de 1.000 habitantes seg\u00fan el Instituto Nacional de Estad\u00edstica son los siguientes: Armi\u00f1on, Arrazua-Ubarrundia, Ba\u00f1os de Ebro, Barrundia, Berantevilla, Bernedo, Campezo, Cripan, Kuartango, Eburgo, Elciego, Elvillar, Iruraiz-gauna, Lagran, Lanciego, Lapuebla de Labarca, Leza, Arraia-Maestu, Moreda de Alava, Navaridas, Pe\u00f1acerrada, Ribera Alta, Salibas de A\u00f1ana, Samaniego, San Millan, Valdegovia, Valloe de Arana, Villabuena de Alava, Yecora, Zalduondo, Zambrana, Lantaron.<\/p>\n<p><a href=\"http:\/\/www.araba.eus\/botha\/Boletines\/2018\/078\/2018_078_02632_C.pdf\" target=\"_blank\" rel=\"noopener\" data-cke-saved-href=\"http:\/\/www.araba.eus\/botha\/Boletines\/2018\/078\/2018_078_02632_C.pdf\">Enlace<\/a> al Decreto publicado en el BOTHA<br \/>\n<a href=\"https:\/\/gallery.mailchimp.com\/498b950ccfc4b8d0e600d7e48\/files\/08762eb5-8209-4b69-99ff-8843d05f971d\/Solicitud_Linea3_SubvCuotaSS_Autonomos.pdf\" target=\"_blank\" rel=\"noopener\" data-cke-saved-href=\"https:\/\/gallery.mailchimp.com\/498b950ccfc4b8d0e600d7e48\/files\/08762eb5-8209-4b69-99ff-8843d05f971d\/Solicitud_Linea3_SubvCuotaSS_Autonomos.pdf\">Enlace a la solicitud<\/a><\/p>","protected":false},"excerpt":{"rendered":"<p>La Diputaci\u00f3n de \u00c1lava ha puesto en marcha una l\u00ednea de ayudas para evitar el despoblamiento rural en nuestro Territorio. Una de ellas est\u00e1 destinada a profesionales aut\u00f3nomos, a la que pueden acogerse tambi\u00e9n profesionales del sector\u00a0agropecuario, pudiendo solicitar esta ayuda las personas empadronadas en municipios menores de 1.000 habitantes. La ayuda consiste en el [&hellip;]<\/p>\n","protected":false},"author":4,"featured_media":3862,"comment_status":"closed","ping_status":"closed","sticky":false,"template":"","format":"standard","meta":{"footnotes":""},"categories":[5,37],"tags":[],"yoast_head":"<!-- This site is optimized with the Yoast SEO plugin v21.5 - https:\/\/yoast.com\/wordpress\/plugins\/seo\/ -->\n<title>El 11 de septiembre finaliza del plazo de solicitud de las ayudas para evitar el despoblamiento - UAGA<\/title>\n<meta name=\"robots\" content=\"index, follow, max-snippet:-1, max-image-preview:large, max-video-preview:-1\" \/>\n<link rel=\"canonical\" href=\"https:\/\/www.uaga.eus\/el-11-de-septiembre-finaliza-del-plazo-de-solicitud-de-las-ayudas-para-evitar-el-despoblamiento\/\" \/>\n<meta property=\"og:locale\" content=\"en_US\" \/>\n<meta property=\"og:type\" content=\"article\" \/>\n<meta property=\"og:title\" content=\"El 11 de septiembre finaliza del plazo de solicitud de las ayudas para evitar el despoblamiento - UAGA\" \/>\n<meta property=\"og:description\" content=\"La Diputaci\u00f3n de \u00c1lava ha puesto en marcha una l\u00ednea de ayudas para evitar el despoblamiento rural en nuestro Territorio. Una de ellas est\u00e1 destinada a profesionales aut\u00f3nomos, a la que pueden acogerse tambi\u00e9n profesionales del sector\u00a0agropecuario, pudiendo solicitar esta ayuda las personas empadronadas en municipios menores de 1.000 habitantes. La ayuda consiste en el [&hellip;]\" \/>\n<meta property=\"og:url\" content=\"https:\/\/www.uaga.eus\/el-11-de-septiembre-finaliza-del-plazo-de-solicitud-de-las-ayudas-para-evitar-el-despoblamiento\/\" \/>\n<meta property=\"og:site_name\" content=\"UAGA\" \/>\n<meta property=\"article:published_time\" content=\"2018-09-07T10:21:53+00:00\" \/>\n<meta property=\"article:modified_time\" content=\"2018-09-14T13:17:44+00:00\" \/>\n<meta property=\"og:image\" content=\"https:\/\/www.uaga.eus\/wp-content\/uploads\/2018\/07\/Menagarai-e1532690113768.jpg\" \/>\n\t<meta property=\"og:image:width\" content=\"700\" \/>\n\t<meta property=\"og:image:height\" content=\"366\" \/>\n\t<meta property=\"og:image:type\" content=\"image\/jpeg\" \/>\n<meta name=\"author\" content=\"Blanca S\u00e1nchez\" \/>\n<meta name=\"twitter:card\" content=\"summary_large_image\" \/>\n<meta name=\"twitter:label1\" content=\"Written by\" \/>\n\t<meta name=\"twitter:data1\" content=\"Blanca S\u00e1nchez\" \/>\n\t<meta name=\"twitter:label2\" content=\"Est. reading time\" \/>\n\t<meta name=\"twitter:data2\" content=\"3 minutua\" \/>\n<script type=\"application\/ld+json\" class=\"yoast-schema-graph\">{\"@context\":\"https:\/\/schema.org\",\"@graph\":[{\"@type\":\"WebPage\",\"@id\":\"https:\/\/www.uaga.eus\/el-11-de-septiembre-finaliza-del-plazo-de-solicitud-de-las-ayudas-para-evitar-el-despoblamiento\/\",\"url\":\"https:\/\/www.uaga.eus\/el-11-de-septiembre-finaliza-del-plazo-de-solicitud-de-las-ayudas-para-evitar-el-despoblamiento\/\",\"name\":\"El 11 de septiembre finaliza del plazo de solicitud de las ayudas para evitar el despoblamiento - UAGA\",\"isPartOf\":{\"@id\":\"https:\/\/www.uaga.eus\/#website\"},\"datePublished\":\"2018-09-07T10:21:53+00:00\",\"dateModified\":\"2018-09-14T13:17:44+00:00\",\"author\":{\"@id\":\"https:\/\/www.uaga.eus\/#\/schema\/person\/48c3cbf0f33d1b788226dbb6518689cf\"},\"breadcrumb\":{\"@id\":\"https:\/\/www.uaga.eus\/el-11-de-septiembre-finaliza-del-plazo-de-solicitud-de-las-ayudas-para-evitar-el-despoblamiento\/#breadcrumb\"},\"inLanguage\":\"eu\",\"potentialAction\":[{\"@type\":\"ReadAction\",\"target\":[\"https:\/\/www.uaga.eus\/el-11-de-septiembre-finaliza-del-plazo-de-solicitud-de-las-ayudas-para-evitar-el-despoblamiento\/\"]}]},{\"@type\":\"BreadcrumbList\",\"@id\":\"https:\/\/www.uaga.eus\/el-11-de-septiembre-finaliza-del-plazo-de-solicitud-de-las-ayudas-para-evitar-el-despoblamiento\/#breadcrumb\",\"itemListElement\":[{\"@type\":\"ListItem\",\"position\":1,\"name\":\"Inicio\",\"item\":\"https:\/\/www.uaga.eus\/\"},{\"@type\":\"ListItem\",\"position\":2,\"name\":\"El 11 de septiembre finaliza del plazo de solicitud de las ayudas para evitar el despoblamiento\"}]},{\"@type\":\"WebSite\",\"@id\":\"https:\/\/www.uaga.eus\/#website\",\"url\":\"https:\/\/www.uaga.eus\/\",\"name\":\"UAGA\",\"description\":\"Uni\u00f3n Agroganadera de \u00c1lava - Araba Nekazarien Elkartea\",\"potentialAction\":[{\"@type\":\"SearchAction\",\"target\":{\"@type\":\"EntryPoint\",\"urlTemplate\":\"https:\/\/www.uaga.eus\/?s={search_term_string}\"},\"query-input\":\"required name=search_term_string\"}],\"inLanguage\":\"eu\"},{\"@type\":\"Person\",\"@id\":\"https:\/\/www.uaga.eus\/#\/schema\/person\/48c3cbf0f33d1b788226dbb6518689cf\",\"name\":\"Blanca S\u00e1nchez\",\"image\":{\"@type\":\"ImageObject\",\"inLanguage\":\"eu\",\"@id\":\"https:\/\/www.uaga.eus\/#\/schema\/person\/image\/\",\"url\":\"https:\/\/secure.gravatar.com\/avatar\/0dc91c20648254b1ce84877283f6751b?s=96&d=mm&r=g\",\"contentUrl\":\"https:\/\/secure.gravatar.com\/avatar\/0dc91c20648254b1ce84877283f6751b?s=96&d=mm&r=g\",\"caption\":\"Blanca S\u00e1nchez\"},\"url\":\"https:\/\/www.uaga.eus\/eu\/author\/bsanchez\/\"}]}<\/script>\n<!-- \/ Yoast SEO plugin. -->","yoast_head_json":{"title":"El 11 de septiembre finaliza del plazo de solicitud de las ayudas para evitar el despoblamiento - UAGA","robots":{"index":"index","follow":"follow","max-snippet":"max-snippet:-1","max-image-preview":"max-image-preview:large","max-video-preview":"max-video-preview:-1"},"canonical":"https:\/\/www.uaga.eus\/el-11-de-septiembre-finaliza-del-plazo-de-solicitud-de-las-ayudas-para-evitar-el-despoblamiento\/","og_locale":"en_US","og_type":"article","og_title":"El 11 de septiembre finaliza del plazo de solicitud de las ayudas para evitar el despoblamiento - UAGA","og_description":"La Diputaci\u00f3n de \u00c1lava ha puesto en marcha una l\u00ednea de ayudas para evitar el despoblamiento rural en nuestro Territorio. Una de ellas est\u00e1 destinada a profesionales aut\u00f3nomos, a la que pueden acogerse tambi\u00e9n profesionales del sector\u00a0agropecuario, pudiendo solicitar esta ayuda las personas empadronadas en municipios menores de 1.000 habitantes. La ayuda consiste en el [&hellip;]","og_url":"https:\/\/www.uaga.eus\/el-11-de-septiembre-finaliza-del-plazo-de-solicitud-de-las-ayudas-para-evitar-el-despoblamiento\/","og_site_name":"UAGA","article_published_time":"2018-09-07T10:21:53+00:00","article_modified_time":"2018-09-14T13:17:44+00:00","og_image":[{"width":700,"height":366,"url":"https:\/\/www.uaga.eus\/wp-content\/uploads\/2018\/07\/Menagarai-e1532690113768.jpg","type":"image\/jpeg"}],"author":"Blanca S\u00e1nchez","twitter_card":"summary_large_image","twitter_misc":{"Written by":"Blanca S\u00e1nchez","Est. reading time":"3 minutua"},"schema":{"@context":"https:\/\/schema.org","@graph":[{"@type":"WebPage","@id":"https:\/\/www.uaga.eus\/el-11-de-septiembre-finaliza-del-plazo-de-solicitud-de-las-ayudas-para-evitar-el-despoblamiento\/","url":"https:\/\/www.uaga.eus\/el-11-de-septiembre-finaliza-del-plazo-de-solicitud-de-las-ayudas-para-evitar-el-despoblamiento\/","name":"El 11 de septiembre finaliza del plazo de solicitud de las ayudas para evitar el despoblamiento - UAGA","isPartOf":{"@id":"https:\/\/www.uaga.eus\/#website"},"datePublished":"2018-09-07T10:21:53+00:00","dateModified":"2018-09-14T13:17:44+00:00","author":{"@id":"https:\/\/www.uaga.eus\/#\/schema\/person\/48c3cbf0f33d1b788226dbb6518689cf"},"breadcrumb":{"@id":"https:\/\/www.uaga.eus\/el-11-de-septiembre-finaliza-del-plazo-de-solicitud-de-las-ayudas-para-evitar-el-despoblamiento\/#breadcrumb"},"inLanguage":"eu","potentialAction":[{"@type":"ReadAction","target":["https:\/\/www.uaga.eus\/el-11-de-septiembre-finaliza-del-plazo-de-solicitud-de-las-ayudas-para-evitar-el-despoblamiento\/"]}]},{"@type":"BreadcrumbList","@id":"https:\/\/www.uaga.eus\/el-11-de-septiembre-finaliza-del-plazo-de-solicitud-de-las-ayudas-para-evitar-el-despoblamiento\/#breadcrumb","itemListElement":[{"@type":"ListItem","position":1,"name":"Inicio","item":"https:\/\/www.uaga.eus\/"},{"@type":"ListItem","position":2,"name":"El 11 de septiembre finaliza del plazo de solicitud de las ayudas para evitar el despoblamiento"}]},{"@type":"WebSite","@id":"https:\/\/www.uaga.eus\/#website","url":"https:\/\/www.uaga.eus\/","name":"UAGA","description":"Uni\u00f3n Agroganadera de \u00c1lava - Araba Nekazarien Elkartea","potentialAction":[{"@type":"SearchAction","target":{"@type":"EntryPoint","urlTemplate":"https:\/\/www.uaga.eus\/?s={search_term_string}"},"query-input":"required name=search_term_string"}],"inLanguage":"eu"},{"@type":"Person","@id":"https:\/\/www.uaga.eus\/#\/schema\/person\/48c3cbf0f33d1b788226dbb6518689cf","name":"Blanca S\u00e1nchez","image":{"@type":"ImageObject","inLanguage":"eu","@id":"https:\/\/www.uaga.eus\/#\/schema\/person\/image\/","url":"https:\/\/secure.gravatar.com\/avatar\/0dc91c20648254b1ce84877283f6751b?s=96&d=mm&r=g","contentUrl":"https:\/\/secure.gravatar.com\/avatar\/0dc91c20648254b1ce84877283f6751b?s=96&d=mm&r=g","caption":"Blanca S\u00e1nchez"},"url":"https:\/\/www.uaga.eus\/eu\/author\/bsanchez\/"}]}},"_links":{"self":[{"href":"https:\/\/www.uaga.eus\/eu\/wp-json\/wp\/v2\/posts\/4231"}],"collection":[{"href":"https:\/\/www.uaga.eus\/eu\/wp-json\/wp\/v2\/posts"}],"about":[{"href":"https:\/\/www.uaga.eus\/eu\/wp-json\/wp\/v2\/types\/post"}],"author":[{"embeddable":true,"href":"https:\/\/www.uaga.eus\/eu\/wp-json\/wp\/v2\/users\/4"}],"replies":[{"embeddable":true,"href":"https:\/\/www.uaga.eus\/eu\/wp-json\/wp\/v2\/comments?post=4231"}],"version-history":[{"count":4,"href":"https:\/\/www.uaga.eus\/eu\/wp-json\/wp\/v2\/posts\/4231\/revisions"}],"predecessor-version":[{"id":4235,"href":"https:\/\/www.uaga.eus\/eu\/wp-json\/wp\/v2\/posts\/4231\/revisions\/4235"}],"wp:featuredmedia":[{"embeddable":true,"href":"https:\/\/www.uaga.eus\/eu\/wp-json\/wp\/v2\/media\/3862"}],"wp:attachment":[{"href":"https:\/\/www.uaga.eus\/eu\/wp-json\/wp\/v2\/media?parent=4231"}],"wp:term":[{"taxonomy":"category","embeddable":true,"href":"https:\/\/www.uaga.eus\/eu\/wp-json\/wp\/v2\/categories?post=4231"},{"taxonomy":"post_tag","embeddable":true,"href":"https:\/\/www.uaga.eus\/eu\/wp-json\/wp\/v2\/tags?post=4231"}],"curies":[{"name":"wp","href":"https:\/\/api.w.org\/{rel}","templated":true}]}}