{"id":3873,"date":"2018-07-27T11:42:26","date_gmt":"2018-07-27T11:42:26","guid":{"rendered":"https:\/\/www.uaga.eus\/?p=3873"},"modified":"2018-09-06T08:24:48","modified_gmt":"2018-09-06T08:24:48","slug":"uaga-organiza-en-septiembre-una-visita-profesional-sobre-control-de-la-polilla-del-racimo","status":"publish","type":"post","link":"https:\/\/www.uaga.eus\/eu\/uaga-organiza-en-septiembre-una-visita-profesional-sobre-control-de-la-polilla-del-racimo\/","title":{"rendered":"UAGA organiza el lunes 10 de septiembre una visita profesional sobre\u00a0control de la polilla del racimo"},"content":{"rendered":"<p>UAGA est\u00e1 impulsado un proyecto para la implantaci\u00f3n de un sistema de control de la polilla del racimo mediante una estrategia conjunta en la comarca. En concreto se trata del uso de la t\u00e9cnica de confusi\u00f3n sexual,\u00a0que es \u00fatil a partir de una superficie de 4 hect\u00e1reas.<\/p>\n<p>Para conocer en profundidad este sistema, el pr\u00f3ximo lunes 10 de septiembre realizaremos una visita profesional a Ausejo, La Rioja, donde llevan a\u00f1os utiliz\u00e1ndolo.<\/p>\n<p>Si est\u00e1s interesado en participar en\u00a0esta visita, ponte en contacto con nosotros.<\/p>\n<p>+ info\u00a0Yolanda: 615779584<\/p>","protected":false},"excerpt":{"rendered":"<p>UAGA est\u00e1 impulsado un proyecto para la implantaci\u00f3n de un sistema de control de la polilla del racimo mediante una estrategia conjunta en la comarca. En concreto se trata del uso de la t\u00e9cnica de confusi\u00f3n sexual,\u00a0que es \u00fatil a partir de una superficie de 4 hect\u00e1reas. Para conocer en profundidad este sistema, el pr\u00f3ximo [&hellip;]<\/p>\n","protected":false},"author":4,"featured_media":2686,"comment_status":"closed","ping_status":"closed","sticky":false,"template":"","format":"standard","meta":{"footnotes":""},"categories":[7,66],"tags":[],"yoast_head":"<!-- This site is optimized with the Yoast SEO plugin v21.5 - https:\/\/yoast.com\/wordpress\/plugins\/seo\/ -->\n<title>UAGA organiza el lunes 10 de septiembre una visita profesional sobre\u00a0control de la polilla del racimo - UAGA<\/title>\n<meta name=\"robots\" content=\"index, follow, max-snippet:-1, max-image-preview:large, max-video-preview:-1\" \/>\n<link rel=\"canonical\" href=\"https:\/\/www.uaga.eus\/uaga-organiza-en-septiembre-una-visita-profesional-sobre-control-de-la-polilla-del-racimo\/\" \/>\n<meta property=\"og:locale\" content=\"en_US\" \/>\n<meta property=\"og:type\" content=\"article\" \/>\n<meta property=\"og:title\" content=\"UAGA organiza el lunes 10 de septiembre una visita profesional sobre\u00a0control de la polilla del racimo - UAGA\" \/>\n<meta property=\"og:description\" content=\"UAGA est\u00e1 impulsado un proyecto para la implantaci\u00f3n de un sistema de control de la polilla del racimo mediante una estrategia conjunta en la comarca. En concreto se trata del uso de la t\u00e9cnica de confusi\u00f3n sexual,\u00a0que es \u00fatil a partir de una superficie de 4 hect\u00e1reas. Para conocer en profundidad este sistema, el pr\u00f3ximo [&hellip;]\" \/>\n<meta property=\"og:url\" content=\"https:\/\/www.uaga.eus\/uaga-organiza-en-septiembre-una-visita-profesional-sobre-control-de-la-polilla-del-racimo\/\" \/>\n<meta property=\"og:site_name\" content=\"UAGA\" \/>\n<meta property=\"article:published_time\" content=\"2018-07-27T11:42:26+00:00\" \/>\n<meta property=\"article:modified_time\" content=\"2018-09-06T08:24:48+00:00\" \/>\n<meta property=\"og:image\" content=\"https:\/\/www.uaga.eus\/wp-content\/uploads\/2018\/04\/polilla-del-racimo_4-e1524221391171.jpg\" \/>\n\t<meta property=\"og:image:width\" content=\"600\" \/>\n\t<meta property=\"og:image:height\" content=\"392\" \/>\n\t<meta property=\"og:image:type\" content=\"image\/jpeg\" \/>\n<meta name=\"author\" content=\"Blanca S\u00e1nchez\" \/>\n<meta name=\"twitter:card\" content=\"summary_large_image\" \/>\n<meta name=\"twitter:label1\" content=\"Written by\" \/>\n\t<meta name=\"twitter:data1\" content=\"Blanca S\u00e1nchez\" \/>\n\t<meta name=\"twitter:label2\" content=\"Est. reading time\" \/>\n\t<meta name=\"twitter:data2\" content=\"1 minutua\" \/>\n<script type=\"application\/ld+json\" class=\"yoast-schema-graph\">{\"@context\":\"https:\/\/schema.org\",\"@graph\":[{\"@type\":\"WebPage\",\"@id\":\"https:\/\/www.uaga.eus\/uaga-organiza-en-septiembre-una-visita-profesional-sobre-control-de-la-polilla-del-racimo\/\",\"url\":\"https:\/\/www.uaga.eus\/uaga-organiza-en-septiembre-una-visita-profesional-sobre-control-de-la-polilla-del-racimo\/\",\"name\":\"UAGA organiza el lunes 10 de septiembre una visita profesional sobre\u00a0control de la polilla del racimo - UAGA\",\"isPartOf\":{\"@id\":\"https:\/\/www.uaga.eus\/#website\"},\"datePublished\":\"2018-07-27T11:42:26+00:00\",\"dateModified\":\"2018-09-06T08:24:48+00:00\",\"author\":{\"@id\":\"https:\/\/www.uaga.eus\/#\/schema\/person\/48c3cbf0f33d1b788226dbb6518689cf\"},\"breadcrumb\":{\"@id\":\"https:\/\/www.uaga.eus\/uaga-organiza-en-septiembre-una-visita-profesional-sobre-control-de-la-polilla-del-racimo\/#breadcrumb\"},\"inLanguage\":\"eu\",\"potentialAction\":[{\"@type\":\"ReadAction\",\"target\":[\"https:\/\/www.uaga.eus\/uaga-organiza-en-septiembre-una-visita-profesional-sobre-control-de-la-polilla-del-racimo\/\"]}]},{\"@type\":\"BreadcrumbList\",\"@id\":\"https:\/\/www.uaga.eus\/uaga-organiza-en-septiembre-una-visita-profesional-sobre-control-de-la-polilla-del-racimo\/#breadcrumb\",\"itemListElement\":[{\"@type\":\"ListItem\",\"position\":1,\"name\":\"Inicio\",\"item\":\"https:\/\/www.uaga.eus\/\"},{\"@type\":\"ListItem\",\"position\":2,\"name\":\"UAGA organiza el lunes 10 de septiembre una visita profesional sobre\u00a0control de la polilla del racimo\"}]},{\"@type\":\"WebSite\",\"@id\":\"https:\/\/www.uaga.eus\/#website\",\"url\":\"https:\/\/www.uaga.eus\/\",\"name\":\"UAGA\",\"description\":\"Uni\u00f3n Agroganadera de \u00c1lava - Araba Nekazarien Elkartea\",\"potentialAction\":[{\"@type\":\"SearchAction\",\"target\":{\"@type\":\"EntryPoint\",\"urlTemplate\":\"https:\/\/www.uaga.eus\/?s={search_term_string}\"},\"query-input\":\"required name=search_term_string\"}],\"inLanguage\":\"eu\"},{\"@type\":\"Person\",\"@id\":\"https:\/\/www.uaga.eus\/#\/schema\/person\/48c3cbf0f33d1b788226dbb6518689cf\",\"name\":\"Blanca S\u00e1nchez\",\"image\":{\"@type\":\"ImageObject\",\"inLanguage\":\"eu\",\"@id\":\"https:\/\/www.uaga.eus\/#\/schema\/person\/image\/\",\"url\":\"https:\/\/secure.gravatar.com\/avatar\/0dc91c20648254b1ce84877283f6751b?s=96&d=mm&r=g\",\"contentUrl\":\"https:\/\/secure.gravatar.com\/avatar\/0dc91c20648254b1ce84877283f6751b?s=96&d=mm&r=g\",\"caption\":\"Blanca S\u00e1nchez\"},\"url\":\"https:\/\/www.uaga.eus\/eu\/author\/bsanchez\/\"}]}<\/script>\n<!-- \/ Yoast SEO plugin. -->","yoast_head_json":{"title":"UAGA organiza el lunes 10 de septiembre una visita profesional sobre\u00a0control de la polilla del racimo - UAGA","robots":{"index":"index","follow":"follow","max-snippet":"max-snippet:-1","max-image-preview":"max-image-preview:large","max-video-preview":"max-video-preview:-1"},"canonical":"https:\/\/www.uaga.eus\/uaga-organiza-en-septiembre-una-visita-profesional-sobre-control-de-la-polilla-del-racimo\/","og_locale":"en_US","og_type":"article","og_title":"UAGA organiza el lunes 10 de septiembre una visita profesional sobre\u00a0control de la polilla del racimo - UAGA","og_description":"UAGA est\u00e1 impulsado un proyecto para la implantaci\u00f3n de un sistema de control de la polilla del racimo mediante una estrategia conjunta en la comarca. En concreto se trata del uso de la t\u00e9cnica de confusi\u00f3n sexual,\u00a0que es \u00fatil a partir de una superficie de 4 hect\u00e1reas. Para conocer en profundidad este sistema, el pr\u00f3ximo [&hellip;]","og_url":"https:\/\/www.uaga.eus\/uaga-organiza-en-septiembre-una-visita-profesional-sobre-control-de-la-polilla-del-racimo\/","og_site_name":"UAGA","article_published_time":"2018-07-27T11:42:26+00:00","article_modified_time":"2018-09-06T08:24:48+00:00","og_image":[{"width":600,"height":392,"url":"https:\/\/www.uaga.eus\/wp-content\/uploads\/2018\/04\/polilla-del-racimo_4-e1524221391171.jpg","type":"image\/jpeg"}],"author":"Blanca S\u00e1nchez","twitter_card":"summary_large_image","twitter_misc":{"Written by":"Blanca S\u00e1nchez","Est. reading time":"1 minutua"},"schema":{"@context":"https:\/\/schema.org","@graph":[{"@type":"WebPage","@id":"https:\/\/www.uaga.eus\/uaga-organiza-en-septiembre-una-visita-profesional-sobre-control-de-la-polilla-del-racimo\/","url":"https:\/\/www.uaga.eus\/uaga-organiza-en-septiembre-una-visita-profesional-sobre-control-de-la-polilla-del-racimo\/","name":"UAGA organiza el lunes 10 de septiembre una visita profesional sobre\u00a0control de la polilla del racimo - UAGA","isPartOf":{"@id":"https:\/\/www.uaga.eus\/#website"},"datePublished":"2018-07-27T11:42:26+00:00","dateModified":"2018-09-06T08:24:48+00:00","author":{"@id":"https:\/\/www.uaga.eus\/#\/schema\/person\/48c3cbf0f33d1b788226dbb6518689cf"},"breadcrumb":{"@id":"https:\/\/www.uaga.eus\/uaga-organiza-en-septiembre-una-visita-profesional-sobre-control-de-la-polilla-del-racimo\/#breadcrumb"},"inLanguage":"eu","potentialAction":[{"@type":"ReadAction","target":["https:\/\/www.uaga.eus\/uaga-organiza-en-septiembre-una-visita-profesional-sobre-control-de-la-polilla-del-racimo\/"]}]},{"@type":"BreadcrumbList","@id":"https:\/\/www.uaga.eus\/uaga-organiza-en-septiembre-una-visita-profesional-sobre-control-de-la-polilla-del-racimo\/#breadcrumb","itemListElement":[{"@type":"ListItem","position":1,"name":"Inicio","item":"https:\/\/www.uaga.eus\/"},{"@type":"ListItem","position":2,"name":"UAGA organiza el lunes 10 de septiembre una visita profesional sobre\u00a0control de la polilla del racimo"}]},{"@type":"WebSite","@id":"https:\/\/www.uaga.eus\/#website","url":"https:\/\/www.uaga.eus\/","name":"UAGA","description":"Uni\u00f3n Agroganadera de \u00c1lava - Araba Nekazarien Elkartea","potentialAction":[{"@type":"SearchAction","target":{"@type":"EntryPoint","urlTemplate":"https:\/\/www.uaga.eus\/?s={search_term_string}"},"query-input":"required name=search_term_string"}],"inLanguage":"eu"},{"@type":"Person","@id":"https:\/\/www.uaga.eus\/#\/schema\/person\/48c3cbf0f33d1b788226dbb6518689cf","name":"Blanca S\u00e1nchez","image":{"@type":"ImageObject","inLanguage":"eu","@id":"https:\/\/www.uaga.eus\/#\/schema\/person\/image\/","url":"https:\/\/secure.gravatar.com\/avatar\/0dc91c20648254b1ce84877283f6751b?s=96&d=mm&r=g","contentUrl":"https:\/\/secure.gravatar.com\/avatar\/0dc91c20648254b1ce84877283f6751b?s=96&d=mm&r=g","caption":"Blanca S\u00e1nchez"},"url":"https:\/\/www.uaga.eus\/eu\/author\/bsanchez\/"}]}},"_links":{"self":[{"href":"https:\/\/www.uaga.eus\/eu\/wp-json\/wp\/v2\/posts\/3873"}],"collection":[{"href":"https:\/\/www.uaga.eus\/eu\/wp-json\/wp\/v2\/posts"}],"about":[{"href":"https:\/\/www.uaga.eus\/eu\/wp-json\/wp\/v2\/types\/post"}],"author":[{"embeddable":true,"href":"https:\/\/www.uaga.eus\/eu\/wp-json\/wp\/v2\/users\/4"}],"replies":[{"embeddable":true,"href":"https:\/\/www.uaga.eus\/eu\/wp-json\/wp\/v2\/comments?post=3873"}],"version-history":[{"count":4,"href":"https:\/\/www.uaga.eus\/eu\/wp-json\/wp\/v2\/posts\/3873\/revisions"}],"predecessor-version":[{"id":4216,"href":"https:\/\/www.uaga.eus\/eu\/wp-json\/wp\/v2\/posts\/3873\/revisions\/4216"}],"wp:featuredmedia":[{"embeddable":true,"href":"https:\/\/www.uaga.eus\/eu\/wp-json\/wp\/v2\/media\/2686"}],"wp:attachment":[{"href":"https:\/\/www.uaga.eus\/eu\/wp-json\/wp\/v2\/media?parent=3873"}],"wp:term":[{"taxonomy":"category","embeddable":true,"href":"https:\/\/www.uaga.eus\/eu\/wp-json\/wp\/v2\/categories?post=3873"},{"taxonomy":"post_tag","embeddable":true,"href":"https:\/\/www.uaga.eus\/eu\/wp-json\/wp\/v2\/tags?post=3873"}],"curies":[{"name":"wp","href":"https:\/\/api.w.org\/{rel}","templated":true}]}}