{"id":3797,"date":"2018-07-20T11:12:06","date_gmt":"2018-07-20T11:12:06","guid":{"rendered":"https:\/\/www.uaga.eus\/?p=3797"},"modified":"2018-07-22T12:56:21","modified_gmt":"2018-07-22T12:56:21","slug":"uaga-participa-en-el-consejo-agrario-de-gobierno-vasco-dedicado-al-debate-de-la-pac-2021-2027","status":"publish","type":"post","link":"https:\/\/www.uaga.eus\/eu\/uaga-participa-en-el-consejo-agrario-de-gobierno-vasco-dedicado-al-debate-de-la-pac-2021-2027\/","title":{"rendered":"UAGA participa en el Consejo Agrario de Gobierno Vasco\u00a0dedicado al debate de la PAC 2021-2027"},"content":{"rendered":"<p>Desde UAGA hemos participado esta semana en el Consejo Agrario impulsado por el Gobierno Vasco al que han sido convocados los principales agentes del sector de los tres territorios de Euskadi.<\/p>\n<p>La reuni\u00f3n, en la que el Gobierno present\u00f3 un informe con los principales cambios que se prev\u00e9n en la PAC 2021-2027, ha tenido como objetivo comenzar el debate de la pr\u00f3xima reforma, con el fin de llevar al Ministerio de Agricultura una posici\u00f3n conjunta desde el sector primario vasco.<\/p>\n<p>El posicionamiento de Euskadi es solicitar un marco presupuestario perfectamente definido y con car\u00e1cter previo al establecimiento de los objetivos de la futura pol\u00edtica agraria.<\/p>\n<p>Asimismo, se reclamar\u00e1 el mantenimiento del presupuesto comunitario destinado a la PAC fijado durante el periodo 2014-2020.<\/p>\n<p>Adem\u00e1s, a nivel de Estado y para el periodo 2021-2027, se requiere el mantenimiento de los fondos que perciben la diferentes Comunidades Aut\u00f3nomas en el actual periodo de programaci\u00f3n. La cuant\u00eda de referencia corresponde a la suma de las partidas consignadas al primer y segundo pilar.<\/p>\n<p>Por \u00faltimo, el Gobierno distribuy\u00f3 una encuesta a las organizaciones participantes con los principales puntos de debate, para as\u00ed poder avanzar en este asunto antes de la pr\u00f3xima reuni\u00f3n, que se celebrar\u00e1 en septiembre.<\/p>\n","protected":false},"excerpt":{"rendered":"<p>Desde UAGA hemos participado esta semana en el Consejo Agrario impulsado por el Gobierno Vasco al que han sido convocados los principales agentes del sector de los tres territorios de Euskadi. La reuni\u00f3n, en la que el Gobierno present\u00f3 un informe con los principales cambios que se prev\u00e9n en la PAC 2021-2027, ha tenido como [&hellip;]<\/p>\n","protected":false},"author":4,"featured_media":3798,"comment_status":"closed","ping_status":"closed","sticky":false,"template":"","format":"standard","meta":{"footnotes":""},"categories":[4],"tags":[],"yoast_head":"<!-- This site is optimized with the Yoast SEO plugin v21.5 - https:\/\/yoast.com\/wordpress\/plugins\/seo\/ -->\n<title>UAGA participa en el Consejo Agrario de Gobierno Vasco\u00a0dedicado al debate de la PAC 2021-2027 - UAGA<\/title>\n<meta name=\"robots\" content=\"index, follow, max-snippet:-1, max-image-preview:large, max-video-preview:-1\" \/>\n<link rel=\"canonical\" href=\"https:\/\/www.uaga.eus\/uaga-participa-en-el-consejo-agrario-de-gobierno-vasco-dedicado-al-debate-de-la-pac-2021-2027\/\" \/>\n<meta property=\"og:locale\" content=\"en_US\" \/>\n<meta property=\"og:type\" content=\"article\" \/>\n<meta property=\"og:title\" content=\"UAGA participa en el Consejo Agrario de Gobierno Vasco\u00a0dedicado al debate de la PAC 2021-2027 - UAGA\" \/>\n<meta property=\"og:description\" content=\"Desde UAGA hemos participado esta semana en el Consejo Agrario impulsado por el Gobierno Vasco al que han sido convocados los principales agentes del sector de los tres territorios de Euskadi. La reuni\u00f3n, en la que el Gobierno present\u00f3 un informe con los principales cambios que se prev\u00e9n en la PAC 2021-2027, ha tenido como [&hellip;]\" \/>\n<meta property=\"og:url\" content=\"https:\/\/www.uaga.eus\/uaga-participa-en-el-consejo-agrario-de-gobierno-vasco-dedicado-al-debate-de-la-pac-2021-2027\/\" \/>\n<meta property=\"og:site_name\" content=\"UAGA\" \/>\n<meta property=\"article:published_time\" content=\"2018-07-20T11:12:06+00:00\" \/>\n<meta property=\"article:modified_time\" content=\"2018-07-22T12:56:21+00:00\" \/>\n<meta property=\"og:image\" content=\"https:\/\/www.uaga.eus\/wp-content\/uploads\/2018\/07\/consejo-agrario.jpeg\" \/>\n\t<meta property=\"og:image:width\" content=\"650\" \/>\n\t<meta property=\"og:image:height\" content=\"330\" \/>\n\t<meta property=\"og:image:type\" content=\"image\/jpeg\" \/>\n<meta name=\"author\" content=\"Blanca S\u00e1nchez\" \/>\n<meta name=\"twitter:card\" content=\"summary_large_image\" \/>\n<meta name=\"twitter:label1\" content=\"Written by\" \/>\n\t<meta name=\"twitter:data1\" content=\"Blanca S\u00e1nchez\" \/>\n\t<meta name=\"twitter:label2\" content=\"Est. reading time\" \/>\n\t<meta name=\"twitter:data2\" content=\"1 minutua\" \/>\n<script type=\"application\/ld+json\" class=\"yoast-schema-graph\">{\"@context\":\"https:\/\/schema.org\",\"@graph\":[{\"@type\":\"WebPage\",\"@id\":\"https:\/\/www.uaga.eus\/uaga-participa-en-el-consejo-agrario-de-gobierno-vasco-dedicado-al-debate-de-la-pac-2021-2027\/\",\"url\":\"https:\/\/www.uaga.eus\/uaga-participa-en-el-consejo-agrario-de-gobierno-vasco-dedicado-al-debate-de-la-pac-2021-2027\/\",\"name\":\"UAGA participa en el Consejo Agrario de Gobierno Vasco\u00a0dedicado al debate de la PAC 2021-2027 - UAGA\",\"isPartOf\":{\"@id\":\"https:\/\/www.uaga.eus\/#website\"},\"datePublished\":\"2018-07-20T11:12:06+00:00\",\"dateModified\":\"2018-07-22T12:56:21+00:00\",\"author\":{\"@id\":\"https:\/\/www.uaga.eus\/#\/schema\/person\/48c3cbf0f33d1b788226dbb6518689cf\"},\"breadcrumb\":{\"@id\":\"https:\/\/www.uaga.eus\/uaga-participa-en-el-consejo-agrario-de-gobierno-vasco-dedicado-al-debate-de-la-pac-2021-2027\/#breadcrumb\"},\"inLanguage\":\"eu\",\"potentialAction\":[{\"@type\":\"ReadAction\",\"target\":[\"https:\/\/www.uaga.eus\/uaga-participa-en-el-consejo-agrario-de-gobierno-vasco-dedicado-al-debate-de-la-pac-2021-2027\/\"]}]},{\"@type\":\"BreadcrumbList\",\"@id\":\"https:\/\/www.uaga.eus\/uaga-participa-en-el-consejo-agrario-de-gobierno-vasco-dedicado-al-debate-de-la-pac-2021-2027\/#breadcrumb\",\"itemListElement\":[{\"@type\":\"ListItem\",\"position\":1,\"name\":\"Inicio\",\"item\":\"https:\/\/www.uaga.eus\/\"},{\"@type\":\"ListItem\",\"position\":2,\"name\":\"UAGA participa en el Consejo Agrario del Gobierno Vasco\u00a0dedicado al debate de la PAC 2021-2027\"}]},{\"@type\":\"WebSite\",\"@id\":\"https:\/\/www.uaga.eus\/#website\",\"url\":\"https:\/\/www.uaga.eus\/\",\"name\":\"UAGA\",\"description\":\"Uni\u00f3n Agroganadera de \u00c1lava - Araba Nekazarien Elkartea\",\"potentialAction\":[{\"@type\":\"SearchAction\",\"target\":{\"@type\":\"EntryPoint\",\"urlTemplate\":\"https:\/\/www.uaga.eus\/?s={search_term_string}\"},\"query-input\":\"required name=search_term_string\"}],\"inLanguage\":\"eu\"},{\"@type\":\"Person\",\"@id\":\"https:\/\/www.uaga.eus\/#\/schema\/person\/48c3cbf0f33d1b788226dbb6518689cf\",\"name\":\"Blanca S\u00e1nchez\",\"image\":{\"@type\":\"ImageObject\",\"inLanguage\":\"eu\",\"@id\":\"https:\/\/www.uaga.eus\/#\/schema\/person\/image\/\",\"url\":\"https:\/\/secure.gravatar.com\/avatar\/0dc91c20648254b1ce84877283f6751b?s=96&d=mm&r=g\",\"contentUrl\":\"https:\/\/secure.gravatar.com\/avatar\/0dc91c20648254b1ce84877283f6751b?s=96&d=mm&r=g\",\"caption\":\"Blanca S\u00e1nchez\"},\"url\":\"https:\/\/www.uaga.eus\/eu\/author\/bsanchez\/\"}]}<\/script>\n<!-- \/ Yoast SEO plugin. -->","yoast_head_json":{"title":"UAGA participa en el Consejo Agrario de Gobierno Vasco\u00a0dedicado al debate de la PAC 2021-2027 - UAGA","robots":{"index":"index","follow":"follow","max-snippet":"max-snippet:-1","max-image-preview":"max-image-preview:large","max-video-preview":"max-video-preview:-1"},"canonical":"https:\/\/www.uaga.eus\/uaga-participa-en-el-consejo-agrario-de-gobierno-vasco-dedicado-al-debate-de-la-pac-2021-2027\/","og_locale":"en_US","og_type":"article","og_title":"UAGA participa en el Consejo Agrario de Gobierno Vasco\u00a0dedicado al debate de la PAC 2021-2027 - UAGA","og_description":"Desde UAGA hemos participado esta semana en el Consejo Agrario impulsado por el Gobierno Vasco al que han sido convocados los principales agentes del sector de los tres territorios de Euskadi. La reuni\u00f3n, en la que el Gobierno present\u00f3 un informe con los principales cambios que se prev\u00e9n en la PAC 2021-2027, ha tenido como [&hellip;]","og_url":"https:\/\/www.uaga.eus\/uaga-participa-en-el-consejo-agrario-de-gobierno-vasco-dedicado-al-debate-de-la-pac-2021-2027\/","og_site_name":"UAGA","article_published_time":"2018-07-20T11:12:06+00:00","article_modified_time":"2018-07-22T12:56:21+00:00","og_image":[{"width":650,"height":330,"url":"https:\/\/www.uaga.eus\/wp-content\/uploads\/2018\/07\/consejo-agrario.jpeg","type":"image\/jpeg"}],"author":"Blanca S\u00e1nchez","twitter_card":"summary_large_image","twitter_misc":{"Written by":"Blanca S\u00e1nchez","Est. reading time":"1 minutua"},"schema":{"@context":"https:\/\/schema.org","@graph":[{"@type":"WebPage","@id":"https:\/\/www.uaga.eus\/uaga-participa-en-el-consejo-agrario-de-gobierno-vasco-dedicado-al-debate-de-la-pac-2021-2027\/","url":"https:\/\/www.uaga.eus\/uaga-participa-en-el-consejo-agrario-de-gobierno-vasco-dedicado-al-debate-de-la-pac-2021-2027\/","name":"UAGA participa en el Consejo Agrario de Gobierno Vasco\u00a0dedicado al debate de la PAC 2021-2027 - UAGA","isPartOf":{"@id":"https:\/\/www.uaga.eus\/#website"},"datePublished":"2018-07-20T11:12:06+00:00","dateModified":"2018-07-22T12:56:21+00:00","author":{"@id":"https:\/\/www.uaga.eus\/#\/schema\/person\/48c3cbf0f33d1b788226dbb6518689cf"},"breadcrumb":{"@id":"https:\/\/www.uaga.eus\/uaga-participa-en-el-consejo-agrario-de-gobierno-vasco-dedicado-al-debate-de-la-pac-2021-2027\/#breadcrumb"},"inLanguage":"eu","potentialAction":[{"@type":"ReadAction","target":["https:\/\/www.uaga.eus\/uaga-participa-en-el-consejo-agrario-de-gobierno-vasco-dedicado-al-debate-de-la-pac-2021-2027\/"]}]},{"@type":"BreadcrumbList","@id":"https:\/\/www.uaga.eus\/uaga-participa-en-el-consejo-agrario-de-gobierno-vasco-dedicado-al-debate-de-la-pac-2021-2027\/#breadcrumb","itemListElement":[{"@type":"ListItem","position":1,"name":"Inicio","item":"https:\/\/www.uaga.eus\/"},{"@type":"ListItem","position":2,"name":"UAGA participa en el Consejo Agrario del Gobierno Vasco\u00a0dedicado al debate de la PAC 2021-2027"}]},{"@type":"WebSite","@id":"https:\/\/www.uaga.eus\/#website","url":"https:\/\/www.uaga.eus\/","name":"UAGA","description":"Uni\u00f3n Agroganadera de \u00c1lava - Araba Nekazarien Elkartea","potentialAction":[{"@type":"SearchAction","target":{"@type":"EntryPoint","urlTemplate":"https:\/\/www.uaga.eus\/?s={search_term_string}"},"query-input":"required name=search_term_string"}],"inLanguage":"eu"},{"@type":"Person","@id":"https:\/\/www.uaga.eus\/#\/schema\/person\/48c3cbf0f33d1b788226dbb6518689cf","name":"Blanca S\u00e1nchez","image":{"@type":"ImageObject","inLanguage":"eu","@id":"https:\/\/www.uaga.eus\/#\/schema\/person\/image\/","url":"https:\/\/secure.gravatar.com\/avatar\/0dc91c20648254b1ce84877283f6751b?s=96&d=mm&r=g","contentUrl":"https:\/\/secure.gravatar.com\/avatar\/0dc91c20648254b1ce84877283f6751b?s=96&d=mm&r=g","caption":"Blanca S\u00e1nchez"},"url":"https:\/\/www.uaga.eus\/eu\/author\/bsanchez\/"}]}},"_links":{"self":[{"href":"https:\/\/www.uaga.eus\/eu\/wp-json\/wp\/v2\/posts\/3797"}],"collection":[{"href":"https:\/\/www.uaga.eus\/eu\/wp-json\/wp\/v2\/posts"}],"about":[{"href":"https:\/\/www.uaga.eus\/eu\/wp-json\/wp\/v2\/types\/post"}],"author":[{"embeddable":true,"href":"https:\/\/www.uaga.eus\/eu\/wp-json\/wp\/v2\/users\/4"}],"replies":[{"embeddable":true,"href":"https:\/\/www.uaga.eus\/eu\/wp-json\/wp\/v2\/comments?post=3797"}],"version-history":[{"count":2,"href":"https:\/\/www.uaga.eus\/eu\/wp-json\/wp\/v2\/posts\/3797\/revisions"}],"predecessor-version":[{"id":3833,"href":"https:\/\/www.uaga.eus\/eu\/wp-json\/wp\/v2\/posts\/3797\/revisions\/3833"}],"wp:featuredmedia":[{"embeddable":true,"href":"https:\/\/www.uaga.eus\/eu\/wp-json\/wp\/v2\/media\/3798"}],"wp:attachment":[{"href":"https:\/\/www.uaga.eus\/eu\/wp-json\/wp\/v2\/media?parent=3797"}],"wp:term":[{"taxonomy":"category","embeddable":true,"href":"https:\/\/www.uaga.eus\/eu\/wp-json\/wp\/v2\/categories?post=3797"},{"taxonomy":"post_tag","embeddable":true,"href":"https:\/\/www.uaga.eus\/eu\/wp-json\/wp\/v2\/tags?post=3797"}],"curies":[{"name":"wp","href":"https:\/\/api.w.org\/{rel}","templated":true}]}}