{"id":3794,"date":"2018-07-20T11:09:49","date_gmt":"2018-07-20T11:09:49","guid":{"rendered":"https:\/\/www.uaga.eus\/?p=3794"},"modified":"2018-07-20T11:09:49","modified_gmt":"2018-07-20T11:09:49","slug":"uaga-te-anima-a-participar-en-la-feria-de-santiago-de-vitoria-gasteiz-el-25-de-julio-2","status":"publish","type":"post","link":"https:\/\/www.uaga.eus\/eu\/uaga-te-anima-a-participar-en-la-feria-de-santiago-de-vitoria-gasteiz-el-25-de-julio-2\/","title":{"rendered":"UAGA te anima a participar en la Feria de Santiago de Vitoria-Gasteiz el 25 de julio"},"content":{"rendered":"<p>El mi\u00e9rcoles se celebrar\u00e1 la Feria de Santiago de Vitoria-Gasteiz, este a\u00f1o dedicada especialmente a las mujeres agricultoras y ganaderas.<\/p>\n<p>Desde UAGA y Gure Soroa os animamos a participar en este d\u00eda de fiesta. A las 11 de la ma\u00f1ana<br \/>\nse realizar\u00e1 un acto de reconocimiento y visibilizaci\u00f3n hacia las mujeres agricultoras y ganaderas, por lo que nos gustar\u00eda contar con vuestra presencia. Quien lo desee puede acudir vestida de casera, como un s\u00edmbolo m\u00e1s de\u00a0este d\u00eda festivo.<\/p>\n<p>Puedes consultar aqu\u00ed el <a href=\"https:\/\/www.uaga.eus\/uaga-te-anima-a-participar-en-la-feria-de-santiago-de-vitoria-gasteiz-el-25-de-julio\/04-feria-santiago-diptico-2018\/\" rel=\"attachment wp-att-3541\" data-cke-saved-href=\"https:\/\/www.uaga.eus\/uaga-te-anima-a-participar-en-la-feria-de-santiago-de-vitoria-gasteiz-el-25-de-julio\/04-feria-santiago-diptico-2018\/\">programa<\/a>\u00a0de la Feria<\/p>\n<p>+ info Blanca: 628412202<\/p>\n","protected":false},"excerpt":{"rendered":"<p>El mi\u00e9rcoles se celebrar\u00e1 la Feria de Santiago de Vitoria-Gasteiz, este a\u00f1o dedicada especialmente a las mujeres agricultoras y ganaderas. Desde UAGA y Gure Soroa os animamos a participar en este d\u00eda de fiesta. A las 11 de la ma\u00f1ana se realizar\u00e1 un acto de reconocimiento y visibilizaci\u00f3n hacia las mujeres agricultoras y ganaderas, por [&hellip;]<\/p>\n","protected":false},"author":4,"featured_media":3533,"comment_status":"closed","ping_status":"closed","sticky":false,"template":"","format":"standard","meta":{"footnotes":""},"categories":[37],"tags":[],"yoast_head":"<!-- This site is optimized with the Yoast SEO plugin v21.5 - https:\/\/yoast.com\/wordpress\/plugins\/seo\/ -->\n<title>UAGA te anima a participar en la Feria de Santiago de Vitoria-Gasteiz el 25 de julio - UAGA<\/title>\n<meta name=\"robots\" content=\"index, follow, max-snippet:-1, max-image-preview:large, max-video-preview:-1\" \/>\n<link rel=\"canonical\" href=\"https:\/\/www.uaga.eus\/uaga-te-anima-a-participar-en-la-feria-de-santiago-de-vitoria-gasteiz-el-25-de-julio-2\/\" \/>\n<meta property=\"og:locale\" content=\"en_US\" \/>\n<meta property=\"og:type\" content=\"article\" \/>\n<meta property=\"og:title\" content=\"UAGA te anima a participar en la Feria de Santiago de Vitoria-Gasteiz el 25 de julio - UAGA\" \/>\n<meta property=\"og:description\" content=\"El mi\u00e9rcoles se celebrar\u00e1 la Feria de Santiago de Vitoria-Gasteiz, este a\u00f1o dedicada especialmente a las mujeres agricultoras y ganaderas. Desde UAGA y Gure Soroa os animamos a participar en este d\u00eda de fiesta. A las 11 de la ma\u00f1ana se realizar\u00e1 un acto de reconocimiento y visibilizaci\u00f3n hacia las mujeres agricultoras y ganaderas, por [&hellip;]\" \/>\n<meta property=\"og:url\" content=\"https:\/\/www.uaga.eus\/uaga-te-anima-a-participar-en-la-feria-de-santiago-de-vitoria-gasteiz-el-25-de-julio-2\/\" \/>\n<meta property=\"og:site_name\" content=\"UAGA\" \/>\n<meta property=\"article:published_time\" content=\"2018-07-20T11:09:49+00:00\" \/>\n<meta property=\"og:image\" content=\"https:\/\/www.uaga.eus\/wp-content\/uploads\/2018\/07\/recorte-folleto-santiago-e1531481673142.jpg\" \/>\n\t<meta property=\"og:image:width\" content=\"700\" \/>\n\t<meta property=\"og:image:height\" content=\"381\" \/>\n\t<meta property=\"og:image:type\" content=\"image\/jpeg\" \/>\n<meta name=\"author\" content=\"Blanca S\u00e1nchez\" \/>\n<meta name=\"twitter:card\" content=\"summary_large_image\" \/>\n<meta name=\"twitter:label1\" content=\"Written by\" \/>\n\t<meta name=\"twitter:data1\" content=\"Blanca S\u00e1nchez\" \/>\n<script type=\"application\/ld+json\" class=\"yoast-schema-graph\">{\"@context\":\"https:\/\/schema.org\",\"@graph\":[{\"@type\":\"WebPage\",\"@id\":\"https:\/\/www.uaga.eus\/uaga-te-anima-a-participar-en-la-feria-de-santiago-de-vitoria-gasteiz-el-25-de-julio-2\/\",\"url\":\"https:\/\/www.uaga.eus\/uaga-te-anima-a-participar-en-la-feria-de-santiago-de-vitoria-gasteiz-el-25-de-julio-2\/\",\"name\":\"UAGA te anima a participar en la Feria de Santiago de Vitoria-Gasteiz el 25 de julio - UAGA\",\"isPartOf\":{\"@id\":\"https:\/\/www.uaga.eus\/#website\"},\"datePublished\":\"2018-07-20T11:09:49+00:00\",\"dateModified\":\"2018-07-20T11:09:49+00:00\",\"author\":{\"@id\":\"https:\/\/www.uaga.eus\/#\/schema\/person\/48c3cbf0f33d1b788226dbb6518689cf\"},\"breadcrumb\":{\"@id\":\"https:\/\/www.uaga.eus\/uaga-te-anima-a-participar-en-la-feria-de-santiago-de-vitoria-gasteiz-el-25-de-julio-2\/#breadcrumb\"},\"inLanguage\":\"eu\",\"potentialAction\":[{\"@type\":\"ReadAction\",\"target\":[\"https:\/\/www.uaga.eus\/uaga-te-anima-a-participar-en-la-feria-de-santiago-de-vitoria-gasteiz-el-25-de-julio-2\/\"]}]},{\"@type\":\"BreadcrumbList\",\"@id\":\"https:\/\/www.uaga.eus\/uaga-te-anima-a-participar-en-la-feria-de-santiago-de-vitoria-gasteiz-el-25-de-julio-2\/#breadcrumb\",\"itemListElement\":[{\"@type\":\"ListItem\",\"position\":1,\"name\":\"Inicio\",\"item\":\"https:\/\/www.uaga.eus\/\"},{\"@type\":\"ListItem\",\"position\":2,\"name\":\"UAGA te anima a participar en la Feria de Santiago de Vitoria-Gasteiz el 25 de julio\"}]},{\"@type\":\"WebSite\",\"@id\":\"https:\/\/www.uaga.eus\/#website\",\"url\":\"https:\/\/www.uaga.eus\/\",\"name\":\"UAGA\",\"description\":\"Uni\u00f3n Agroganadera de \u00c1lava - Araba Nekazarien Elkartea\",\"potentialAction\":[{\"@type\":\"SearchAction\",\"target\":{\"@type\":\"EntryPoint\",\"urlTemplate\":\"https:\/\/www.uaga.eus\/?s={search_term_string}\"},\"query-input\":\"required name=search_term_string\"}],\"inLanguage\":\"eu\"},{\"@type\":\"Person\",\"@id\":\"https:\/\/www.uaga.eus\/#\/schema\/person\/48c3cbf0f33d1b788226dbb6518689cf\",\"name\":\"Blanca S\u00e1nchez\",\"image\":{\"@type\":\"ImageObject\",\"inLanguage\":\"eu\",\"@id\":\"https:\/\/www.uaga.eus\/#\/schema\/person\/image\/\",\"url\":\"https:\/\/secure.gravatar.com\/avatar\/0dc91c20648254b1ce84877283f6751b?s=96&d=mm&r=g\",\"contentUrl\":\"https:\/\/secure.gravatar.com\/avatar\/0dc91c20648254b1ce84877283f6751b?s=96&d=mm&r=g\",\"caption\":\"Blanca S\u00e1nchez\"},\"url\":\"https:\/\/www.uaga.eus\/eu\/author\/bsanchez\/\"}]}<\/script>\n<!-- \/ Yoast SEO plugin. -->","yoast_head_json":{"title":"UAGA te anima a participar en la Feria de Santiago de Vitoria-Gasteiz el 25 de julio - UAGA","robots":{"index":"index","follow":"follow","max-snippet":"max-snippet:-1","max-image-preview":"max-image-preview:large","max-video-preview":"max-video-preview:-1"},"canonical":"https:\/\/www.uaga.eus\/uaga-te-anima-a-participar-en-la-feria-de-santiago-de-vitoria-gasteiz-el-25-de-julio-2\/","og_locale":"en_US","og_type":"article","og_title":"UAGA te anima a participar en la Feria de Santiago de Vitoria-Gasteiz el 25 de julio - UAGA","og_description":"El mi\u00e9rcoles se celebrar\u00e1 la Feria de Santiago de Vitoria-Gasteiz, este a\u00f1o dedicada especialmente a las mujeres agricultoras y ganaderas. Desde UAGA y Gure Soroa os animamos a participar en este d\u00eda de fiesta. A las 11 de la ma\u00f1ana se realizar\u00e1 un acto de reconocimiento y visibilizaci\u00f3n hacia las mujeres agricultoras y ganaderas, por [&hellip;]","og_url":"https:\/\/www.uaga.eus\/uaga-te-anima-a-participar-en-la-feria-de-santiago-de-vitoria-gasteiz-el-25-de-julio-2\/","og_site_name":"UAGA","article_published_time":"2018-07-20T11:09:49+00:00","og_image":[{"width":700,"height":381,"url":"https:\/\/www.uaga.eus\/wp-content\/uploads\/2018\/07\/recorte-folleto-santiago-e1531481673142.jpg","type":"image\/jpeg"}],"author":"Blanca S\u00e1nchez","twitter_card":"summary_large_image","twitter_misc":{"Written by":"Blanca S\u00e1nchez"},"schema":{"@context":"https:\/\/schema.org","@graph":[{"@type":"WebPage","@id":"https:\/\/www.uaga.eus\/uaga-te-anima-a-participar-en-la-feria-de-santiago-de-vitoria-gasteiz-el-25-de-julio-2\/","url":"https:\/\/www.uaga.eus\/uaga-te-anima-a-participar-en-la-feria-de-santiago-de-vitoria-gasteiz-el-25-de-julio-2\/","name":"UAGA te anima a participar en la Feria de Santiago de Vitoria-Gasteiz el 25 de julio - UAGA","isPartOf":{"@id":"https:\/\/www.uaga.eus\/#website"},"datePublished":"2018-07-20T11:09:49+00:00","dateModified":"2018-07-20T11:09:49+00:00","author":{"@id":"https:\/\/www.uaga.eus\/#\/schema\/person\/48c3cbf0f33d1b788226dbb6518689cf"},"breadcrumb":{"@id":"https:\/\/www.uaga.eus\/uaga-te-anima-a-participar-en-la-feria-de-santiago-de-vitoria-gasteiz-el-25-de-julio-2\/#breadcrumb"},"inLanguage":"eu","potentialAction":[{"@type":"ReadAction","target":["https:\/\/www.uaga.eus\/uaga-te-anima-a-participar-en-la-feria-de-santiago-de-vitoria-gasteiz-el-25-de-julio-2\/"]}]},{"@type":"BreadcrumbList","@id":"https:\/\/www.uaga.eus\/uaga-te-anima-a-participar-en-la-feria-de-santiago-de-vitoria-gasteiz-el-25-de-julio-2\/#breadcrumb","itemListElement":[{"@type":"ListItem","position":1,"name":"Inicio","item":"https:\/\/www.uaga.eus\/"},{"@type":"ListItem","position":2,"name":"UAGA te anima a participar en la Feria de Santiago de Vitoria-Gasteiz el 25 de julio"}]},{"@type":"WebSite","@id":"https:\/\/www.uaga.eus\/#website","url":"https:\/\/www.uaga.eus\/","name":"UAGA","description":"Uni\u00f3n Agroganadera de \u00c1lava - Araba Nekazarien Elkartea","potentialAction":[{"@type":"SearchAction","target":{"@type":"EntryPoint","urlTemplate":"https:\/\/www.uaga.eus\/?s={search_term_string}"},"query-input":"required name=search_term_string"}],"inLanguage":"eu"},{"@type":"Person","@id":"https:\/\/www.uaga.eus\/#\/schema\/person\/48c3cbf0f33d1b788226dbb6518689cf","name":"Blanca S\u00e1nchez","image":{"@type":"ImageObject","inLanguage":"eu","@id":"https:\/\/www.uaga.eus\/#\/schema\/person\/image\/","url":"https:\/\/secure.gravatar.com\/avatar\/0dc91c20648254b1ce84877283f6751b?s=96&d=mm&r=g","contentUrl":"https:\/\/secure.gravatar.com\/avatar\/0dc91c20648254b1ce84877283f6751b?s=96&d=mm&r=g","caption":"Blanca S\u00e1nchez"},"url":"https:\/\/www.uaga.eus\/eu\/author\/bsanchez\/"}]}},"_links":{"self":[{"href":"https:\/\/www.uaga.eus\/eu\/wp-json\/wp\/v2\/posts\/3794"}],"collection":[{"href":"https:\/\/www.uaga.eus\/eu\/wp-json\/wp\/v2\/posts"}],"about":[{"href":"https:\/\/www.uaga.eus\/eu\/wp-json\/wp\/v2\/types\/post"}],"author":[{"embeddable":true,"href":"https:\/\/www.uaga.eus\/eu\/wp-json\/wp\/v2\/users\/4"}],"replies":[{"embeddable":true,"href":"https:\/\/www.uaga.eus\/eu\/wp-json\/wp\/v2\/comments?post=3794"}],"version-history":[{"count":2,"href":"https:\/\/www.uaga.eus\/eu\/wp-json\/wp\/v2\/posts\/3794\/revisions"}],"predecessor-version":[{"id":3796,"href":"https:\/\/www.uaga.eus\/eu\/wp-json\/wp\/v2\/posts\/3794\/revisions\/3796"}],"wp:featuredmedia":[{"embeddable":true,"href":"https:\/\/www.uaga.eus\/eu\/wp-json\/wp\/v2\/media\/3533"}],"wp:attachment":[{"href":"https:\/\/www.uaga.eus\/eu\/wp-json\/wp\/v2\/media?parent=3794"}],"wp:term":[{"taxonomy":"category","embeddable":true,"href":"https:\/\/www.uaga.eus\/eu\/wp-json\/wp\/v2\/categories?post=3794"},{"taxonomy":"post_tag","embeddable":true,"href":"https:\/\/www.uaga.eus\/eu\/wp-json\/wp\/v2\/tags?post=3794"}],"curies":[{"name":"wp","href":"https:\/\/api.w.org\/{rel}","templated":true}]}}