{"id":14755,"date":"2026-04-24T12:19:00","date_gmt":"2026-04-24T12:19:00","guid":{"rendered":"https:\/\/www.uaga.eus\/?p=14755"},"modified":"2026-04-24T12:34:43","modified_gmt":"2026-04-24T12:34:43","slug":"nuevo-reves-para-solaria-cae-solaria-zierbena-3","status":"publish","type":"post","link":"https:\/\/www.uaga.eus\/eu\/nuevo-reves-para-solaria-cae-solaria-zierbena-3\/","title":{"rendered":"Nuevo rev\u00e9s para Solaria: cae Solaria Zierbena 3"},"content":{"rendered":"<p>La Delegaci\u00f3n Territorial de Industria del Gobierno Vasco ha rechazado el proyecto de planta fotovoltaica \u201cSolaria Zierbena Solar 3\u201d, promovido por Solaria Eguzki Sorkuntza, S.L., en los municipios alaveses de Zigoitia y Zuia. La resoluci\u00f3n, fechada el 23 de abril de 2026, supone la desestimaci\u00f3n de la autorizaci\u00f3n administrativa previa y el archivo definitivo del expediente.<\/p>\n<p>El motivo principal de la decisi\u00f3n radica en la caducidad del permiso de acceso y conexi\u00f3n a la red el\u00e9ctrica, declarada por Red El\u00e9ctrica de Espa\u00f1a el pasado 27 de enero de 2026. Esta caducidad se produjo al no haberse obtenido a tiempo una Declaraci\u00f3n de Impacto Ambiental favorable, requisito indispensable dentro del plazo legal de 31 meses.<\/p>\n<p>Queda claro que la lucha tiene sus frutos, las alegaciones presentadas, la movilizaci\u00f3n popular y la lucha pol\u00edtica han surgido efecto. Solaria Kanpora! Lehen Sektorea Bizirik.<\/p>\n<p>&nbsp;<\/p>\n","protected":false},"excerpt":{"rendered":"<p>La Delegaci\u00f3n Territorial de Industria del Gobierno Vasco ha rechazado el proyecto de planta fotovoltaica \u201cSolaria Zierbena Solar 3\u201d, promovido por Solaria Eguzki Sorkuntza, S.L., en los municipios alaveses de Zigoitia y Zuia. La resoluci\u00f3n, fechada el 23 de abril de 2026, supone la desestimaci\u00f3n de la autorizaci\u00f3n administrativa previa y el archivo definitivo del [&hellip;]<\/p>\n","protected":false},"author":4,"featured_media":12121,"comment_status":"closed","ping_status":"closed","sticky":false,"template":"","format":"standard","meta":{"footnotes":""},"categories":[11],"tags":[],"yoast_head":"<!-- This site is optimized with the Yoast SEO plugin v21.5 - https:\/\/yoast.com\/wordpress\/plugins\/seo\/ -->\n<title>Nuevo rev\u00e9s para Solaria: cae Solaria Zierbena 3 - UAGA<\/title>\n<meta name=\"robots\" content=\"index, follow, max-snippet:-1, max-image-preview:large, max-video-preview:-1\" \/>\n<link rel=\"canonical\" href=\"https:\/\/www.uaga.eus\/nuevo-reves-para-solaria-cae-solaria-zierbena-3\/\" \/>\n<meta property=\"og:locale\" content=\"en_US\" \/>\n<meta property=\"og:type\" content=\"article\" \/>\n<meta property=\"og:title\" content=\"Nuevo rev\u00e9s para Solaria: cae Solaria Zierbena 3 - UAGA\" \/>\n<meta property=\"og:description\" content=\"La Delegaci\u00f3n Territorial de Industria del Gobierno Vasco ha rechazado el proyecto de planta fotovoltaica \u201cSolaria Zierbena Solar 3\u201d, promovido por Solaria Eguzki Sorkuntza, S.L., en los municipios alaveses de Zigoitia y Zuia. La resoluci\u00f3n, fechada el 23 de abril de 2026, supone la desestimaci\u00f3n de la autorizaci\u00f3n administrativa previa y el archivo definitivo del [&hellip;]\" \/>\n<meta property=\"og:url\" content=\"https:\/\/www.uaga.eus\/nuevo-reves-para-solaria-cae-solaria-zierbena-3\/\" \/>\n<meta property=\"og:site_name\" content=\"UAGA\" \/>\n<meta property=\"article:published_time\" content=\"2026-04-24T12:19:00+00:00\" \/>\n<meta property=\"article:modified_time\" content=\"2026-04-24T12:34:43+00:00\" \/>\n<meta property=\"og:image\" content=\"https:\/\/www.uaga.eus\/wp-content\/uploads\/2023\/12\/CONCENTRACION-SOLARIA.jpg\" \/>\n\t<meta property=\"og:image:width\" content=\"648\" \/>\n\t<meta property=\"og:image:height\" content=\"324\" \/>\n\t<meta property=\"og:image:type\" content=\"image\/jpeg\" \/>\n<meta name=\"author\" content=\"Blanca S\u00e1nchez\" \/>\n<meta name=\"twitter:card\" content=\"summary_large_image\" \/>\n<meta name=\"twitter:label1\" content=\"Written by\" \/>\n\t<meta name=\"twitter:data1\" content=\"Blanca S\u00e1nchez\" \/>\n\t<meta name=\"twitter:label2\" content=\"Est. reading time\" \/>\n\t<meta name=\"twitter:data2\" content=\"2 minutua\" \/>\n<script type=\"application\/ld+json\" class=\"yoast-schema-graph\">{\"@context\":\"https:\/\/schema.org\",\"@graph\":[{\"@type\":\"WebPage\",\"@id\":\"https:\/\/www.uaga.eus\/nuevo-reves-para-solaria-cae-solaria-zierbena-3\/\",\"url\":\"https:\/\/www.uaga.eus\/nuevo-reves-para-solaria-cae-solaria-zierbena-3\/\",\"name\":\"Nuevo rev\u00e9s para Solaria: cae Solaria Zierbena 3 - UAGA\",\"isPartOf\":{\"@id\":\"https:\/\/www.uaga.eus\/#website\"},\"datePublished\":\"2026-04-24T12:19:00+00:00\",\"dateModified\":\"2026-04-24T12:34:43+00:00\",\"author\":{\"@id\":\"https:\/\/www.uaga.eus\/#\/schema\/person\/48c3cbf0f33d1b788226dbb6518689cf\"},\"breadcrumb\":{\"@id\":\"https:\/\/www.uaga.eus\/nuevo-reves-para-solaria-cae-solaria-zierbena-3\/#breadcrumb\"},\"inLanguage\":\"eu\",\"potentialAction\":[{\"@type\":\"ReadAction\",\"target\":[\"https:\/\/www.uaga.eus\/nuevo-reves-para-solaria-cae-solaria-zierbena-3\/\"]}]},{\"@type\":\"BreadcrumbList\",\"@id\":\"https:\/\/www.uaga.eus\/nuevo-reves-para-solaria-cae-solaria-zierbena-3\/#breadcrumb\",\"itemListElement\":[{\"@type\":\"ListItem\",\"position\":1,\"name\":\"Inicio\",\"item\":\"https:\/\/www.uaga.eus\/\"},{\"@type\":\"ListItem\",\"position\":2,\"name\":\"Nuevo rev\u00e9s para Solaria, cae Solaria Zierbena 3\"}]},{\"@type\":\"WebSite\",\"@id\":\"https:\/\/www.uaga.eus\/#website\",\"url\":\"https:\/\/www.uaga.eus\/\",\"name\":\"UAGA\",\"description\":\"Uni\u00f3n Agroganadera de \u00c1lava - Araba Nekazarien Elkartea\",\"potentialAction\":[{\"@type\":\"SearchAction\",\"target\":{\"@type\":\"EntryPoint\",\"urlTemplate\":\"https:\/\/www.uaga.eus\/?s={search_term_string}\"},\"query-input\":\"required name=search_term_string\"}],\"inLanguage\":\"eu\"},{\"@type\":\"Person\",\"@id\":\"https:\/\/www.uaga.eus\/#\/schema\/person\/48c3cbf0f33d1b788226dbb6518689cf\",\"name\":\"Blanca S\u00e1nchez\",\"image\":{\"@type\":\"ImageObject\",\"inLanguage\":\"eu\",\"@id\":\"https:\/\/www.uaga.eus\/#\/schema\/person\/image\/\",\"url\":\"https:\/\/secure.gravatar.com\/avatar\/0dc91c20648254b1ce84877283f6751b?s=96&d=mm&r=g\",\"contentUrl\":\"https:\/\/secure.gravatar.com\/avatar\/0dc91c20648254b1ce84877283f6751b?s=96&d=mm&r=g\",\"caption\":\"Blanca S\u00e1nchez\"},\"url\":\"https:\/\/www.uaga.eus\/eu\/author\/bsanchez\/\"}]}<\/script>\n<!-- \/ Yoast SEO plugin. -->","yoast_head_json":{"title":"Nuevo rev\u00e9s para Solaria: cae Solaria Zierbena 3 - UAGA","robots":{"index":"index","follow":"follow","max-snippet":"max-snippet:-1","max-image-preview":"max-image-preview:large","max-video-preview":"max-video-preview:-1"},"canonical":"https:\/\/www.uaga.eus\/nuevo-reves-para-solaria-cae-solaria-zierbena-3\/","og_locale":"en_US","og_type":"article","og_title":"Nuevo rev\u00e9s para Solaria: cae Solaria Zierbena 3 - UAGA","og_description":"La Delegaci\u00f3n Territorial de Industria del Gobierno Vasco ha rechazado el proyecto de planta fotovoltaica \u201cSolaria Zierbena Solar 3\u201d, promovido por Solaria Eguzki Sorkuntza, S.L., en los municipios alaveses de Zigoitia y Zuia. La resoluci\u00f3n, fechada el 23 de abril de 2026, supone la desestimaci\u00f3n de la autorizaci\u00f3n administrativa previa y el archivo definitivo del [&hellip;]","og_url":"https:\/\/www.uaga.eus\/nuevo-reves-para-solaria-cae-solaria-zierbena-3\/","og_site_name":"UAGA","article_published_time":"2026-04-24T12:19:00+00:00","article_modified_time":"2026-04-24T12:34:43+00:00","og_image":[{"width":648,"height":324,"url":"https:\/\/www.uaga.eus\/wp-content\/uploads\/2023\/12\/CONCENTRACION-SOLARIA.jpg","type":"image\/jpeg"}],"author":"Blanca S\u00e1nchez","twitter_card":"summary_large_image","twitter_misc":{"Written by":"Blanca S\u00e1nchez","Est. reading time":"2 minutua"},"schema":{"@context":"https:\/\/schema.org","@graph":[{"@type":"WebPage","@id":"https:\/\/www.uaga.eus\/nuevo-reves-para-solaria-cae-solaria-zierbena-3\/","url":"https:\/\/www.uaga.eus\/nuevo-reves-para-solaria-cae-solaria-zierbena-3\/","name":"Nuevo rev\u00e9s para Solaria: cae Solaria Zierbena 3 - UAGA","isPartOf":{"@id":"https:\/\/www.uaga.eus\/#website"},"datePublished":"2026-04-24T12:19:00+00:00","dateModified":"2026-04-24T12:34:43+00:00","author":{"@id":"https:\/\/www.uaga.eus\/#\/schema\/person\/48c3cbf0f33d1b788226dbb6518689cf"},"breadcrumb":{"@id":"https:\/\/www.uaga.eus\/nuevo-reves-para-solaria-cae-solaria-zierbena-3\/#breadcrumb"},"inLanguage":"eu","potentialAction":[{"@type":"ReadAction","target":["https:\/\/www.uaga.eus\/nuevo-reves-para-solaria-cae-solaria-zierbena-3\/"]}]},{"@type":"BreadcrumbList","@id":"https:\/\/www.uaga.eus\/nuevo-reves-para-solaria-cae-solaria-zierbena-3\/#breadcrumb","itemListElement":[{"@type":"ListItem","position":1,"name":"Inicio","item":"https:\/\/www.uaga.eus\/"},{"@type":"ListItem","position":2,"name":"Nuevo rev\u00e9s para Solaria, cae Solaria Zierbena 3"}]},{"@type":"WebSite","@id":"https:\/\/www.uaga.eus\/#website","url":"https:\/\/www.uaga.eus\/","name":"UAGA","description":"Uni\u00f3n Agroganadera de \u00c1lava - Araba Nekazarien Elkartea","potentialAction":[{"@type":"SearchAction","target":{"@type":"EntryPoint","urlTemplate":"https:\/\/www.uaga.eus\/?s={search_term_string}"},"query-input":"required name=search_term_string"}],"inLanguage":"eu"},{"@type":"Person","@id":"https:\/\/www.uaga.eus\/#\/schema\/person\/48c3cbf0f33d1b788226dbb6518689cf","name":"Blanca S\u00e1nchez","image":{"@type":"ImageObject","inLanguage":"eu","@id":"https:\/\/www.uaga.eus\/#\/schema\/person\/image\/","url":"https:\/\/secure.gravatar.com\/avatar\/0dc91c20648254b1ce84877283f6751b?s=96&d=mm&r=g","contentUrl":"https:\/\/secure.gravatar.com\/avatar\/0dc91c20648254b1ce84877283f6751b?s=96&d=mm&r=g","caption":"Blanca S\u00e1nchez"},"url":"https:\/\/www.uaga.eus\/eu\/author\/bsanchez\/"}]}},"_links":{"self":[{"href":"https:\/\/www.uaga.eus\/eu\/wp-json\/wp\/v2\/posts\/14755"}],"collection":[{"href":"https:\/\/www.uaga.eus\/eu\/wp-json\/wp\/v2\/posts"}],"about":[{"href":"https:\/\/www.uaga.eus\/eu\/wp-json\/wp\/v2\/types\/post"}],"author":[{"embeddable":true,"href":"https:\/\/www.uaga.eus\/eu\/wp-json\/wp\/v2\/users\/4"}],"replies":[{"embeddable":true,"href":"https:\/\/www.uaga.eus\/eu\/wp-json\/wp\/v2\/comments?post=14755"}],"version-history":[{"count":4,"href":"https:\/\/www.uaga.eus\/eu\/wp-json\/wp\/v2\/posts\/14755\/revisions"}],"predecessor-version":[{"id":14759,"href":"https:\/\/www.uaga.eus\/eu\/wp-json\/wp\/v2\/posts\/14755\/revisions\/14759"}],"wp:featuredmedia":[{"embeddable":true,"href":"https:\/\/www.uaga.eus\/eu\/wp-json\/wp\/v2\/media\/12121"}],"wp:attachment":[{"href":"https:\/\/www.uaga.eus\/eu\/wp-json\/wp\/v2\/media?parent=14755"}],"wp:term":[{"taxonomy":"category","embeddable":true,"href":"https:\/\/www.uaga.eus\/eu\/wp-json\/wp\/v2\/categories?post=14755"},{"taxonomy":"post_tag","embeddable":true,"href":"https:\/\/www.uaga.eus\/eu\/wp-json\/wp\/v2\/tags?post=14755"}],"curies":[{"name":"wp","href":"https:\/\/api.w.org\/{rel}","templated":true}]}}