{"id":14735,"date":"2026-04-17T12:08:26","date_gmt":"2026-04-17T12:08:26","guid":{"rendered":"https:\/\/www.uaga.eus\/?p=14735"},"modified":"2026-04-17T12:25:54","modified_gmt":"2026-04-17T12:25:54","slug":"la-jornada-explicativa-de-inspeccion-de-trabajo-celebrada-en-rioja-alavesa-suscita-gran-interes","status":"publish","type":"post","link":"https:\/\/www.uaga.eus\/eu\/la-jornada-explicativa-de-inspeccion-de-trabajo-celebrada-en-rioja-alavesa-suscita-gran-interes\/","title":{"rendered":"Arabako Errioxan egindako lan-ikuskaritzako azalpen-jardunaldiak interes handia piztu du"},"content":{"rendered":"<p>UAGA ha organizado esta semana un jornada explicativa en la Cuadrilla de Rioja Alavesa a la que asistieron como ponentes el jefe de Inspecci\u00f3n Provincial de Trabajo y Seguridad Social de \u00c1lava, Miguel Echeazarra, y la representante de la subdelegaci\u00f3n de Gobierno en \u00c1lava, M\u00aa del Mar Dab\u00e1n.<\/p>\n<p>La sala de la Cuadrilla de Rioja Alavesa se llen\u00f3 por completo para escuchar las explicaciones del jefe de inspecci\u00f3n en materia de las contrataciones de personal temporero para las pr\u00f3ximas campa\u00f1as agr\u00edcolas, que comenzar\u00e1n este pr\u00f3ximo mes con la espergura y desniete en el vi\u00f1edo.<\/p>\n<p>En la jornada se abordaron temas de especial relevancia como las obligaciones generales que deben cumplir los agricultores en materia de Seguridad Social, la prevenci\u00f3n de las usurpaciones de identidad, la obligatoriedad de comprobar la situaci\u00f3n de alta de los trabajadores -tambi\u00e9n cuando se subcontrata a una empresa de servicios-, los tipos de contratos eventuales permitidos en las campa\u00f1as agr\u00edcolas, o los condicionantes para la correcta aplicaci\u00f3n de la normativa de prevenci\u00f3n de riesgos laborales.<\/p>\n<p>Las personas asistentes pudieron realizar todas las consultas directamente al jefe de inspecci\u00f3n y se intentaron resolver todas las dudas a los profesionales del sector, para reforzar y actualizar el conocimiento de la legislaci\u00f3n.<\/p>\n<p>Si tienes cualquier consulta en materia de contrataci\u00f3n laboral para las campa\u00f1as agr\u00edcolas puedes acercarte a las oficinas de UAGA e intentaremos ayudarte.<\/p>\n<p>Puedes\u00a0descargarte la presentaci\u00f3n realizada por inspecci\u00f3n de trabajo en el siguiente <a href=\"https:\/\/mcusercontent.com\/498b950ccfc4b8d0e600d7e48\/files\/92998dc6-7d33-2dbb-e0c1-55d7a1ccd50d\/20260415_presentacion_INSPECCION_TRABAJO_UAGA_ABRIL_2026.pdf\" target=\"_blank\" rel=\"noopener\" data-cke-saved-href=\"https:\/\/mcusercontent.com\/498b950ccfc4b8d0e600d7e48\/files\/92998dc6-7d33-2dbb-e0c1-55d7a1ccd50d\/20260415_presentacion_INSPECCION_TRABAJO_UAGA_ABRIL_2026.pdf\"><strong><u>enlace<\/u><\/strong><\/a>.<\/p>\n","protected":false},"excerpt":{"rendered":"<p>UAGA ha organizado esta semana un jornada explicativa en la Cuadrilla de Rioja Alavesa a la que asistieron como ponentes el jefe de Inspecci\u00f3n Provincial de Trabajo y Seguridad Social de \u00c1lava, Miguel Echeazarra, y la representante de la subdelegaci\u00f3n de Gobierno en \u00c1lava, M\u00aa del Mar Dab\u00e1n. La sala de la Cuadrilla de Rioja [&hellip;]<\/p>\n","protected":false},"author":4,"featured_media":14736,"comment_status":"closed","ping_status":"closed","sticky":false,"template":"","format":"standard","meta":{"footnotes":""},"categories":[1],"tags":[],"yoast_head":"<!-- This site is optimized with the Yoast SEO plugin v21.5 - https:\/\/yoast.com\/wordpress\/plugins\/seo\/ -->\n<title>Arabako Errioxan egindako lan-ikuskaritzako azalpen-jardunaldiak interes handia piztu du - UAGA<\/title>\n<meta name=\"robots\" content=\"index, follow, max-snippet:-1, max-image-preview:large, max-video-preview:-1\" \/>\n<link rel=\"canonical\" href=\"https:\/\/www.uaga.eus\/la-jornada-explicativa-de-inspeccion-de-trabajo-celebrada-en-rioja-alavesa-suscita-gran-interes\/\" \/>\n<meta property=\"og:locale\" content=\"en_US\" \/>\n<meta property=\"og:type\" content=\"article\" \/>\n<meta property=\"og:title\" content=\"Arabako Errioxan egindako lan-ikuskaritzako azalpen-jardunaldiak interes handia piztu du - UAGA\" \/>\n<meta property=\"og:description\" content=\"UAGA ha organizado esta semana un jornada explicativa en la Cuadrilla de Rioja Alavesa a la que asistieron como ponentes el jefe de Inspecci\u00f3n Provincial de Trabajo y Seguridad Social de \u00c1lava, Miguel Echeazarra, y la representante de la subdelegaci\u00f3n de Gobierno en \u00c1lava, M\u00aa del Mar Dab\u00e1n. La sala de la Cuadrilla de Rioja [&hellip;]\" \/>\n<meta property=\"og:url\" content=\"https:\/\/www.uaga.eus\/la-jornada-explicativa-de-inspeccion-de-trabajo-celebrada-en-rioja-alavesa-suscita-gran-interes\/\" \/>\n<meta property=\"og:site_name\" content=\"UAGA\" \/>\n<meta property=\"article:published_time\" content=\"2026-04-17T12:08:26+00:00\" \/>\n<meta property=\"article:modified_time\" content=\"2026-04-17T12:25:54+00:00\" \/>\n<meta property=\"og:image\" content=\"https:\/\/www.uaga.eus\/wp-content\/uploads\/2026\/04\/260415-jornada-inspeccion-trabajo.jpeg\" \/>\n\t<meta property=\"og:image:width\" content=\"650\" \/>\n\t<meta property=\"og:image:height\" content=\"366\" \/>\n\t<meta property=\"og:image:type\" content=\"image\/jpeg\" \/>\n<meta name=\"author\" content=\"Blanca S\u00e1nchez\" \/>\n<meta name=\"twitter:card\" content=\"summary_large_image\" \/>\n<meta name=\"twitter:label1\" content=\"Written by\" \/>\n\t<meta name=\"twitter:data1\" content=\"Blanca S\u00e1nchez\" \/>\n\t<meta name=\"twitter:label2\" content=\"Est. reading time\" \/>\n\t<meta name=\"twitter:data2\" content=\"2 minutua\" \/>\n<script type=\"application\/ld+json\" class=\"yoast-schema-graph\">{\"@context\":\"https:\/\/schema.org\",\"@graph\":[{\"@type\":\"WebPage\",\"@id\":\"https:\/\/www.uaga.eus\/la-jornada-explicativa-de-inspeccion-de-trabajo-celebrada-en-rioja-alavesa-suscita-gran-interes\/\",\"url\":\"https:\/\/www.uaga.eus\/la-jornada-explicativa-de-inspeccion-de-trabajo-celebrada-en-rioja-alavesa-suscita-gran-interes\/\",\"name\":\"Arabako Errioxan egindako lan-ikuskaritzako azalpen-jardunaldiak interes handia piztu du - UAGA\",\"isPartOf\":{\"@id\":\"https:\/\/www.uaga.eus\/#website\"},\"datePublished\":\"2026-04-17T12:08:26+00:00\",\"dateModified\":\"2026-04-17T12:25:54+00:00\",\"author\":{\"@id\":\"https:\/\/www.uaga.eus\/#\/schema\/person\/48c3cbf0f33d1b788226dbb6518689cf\"},\"breadcrumb\":{\"@id\":\"https:\/\/www.uaga.eus\/la-jornada-explicativa-de-inspeccion-de-trabajo-celebrada-en-rioja-alavesa-suscita-gran-interes\/#breadcrumb\"},\"inLanguage\":\"eu\",\"potentialAction\":[{\"@type\":\"ReadAction\",\"target\":[\"https:\/\/www.uaga.eus\/la-jornada-explicativa-de-inspeccion-de-trabajo-celebrada-en-rioja-alavesa-suscita-gran-interes\/\"]}]},{\"@type\":\"BreadcrumbList\",\"@id\":\"https:\/\/www.uaga.eus\/la-jornada-explicativa-de-inspeccion-de-trabajo-celebrada-en-rioja-alavesa-suscita-gran-interes\/#breadcrumb\",\"itemListElement\":[{\"@type\":\"ListItem\",\"position\":1,\"name\":\"Inicio\",\"item\":\"https:\/\/www.uaga.eus\/\"},{\"@type\":\"ListItem\",\"position\":2,\"name\":\"La jornada explicativa de inspecci\u00f3n de trabajo celebrada en Rioja Alavesa suscita gran inter\u00e9s\"}]},{\"@type\":\"WebSite\",\"@id\":\"https:\/\/www.uaga.eus\/#website\",\"url\":\"https:\/\/www.uaga.eus\/\",\"name\":\"UAGA\",\"description\":\"Uni\u00f3n Agroganadera de \u00c1lava - Araba Nekazarien Elkartea\",\"potentialAction\":[{\"@type\":\"SearchAction\",\"target\":{\"@type\":\"EntryPoint\",\"urlTemplate\":\"https:\/\/www.uaga.eus\/?s={search_term_string}\"},\"query-input\":\"required name=search_term_string\"}],\"inLanguage\":\"eu\"},{\"@type\":\"Person\",\"@id\":\"https:\/\/www.uaga.eus\/#\/schema\/person\/48c3cbf0f33d1b788226dbb6518689cf\",\"name\":\"Blanca S\u00e1nchez\",\"image\":{\"@type\":\"ImageObject\",\"inLanguage\":\"eu\",\"@id\":\"https:\/\/www.uaga.eus\/#\/schema\/person\/image\/\",\"url\":\"https:\/\/secure.gravatar.com\/avatar\/0dc91c20648254b1ce84877283f6751b?s=96&d=mm&r=g\",\"contentUrl\":\"https:\/\/secure.gravatar.com\/avatar\/0dc91c20648254b1ce84877283f6751b?s=96&d=mm&r=g\",\"caption\":\"Blanca S\u00e1nchez\"},\"url\":\"https:\/\/www.uaga.eus\/eu\/author\/bsanchez\/\"}]}<\/script>\n<!-- \/ Yoast SEO plugin. -->","yoast_head_json":{"title":"Arabako Errioxan egindako lan-ikuskaritzako azalpen-jardunaldiak interes handia piztu du - UAGA","robots":{"index":"index","follow":"follow","max-snippet":"max-snippet:-1","max-image-preview":"max-image-preview:large","max-video-preview":"max-video-preview:-1"},"canonical":"https:\/\/www.uaga.eus\/la-jornada-explicativa-de-inspeccion-de-trabajo-celebrada-en-rioja-alavesa-suscita-gran-interes\/","og_locale":"en_US","og_type":"article","og_title":"Arabako Errioxan egindako lan-ikuskaritzako azalpen-jardunaldiak interes handia piztu du - UAGA","og_description":"UAGA ha organizado esta semana un jornada explicativa en la Cuadrilla de Rioja Alavesa a la que asistieron como ponentes el jefe de Inspecci\u00f3n Provincial de Trabajo y Seguridad Social de \u00c1lava, Miguel Echeazarra, y la representante de la subdelegaci\u00f3n de Gobierno en \u00c1lava, M\u00aa del Mar Dab\u00e1n. La sala de la Cuadrilla de Rioja [&hellip;]","og_url":"https:\/\/www.uaga.eus\/la-jornada-explicativa-de-inspeccion-de-trabajo-celebrada-en-rioja-alavesa-suscita-gran-interes\/","og_site_name":"UAGA","article_published_time":"2026-04-17T12:08:26+00:00","article_modified_time":"2026-04-17T12:25:54+00:00","og_image":[{"width":650,"height":366,"url":"https:\/\/www.uaga.eus\/wp-content\/uploads\/2026\/04\/260415-jornada-inspeccion-trabajo.jpeg","type":"image\/jpeg"}],"author":"Blanca S\u00e1nchez","twitter_card":"summary_large_image","twitter_misc":{"Written by":"Blanca S\u00e1nchez","Est. reading time":"2 minutua"},"schema":{"@context":"https:\/\/schema.org","@graph":[{"@type":"WebPage","@id":"https:\/\/www.uaga.eus\/la-jornada-explicativa-de-inspeccion-de-trabajo-celebrada-en-rioja-alavesa-suscita-gran-interes\/","url":"https:\/\/www.uaga.eus\/la-jornada-explicativa-de-inspeccion-de-trabajo-celebrada-en-rioja-alavesa-suscita-gran-interes\/","name":"Arabako Errioxan egindako lan-ikuskaritzako azalpen-jardunaldiak interes handia piztu du - UAGA","isPartOf":{"@id":"https:\/\/www.uaga.eus\/#website"},"datePublished":"2026-04-17T12:08:26+00:00","dateModified":"2026-04-17T12:25:54+00:00","author":{"@id":"https:\/\/www.uaga.eus\/#\/schema\/person\/48c3cbf0f33d1b788226dbb6518689cf"},"breadcrumb":{"@id":"https:\/\/www.uaga.eus\/la-jornada-explicativa-de-inspeccion-de-trabajo-celebrada-en-rioja-alavesa-suscita-gran-interes\/#breadcrumb"},"inLanguage":"eu","potentialAction":[{"@type":"ReadAction","target":["https:\/\/www.uaga.eus\/la-jornada-explicativa-de-inspeccion-de-trabajo-celebrada-en-rioja-alavesa-suscita-gran-interes\/"]}]},{"@type":"BreadcrumbList","@id":"https:\/\/www.uaga.eus\/la-jornada-explicativa-de-inspeccion-de-trabajo-celebrada-en-rioja-alavesa-suscita-gran-interes\/#breadcrumb","itemListElement":[{"@type":"ListItem","position":1,"name":"Inicio","item":"https:\/\/www.uaga.eus\/"},{"@type":"ListItem","position":2,"name":"La jornada explicativa de inspecci\u00f3n de trabajo celebrada en Rioja Alavesa suscita gran inter\u00e9s"}]},{"@type":"WebSite","@id":"https:\/\/www.uaga.eus\/#website","url":"https:\/\/www.uaga.eus\/","name":"UAGA","description":"Uni\u00f3n Agroganadera de \u00c1lava - Araba Nekazarien Elkartea","potentialAction":[{"@type":"SearchAction","target":{"@type":"EntryPoint","urlTemplate":"https:\/\/www.uaga.eus\/?s={search_term_string}"},"query-input":"required name=search_term_string"}],"inLanguage":"eu"},{"@type":"Person","@id":"https:\/\/www.uaga.eus\/#\/schema\/person\/48c3cbf0f33d1b788226dbb6518689cf","name":"Blanca S\u00e1nchez","image":{"@type":"ImageObject","inLanguage":"eu","@id":"https:\/\/www.uaga.eus\/#\/schema\/person\/image\/","url":"https:\/\/secure.gravatar.com\/avatar\/0dc91c20648254b1ce84877283f6751b?s=96&d=mm&r=g","contentUrl":"https:\/\/secure.gravatar.com\/avatar\/0dc91c20648254b1ce84877283f6751b?s=96&d=mm&r=g","caption":"Blanca S\u00e1nchez"},"url":"https:\/\/www.uaga.eus\/eu\/author\/bsanchez\/"}]}},"_links":{"self":[{"href":"https:\/\/www.uaga.eus\/eu\/wp-json\/wp\/v2\/posts\/14735"}],"collection":[{"href":"https:\/\/www.uaga.eus\/eu\/wp-json\/wp\/v2\/posts"}],"about":[{"href":"https:\/\/www.uaga.eus\/eu\/wp-json\/wp\/v2\/types\/post"}],"author":[{"embeddable":true,"href":"https:\/\/www.uaga.eus\/eu\/wp-json\/wp\/v2\/users\/4"}],"replies":[{"embeddable":true,"href":"https:\/\/www.uaga.eus\/eu\/wp-json\/wp\/v2\/comments?post=14735"}],"version-history":[{"count":2,"href":"https:\/\/www.uaga.eus\/eu\/wp-json\/wp\/v2\/posts\/14735\/revisions"}],"predecessor-version":[{"id":14738,"href":"https:\/\/www.uaga.eus\/eu\/wp-json\/wp\/v2\/posts\/14735\/revisions\/14738"}],"wp:featuredmedia":[{"embeddable":true,"href":"https:\/\/www.uaga.eus\/eu\/wp-json\/wp\/v2\/media\/14736"}],"wp:attachment":[{"href":"https:\/\/www.uaga.eus\/eu\/wp-json\/wp\/v2\/media?parent=14735"}],"wp:term":[{"taxonomy":"category","embeddable":true,"href":"https:\/\/www.uaga.eus\/eu\/wp-json\/wp\/v2\/categories?post=14735"},{"taxonomy":"post_tag","embeddable":true,"href":"https:\/\/www.uaga.eus\/eu\/wp-json\/wp\/v2\/tags?post=14735"}],"curies":[{"name":"wp","href":"https:\/\/api.w.org\/{rel}","templated":true}]}}