{"id":14728,"date":"2026-04-17T12:05:09","date_gmt":"2026-04-17T12:05:09","guid":{"rendered":"https:\/\/www.uaga.eus\/?p=14728"},"modified":"2026-04-17T12:05:20","modified_gmt":"2026-04-17T12:05:20","slug":"uaga-participa-en-la-comision-de-seguimiento-de-la-pac-de-gobierno-vasco","status":"publish","type":"post","link":"https:\/\/www.uaga.eus\/eu\/uaga-participa-en-la-comision-de-seguimiento-de-la-pac-de-gobierno-vasco\/","title":{"rendered":"UAGAk Eusko Jaurlaritzaren NPBren jarraipen-batzordean parte hartu du"},"content":{"rendered":"<div>\n<p>La semana pasada se convoc\u00f3 una comisi\u00f3n de seguimiento de la PAC en Lakua, en la que adem\u00e1s del Gobierno, participaron diferentes entidades agrarias y sindicatos.<\/p>\n<p>En esta jornada se desgranaron algunas de las novedades que dibuja la nueva propuesta para 2028-2034. Aunque faltan muchas cosas por aclarar, hay algunas ideas que s\u00ed parecen concretarse, como la desaparici\u00f3n de los derechos.<\/p>\n<p>Hay preguntas a\u00fan sin resolver que ser\u00e1n fundamentales para el desarrollo del nuevo plan:<\/p>\n<ul>\n<li>\u00bfC\u00f3mo ser\u00e1 la gobernanza del nuevo plan?<\/li>\n<li>\u00bfQui\u00e9n podr\u00e1 ser beneficiario?<\/li>\n<li>\u00bfQu\u00e9 papel le dejaran a las personas jubiladas?<\/li>\n<\/ul>\n<p>UAGA fue el principal defensor de las personas agricultoras y ganaderas profesionales, defendiendo la postura del sector alav\u00e9s y sus caracter\u00edsticas. En nuestra opini\u00f3n, el debate no debe estar tanto en qui\u00e9nes reciben las ayudas, sino en la responsabilidad de las administraciones que recortan los presupuestos. En cualquier caso, los profesionales que tienen su sustento en la actividad agr\u00edcola no pueden verse perjudicados..<\/p>\n<p>Por \u00faltimo, parece que se pretende impedir que las personas en edad de jubilaci\u00f3n puedan ser beneficiarse dela PAC. Por parte de UAGA, aunque \u00e9sta pueda ser una medida razonable, se solicit\u00f3 dar una alternativa a estas personas afectadas ya que normalmente siguen solicitando la PAC por contar con una pensi\u00f3n muy baja.<\/p>\n<\/div>\n","protected":false},"excerpt":{"rendered":"<p>La semana pasada se convoc\u00f3 una comisi\u00f3n de seguimiento de la PAC en Lakua, en la que adem\u00e1s del Gobierno, participaron diferentes entidades agrarias y sindicatos. En esta jornada se desgranaron algunas de las novedades que dibuja la nueva propuesta para 2028-2034. Aunque faltan muchas cosas por aclarar, hay algunas ideas que s\u00ed parecen concretarse, [&hellip;]<\/p>\n","protected":false},"author":4,"featured_media":14729,"comment_status":"closed","ping_status":"closed","sticky":false,"template":"","format":"standard","meta":{"footnotes":""},"categories":[4],"tags":[],"yoast_head":"<!-- This site is optimized with the Yoast SEO plugin v21.5 - https:\/\/yoast.com\/wordpress\/plugins\/seo\/ -->\n<title>UAGAk Eusko Jaurlaritzaren NPBren jarraipen-batzordean parte hartu du - UAGA<\/title>\n<meta name=\"robots\" content=\"index, follow, max-snippet:-1, max-image-preview:large, max-video-preview:-1\" \/>\n<link rel=\"canonical\" href=\"https:\/\/www.uaga.eus\/uaga-participa-en-la-comision-de-seguimiento-de-la-pac-de-gobierno-vasco\/\" \/>\n<meta property=\"og:locale\" content=\"en_US\" \/>\n<meta property=\"og:type\" content=\"article\" \/>\n<meta property=\"og:title\" content=\"UAGAk Eusko Jaurlaritzaren NPBren jarraipen-batzordean parte hartu du - UAGA\" \/>\n<meta property=\"og:description\" content=\"La semana pasada se convoc\u00f3 una comisi\u00f3n de seguimiento de la PAC en Lakua, en la que adem\u00e1s del Gobierno, participaron diferentes entidades agrarias y sindicatos. En esta jornada se desgranaron algunas de las novedades que dibuja la nueva propuesta para 2028-2034. Aunque faltan muchas cosas por aclarar, hay algunas ideas que s\u00ed parecen concretarse, [&hellip;]\" \/>\n<meta property=\"og:url\" content=\"https:\/\/www.uaga.eus\/uaga-participa-en-la-comision-de-seguimiento-de-la-pac-de-gobierno-vasco\/\" \/>\n<meta property=\"og:site_name\" content=\"UAGA\" \/>\n<meta property=\"article:published_time\" content=\"2026-04-17T12:05:09+00:00\" \/>\n<meta property=\"article:modified_time\" content=\"2026-04-17T12:05:20+00:00\" \/>\n<meta property=\"og:image\" content=\"https:\/\/www.uaga.eus\/wp-content\/uploads\/2026\/04\/paisaje-trevino-cereal.jpg\" \/>\n\t<meta property=\"og:image:width\" content=\"650\" \/>\n\t<meta property=\"og:image:height\" content=\"366\" \/>\n\t<meta property=\"og:image:type\" content=\"image\/jpeg\" \/>\n<meta name=\"author\" content=\"Blanca S\u00e1nchez\" \/>\n<meta name=\"twitter:card\" content=\"summary_large_image\" \/>\n<meta name=\"twitter:label1\" content=\"Written by\" \/>\n\t<meta name=\"twitter:data1\" content=\"Blanca S\u00e1nchez\" \/>\n\t<meta name=\"twitter:label2\" content=\"Est. reading time\" \/>\n\t<meta name=\"twitter:data2\" content=\"1 minutua\" \/>\n<script type=\"application\/ld+json\" class=\"yoast-schema-graph\">{\"@context\":\"https:\/\/schema.org\",\"@graph\":[{\"@type\":\"WebPage\",\"@id\":\"https:\/\/www.uaga.eus\/uaga-participa-en-la-comision-de-seguimiento-de-la-pac-de-gobierno-vasco\/\",\"url\":\"https:\/\/www.uaga.eus\/uaga-participa-en-la-comision-de-seguimiento-de-la-pac-de-gobierno-vasco\/\",\"name\":\"UAGAk Eusko Jaurlaritzaren NPBren jarraipen-batzordean parte hartu du - UAGA\",\"isPartOf\":{\"@id\":\"https:\/\/www.uaga.eus\/#website\"},\"datePublished\":\"2026-04-17T12:05:09+00:00\",\"dateModified\":\"2026-04-17T12:05:20+00:00\",\"author\":{\"@id\":\"https:\/\/www.uaga.eus\/#\/schema\/person\/48c3cbf0f33d1b788226dbb6518689cf\"},\"breadcrumb\":{\"@id\":\"https:\/\/www.uaga.eus\/uaga-participa-en-la-comision-de-seguimiento-de-la-pac-de-gobierno-vasco\/#breadcrumb\"},\"inLanguage\":\"eu\",\"potentialAction\":[{\"@type\":\"ReadAction\",\"target\":[\"https:\/\/www.uaga.eus\/uaga-participa-en-la-comision-de-seguimiento-de-la-pac-de-gobierno-vasco\/\"]}]},{\"@type\":\"BreadcrumbList\",\"@id\":\"https:\/\/www.uaga.eus\/uaga-participa-en-la-comision-de-seguimiento-de-la-pac-de-gobierno-vasco\/#breadcrumb\",\"itemListElement\":[{\"@type\":\"ListItem\",\"position\":1,\"name\":\"Inicio\",\"item\":\"https:\/\/www.uaga.eus\/\"},{\"@type\":\"ListItem\",\"position\":2,\"name\":\"UAGA participa en la comisi\u00f3n de seguimiento de la PAC de Gobierno Vasco\"}]},{\"@type\":\"WebSite\",\"@id\":\"https:\/\/www.uaga.eus\/#website\",\"url\":\"https:\/\/www.uaga.eus\/\",\"name\":\"UAGA\",\"description\":\"Uni\u00f3n Agroganadera de \u00c1lava - Araba Nekazarien Elkartea\",\"potentialAction\":[{\"@type\":\"SearchAction\",\"target\":{\"@type\":\"EntryPoint\",\"urlTemplate\":\"https:\/\/www.uaga.eus\/?s={search_term_string}\"},\"query-input\":\"required name=search_term_string\"}],\"inLanguage\":\"eu\"},{\"@type\":\"Person\",\"@id\":\"https:\/\/www.uaga.eus\/#\/schema\/person\/48c3cbf0f33d1b788226dbb6518689cf\",\"name\":\"Blanca S\u00e1nchez\",\"image\":{\"@type\":\"ImageObject\",\"inLanguage\":\"eu\",\"@id\":\"https:\/\/www.uaga.eus\/#\/schema\/person\/image\/\",\"url\":\"https:\/\/secure.gravatar.com\/avatar\/0dc91c20648254b1ce84877283f6751b?s=96&d=mm&r=g\",\"contentUrl\":\"https:\/\/secure.gravatar.com\/avatar\/0dc91c20648254b1ce84877283f6751b?s=96&d=mm&r=g\",\"caption\":\"Blanca S\u00e1nchez\"},\"url\":\"https:\/\/www.uaga.eus\/eu\/author\/bsanchez\/\"}]}<\/script>\n<!-- \/ Yoast SEO plugin. -->","yoast_head_json":{"title":"UAGAk Eusko Jaurlaritzaren NPBren jarraipen-batzordean parte hartu du - UAGA","robots":{"index":"index","follow":"follow","max-snippet":"max-snippet:-1","max-image-preview":"max-image-preview:large","max-video-preview":"max-video-preview:-1"},"canonical":"https:\/\/www.uaga.eus\/uaga-participa-en-la-comision-de-seguimiento-de-la-pac-de-gobierno-vasco\/","og_locale":"en_US","og_type":"article","og_title":"UAGAk Eusko Jaurlaritzaren NPBren jarraipen-batzordean parte hartu du - UAGA","og_description":"La semana pasada se convoc\u00f3 una comisi\u00f3n de seguimiento de la PAC en Lakua, en la que adem\u00e1s del Gobierno, participaron diferentes entidades agrarias y sindicatos. En esta jornada se desgranaron algunas de las novedades que dibuja la nueva propuesta para 2028-2034. Aunque faltan muchas cosas por aclarar, hay algunas ideas que s\u00ed parecen concretarse, [&hellip;]","og_url":"https:\/\/www.uaga.eus\/uaga-participa-en-la-comision-de-seguimiento-de-la-pac-de-gobierno-vasco\/","og_site_name":"UAGA","article_published_time":"2026-04-17T12:05:09+00:00","article_modified_time":"2026-04-17T12:05:20+00:00","og_image":[{"width":650,"height":366,"url":"https:\/\/www.uaga.eus\/wp-content\/uploads\/2026\/04\/paisaje-trevino-cereal.jpg","type":"image\/jpeg"}],"author":"Blanca S\u00e1nchez","twitter_card":"summary_large_image","twitter_misc":{"Written by":"Blanca S\u00e1nchez","Est. reading time":"1 minutua"},"schema":{"@context":"https:\/\/schema.org","@graph":[{"@type":"WebPage","@id":"https:\/\/www.uaga.eus\/uaga-participa-en-la-comision-de-seguimiento-de-la-pac-de-gobierno-vasco\/","url":"https:\/\/www.uaga.eus\/uaga-participa-en-la-comision-de-seguimiento-de-la-pac-de-gobierno-vasco\/","name":"UAGAk Eusko Jaurlaritzaren NPBren jarraipen-batzordean parte hartu du - UAGA","isPartOf":{"@id":"https:\/\/www.uaga.eus\/#website"},"datePublished":"2026-04-17T12:05:09+00:00","dateModified":"2026-04-17T12:05:20+00:00","author":{"@id":"https:\/\/www.uaga.eus\/#\/schema\/person\/48c3cbf0f33d1b788226dbb6518689cf"},"breadcrumb":{"@id":"https:\/\/www.uaga.eus\/uaga-participa-en-la-comision-de-seguimiento-de-la-pac-de-gobierno-vasco\/#breadcrumb"},"inLanguage":"eu","potentialAction":[{"@type":"ReadAction","target":["https:\/\/www.uaga.eus\/uaga-participa-en-la-comision-de-seguimiento-de-la-pac-de-gobierno-vasco\/"]}]},{"@type":"BreadcrumbList","@id":"https:\/\/www.uaga.eus\/uaga-participa-en-la-comision-de-seguimiento-de-la-pac-de-gobierno-vasco\/#breadcrumb","itemListElement":[{"@type":"ListItem","position":1,"name":"Inicio","item":"https:\/\/www.uaga.eus\/"},{"@type":"ListItem","position":2,"name":"UAGA participa en la comisi\u00f3n de seguimiento de la PAC de Gobierno Vasco"}]},{"@type":"WebSite","@id":"https:\/\/www.uaga.eus\/#website","url":"https:\/\/www.uaga.eus\/","name":"UAGA","description":"Uni\u00f3n Agroganadera de \u00c1lava - Araba Nekazarien Elkartea","potentialAction":[{"@type":"SearchAction","target":{"@type":"EntryPoint","urlTemplate":"https:\/\/www.uaga.eus\/?s={search_term_string}"},"query-input":"required name=search_term_string"}],"inLanguage":"eu"},{"@type":"Person","@id":"https:\/\/www.uaga.eus\/#\/schema\/person\/48c3cbf0f33d1b788226dbb6518689cf","name":"Blanca S\u00e1nchez","image":{"@type":"ImageObject","inLanguage":"eu","@id":"https:\/\/www.uaga.eus\/#\/schema\/person\/image\/","url":"https:\/\/secure.gravatar.com\/avatar\/0dc91c20648254b1ce84877283f6751b?s=96&d=mm&r=g","contentUrl":"https:\/\/secure.gravatar.com\/avatar\/0dc91c20648254b1ce84877283f6751b?s=96&d=mm&r=g","caption":"Blanca S\u00e1nchez"},"url":"https:\/\/www.uaga.eus\/eu\/author\/bsanchez\/"}]}},"_links":{"self":[{"href":"https:\/\/www.uaga.eus\/eu\/wp-json\/wp\/v2\/posts\/14728"}],"collection":[{"href":"https:\/\/www.uaga.eus\/eu\/wp-json\/wp\/v2\/posts"}],"about":[{"href":"https:\/\/www.uaga.eus\/eu\/wp-json\/wp\/v2\/types\/post"}],"author":[{"embeddable":true,"href":"https:\/\/www.uaga.eus\/eu\/wp-json\/wp\/v2\/users\/4"}],"replies":[{"embeddable":true,"href":"https:\/\/www.uaga.eus\/eu\/wp-json\/wp\/v2\/comments?post=14728"}],"version-history":[{"count":1,"href":"https:\/\/www.uaga.eus\/eu\/wp-json\/wp\/v2\/posts\/14728\/revisions"}],"predecessor-version":[{"id":14730,"href":"https:\/\/www.uaga.eus\/eu\/wp-json\/wp\/v2\/posts\/14728\/revisions\/14730"}],"wp:featuredmedia":[{"embeddable":true,"href":"https:\/\/www.uaga.eus\/eu\/wp-json\/wp\/v2\/media\/14729"}],"wp:attachment":[{"href":"https:\/\/www.uaga.eus\/eu\/wp-json\/wp\/v2\/media?parent=14728"}],"wp:term":[{"taxonomy":"category","embeddable":true,"href":"https:\/\/www.uaga.eus\/eu\/wp-json\/wp\/v2\/categories?post=14728"},{"taxonomy":"post_tag","embeddable":true,"href":"https:\/\/www.uaga.eus\/eu\/wp-json\/wp\/v2\/tags?post=14728"}],"curies":[{"name":"wp","href":"https:\/\/api.w.org\/{rel}","templated":true}]}}