{"id":14726,"date":"2026-04-17T12:03:13","date_gmt":"2026-04-17T12:03:13","guid":{"rendered":"https:\/\/www.uaga.eus\/?p=14726"},"modified":"2026-04-17T12:03:32","modified_gmt":"2026-04-17T12:03:32","slug":"los-planes-sectoriales-de-vacuno-sin-presupuesto","status":"publish","type":"post","link":"https:\/\/www.uaga.eus\/eu\/los-planes-sectoriales-de-vacuno-sin-presupuesto\/","title":{"rendered":"Behi-aziendaren plan sektorialak, aurrekonturik gabe"},"content":{"rendered":"<p>Esta semana han tenido lugar\u00a0 las reuniones de seguimientos de los planes sectoriales de vacuno que plantea desarrollar el Gobierno Vasco, en los que ha participado UAGA. En anteriores jornadas participativas se analiz\u00f3 el contexto y se estudiaron\u00a0las debilidades, fortalezas, amenazas y oportunidades concretas que tienen tanto el sector vacuno de carne\u00a0como el de leche.<\/p>\n<p>En las sesiones actuales se ha analizado el borrador de conclusiones y estrategias, sin embargo ambos incurren en los mismos errores. Aunque la ley de pol\u00edtica agraria marca que los planes sectoriales deben de contar con un marco financiero y calendario de acciones, el documento presentado no cuenta con presupuesto, ni calendario, ni definici\u00f3n de acciones concretas.<\/p>\n<p>As\u00ed dif\u00edcilmente se va a poder aterrizar ning\u00fan proyecto a la realidad y el impacto de estos planes se disuelve en documentos te\u00f3ricos.<\/p>\n","protected":false},"excerpt":{"rendered":"<p>Esta semana han tenido lugar\u00a0 las reuniones de seguimientos de los planes sectoriales de vacuno que plantea desarrollar el Gobierno Vasco, en los que ha participado UAGA. En anteriores jornadas participativas se analiz\u00f3 el contexto y se estudiaron\u00a0las debilidades, fortalezas, amenazas y oportunidades concretas que tienen tanto el sector vacuno de carne\u00a0como el de leche. [&hellip;]<\/p>\n","protected":false},"author":4,"featured_media":9165,"comment_status":"closed","ping_status":"closed","sticky":false,"template":"","format":"standard","meta":{"footnotes":""},"categories":[8,4],"tags":[],"yoast_head":"<!-- This site is optimized with the Yoast SEO plugin v21.5 - https:\/\/yoast.com\/wordpress\/plugins\/seo\/ -->\n<title>Behi-aziendaren plan sektorialak, aurrekonturik gabe - UAGA<\/title>\n<meta name=\"robots\" content=\"index, follow, max-snippet:-1, max-image-preview:large, max-video-preview:-1\" \/>\n<link rel=\"canonical\" href=\"https:\/\/www.uaga.eus\/los-planes-sectoriales-de-vacuno-sin-presupuesto\/\" \/>\n<meta property=\"og:locale\" content=\"en_US\" \/>\n<meta property=\"og:type\" content=\"article\" \/>\n<meta property=\"og:title\" content=\"Behi-aziendaren plan sektorialak, aurrekonturik gabe - UAGA\" \/>\n<meta property=\"og:description\" content=\"Esta semana han tenido lugar\u00a0 las reuniones de seguimientos de los planes sectoriales de vacuno que plantea desarrollar el Gobierno Vasco, en los que ha participado UAGA. En anteriores jornadas participativas se analiz\u00f3 el contexto y se estudiaron\u00a0las debilidades, fortalezas, amenazas y oportunidades concretas que tienen tanto el sector vacuno de carne\u00a0como el de leche. [&hellip;]\" \/>\n<meta property=\"og:url\" content=\"https:\/\/www.uaga.eus\/los-planes-sectoriales-de-vacuno-sin-presupuesto\/\" \/>\n<meta property=\"og:site_name\" content=\"UAGA\" \/>\n<meta property=\"article:published_time\" content=\"2026-04-17T12:03:13+00:00\" \/>\n<meta property=\"article:modified_time\" content=\"2026-04-17T12:03:32+00:00\" \/>\n<meta property=\"og:image\" content=\"https:\/\/www.uaga.eus\/wp-content\/uploads\/2021\/07\/P20-1-e1627042895647.jpg\" \/>\n\t<meta property=\"og:image:width\" content=\"700\" \/>\n\t<meta property=\"og:image:height\" content=\"434\" \/>\n\t<meta property=\"og:image:type\" content=\"image\/jpeg\" \/>\n<meta name=\"author\" content=\"Blanca S\u00e1nchez\" \/>\n<meta name=\"twitter:card\" content=\"summary_large_image\" \/>\n<meta name=\"twitter:label1\" content=\"Written by\" \/>\n\t<meta name=\"twitter:data1\" content=\"Blanca S\u00e1nchez\" \/>\n\t<meta name=\"twitter:label2\" content=\"Est. reading time\" \/>\n\t<meta name=\"twitter:data2\" content=\"1 minutua\" \/>\n<script type=\"application\/ld+json\" class=\"yoast-schema-graph\">{\"@context\":\"https:\/\/schema.org\",\"@graph\":[{\"@type\":\"WebPage\",\"@id\":\"https:\/\/www.uaga.eus\/los-planes-sectoriales-de-vacuno-sin-presupuesto\/\",\"url\":\"https:\/\/www.uaga.eus\/los-planes-sectoriales-de-vacuno-sin-presupuesto\/\",\"name\":\"Behi-aziendaren plan sektorialak, aurrekonturik gabe - UAGA\",\"isPartOf\":{\"@id\":\"https:\/\/www.uaga.eus\/#website\"},\"datePublished\":\"2026-04-17T12:03:13+00:00\",\"dateModified\":\"2026-04-17T12:03:32+00:00\",\"author\":{\"@id\":\"https:\/\/www.uaga.eus\/#\/schema\/person\/48c3cbf0f33d1b788226dbb6518689cf\"},\"breadcrumb\":{\"@id\":\"https:\/\/www.uaga.eus\/los-planes-sectoriales-de-vacuno-sin-presupuesto\/#breadcrumb\"},\"inLanguage\":\"eu\",\"potentialAction\":[{\"@type\":\"ReadAction\",\"target\":[\"https:\/\/www.uaga.eus\/los-planes-sectoriales-de-vacuno-sin-presupuesto\/\"]}]},{\"@type\":\"BreadcrumbList\",\"@id\":\"https:\/\/www.uaga.eus\/los-planes-sectoriales-de-vacuno-sin-presupuesto\/#breadcrumb\",\"itemListElement\":[{\"@type\":\"ListItem\",\"position\":1,\"name\":\"Inicio\",\"item\":\"https:\/\/www.uaga.eus\/\"},{\"@type\":\"ListItem\",\"position\":2,\"name\":\"Los planes sectoriales de vacuno, sin presupuesto\"}]},{\"@type\":\"WebSite\",\"@id\":\"https:\/\/www.uaga.eus\/#website\",\"url\":\"https:\/\/www.uaga.eus\/\",\"name\":\"UAGA\",\"description\":\"Uni\u00f3n Agroganadera de \u00c1lava - Araba Nekazarien Elkartea\",\"potentialAction\":[{\"@type\":\"SearchAction\",\"target\":{\"@type\":\"EntryPoint\",\"urlTemplate\":\"https:\/\/www.uaga.eus\/?s={search_term_string}\"},\"query-input\":\"required name=search_term_string\"}],\"inLanguage\":\"eu\"},{\"@type\":\"Person\",\"@id\":\"https:\/\/www.uaga.eus\/#\/schema\/person\/48c3cbf0f33d1b788226dbb6518689cf\",\"name\":\"Blanca S\u00e1nchez\",\"image\":{\"@type\":\"ImageObject\",\"inLanguage\":\"eu\",\"@id\":\"https:\/\/www.uaga.eus\/#\/schema\/person\/image\/\",\"url\":\"https:\/\/secure.gravatar.com\/avatar\/0dc91c20648254b1ce84877283f6751b?s=96&d=mm&r=g\",\"contentUrl\":\"https:\/\/secure.gravatar.com\/avatar\/0dc91c20648254b1ce84877283f6751b?s=96&d=mm&r=g\",\"caption\":\"Blanca S\u00e1nchez\"},\"url\":\"https:\/\/www.uaga.eus\/eu\/author\/bsanchez\/\"}]}<\/script>\n<!-- \/ Yoast SEO plugin. -->","yoast_head_json":{"title":"Behi-aziendaren plan sektorialak, aurrekonturik gabe - UAGA","robots":{"index":"index","follow":"follow","max-snippet":"max-snippet:-1","max-image-preview":"max-image-preview:large","max-video-preview":"max-video-preview:-1"},"canonical":"https:\/\/www.uaga.eus\/los-planes-sectoriales-de-vacuno-sin-presupuesto\/","og_locale":"en_US","og_type":"article","og_title":"Behi-aziendaren plan sektorialak, aurrekonturik gabe - UAGA","og_description":"Esta semana han tenido lugar\u00a0 las reuniones de seguimientos de los planes sectoriales de vacuno que plantea desarrollar el Gobierno Vasco, en los que ha participado UAGA. En anteriores jornadas participativas se analiz\u00f3 el contexto y se estudiaron\u00a0las debilidades, fortalezas, amenazas y oportunidades concretas que tienen tanto el sector vacuno de carne\u00a0como el de leche. [&hellip;]","og_url":"https:\/\/www.uaga.eus\/los-planes-sectoriales-de-vacuno-sin-presupuesto\/","og_site_name":"UAGA","article_published_time":"2026-04-17T12:03:13+00:00","article_modified_time":"2026-04-17T12:03:32+00:00","og_image":[{"width":700,"height":434,"url":"https:\/\/www.uaga.eus\/wp-content\/uploads\/2021\/07\/P20-1-e1627042895647.jpg","type":"image\/jpeg"}],"author":"Blanca S\u00e1nchez","twitter_card":"summary_large_image","twitter_misc":{"Written by":"Blanca S\u00e1nchez","Est. reading time":"1 minutua"},"schema":{"@context":"https:\/\/schema.org","@graph":[{"@type":"WebPage","@id":"https:\/\/www.uaga.eus\/los-planes-sectoriales-de-vacuno-sin-presupuesto\/","url":"https:\/\/www.uaga.eus\/los-planes-sectoriales-de-vacuno-sin-presupuesto\/","name":"Behi-aziendaren plan sektorialak, aurrekonturik gabe - UAGA","isPartOf":{"@id":"https:\/\/www.uaga.eus\/#website"},"datePublished":"2026-04-17T12:03:13+00:00","dateModified":"2026-04-17T12:03:32+00:00","author":{"@id":"https:\/\/www.uaga.eus\/#\/schema\/person\/48c3cbf0f33d1b788226dbb6518689cf"},"breadcrumb":{"@id":"https:\/\/www.uaga.eus\/los-planes-sectoriales-de-vacuno-sin-presupuesto\/#breadcrumb"},"inLanguage":"eu","potentialAction":[{"@type":"ReadAction","target":["https:\/\/www.uaga.eus\/los-planes-sectoriales-de-vacuno-sin-presupuesto\/"]}]},{"@type":"BreadcrumbList","@id":"https:\/\/www.uaga.eus\/los-planes-sectoriales-de-vacuno-sin-presupuesto\/#breadcrumb","itemListElement":[{"@type":"ListItem","position":1,"name":"Inicio","item":"https:\/\/www.uaga.eus\/"},{"@type":"ListItem","position":2,"name":"Los planes sectoriales de vacuno, sin presupuesto"}]},{"@type":"WebSite","@id":"https:\/\/www.uaga.eus\/#website","url":"https:\/\/www.uaga.eus\/","name":"UAGA","description":"Uni\u00f3n Agroganadera de \u00c1lava - Araba Nekazarien Elkartea","potentialAction":[{"@type":"SearchAction","target":{"@type":"EntryPoint","urlTemplate":"https:\/\/www.uaga.eus\/?s={search_term_string}"},"query-input":"required name=search_term_string"}],"inLanguage":"eu"},{"@type":"Person","@id":"https:\/\/www.uaga.eus\/#\/schema\/person\/48c3cbf0f33d1b788226dbb6518689cf","name":"Blanca S\u00e1nchez","image":{"@type":"ImageObject","inLanguage":"eu","@id":"https:\/\/www.uaga.eus\/#\/schema\/person\/image\/","url":"https:\/\/secure.gravatar.com\/avatar\/0dc91c20648254b1ce84877283f6751b?s=96&d=mm&r=g","contentUrl":"https:\/\/secure.gravatar.com\/avatar\/0dc91c20648254b1ce84877283f6751b?s=96&d=mm&r=g","caption":"Blanca S\u00e1nchez"},"url":"https:\/\/www.uaga.eus\/eu\/author\/bsanchez\/"}]}},"_links":{"self":[{"href":"https:\/\/www.uaga.eus\/eu\/wp-json\/wp\/v2\/posts\/14726"}],"collection":[{"href":"https:\/\/www.uaga.eus\/eu\/wp-json\/wp\/v2\/posts"}],"about":[{"href":"https:\/\/www.uaga.eus\/eu\/wp-json\/wp\/v2\/types\/post"}],"author":[{"embeddable":true,"href":"https:\/\/www.uaga.eus\/eu\/wp-json\/wp\/v2\/users\/4"}],"replies":[{"embeddable":true,"href":"https:\/\/www.uaga.eus\/eu\/wp-json\/wp\/v2\/comments?post=14726"}],"version-history":[{"count":1,"href":"https:\/\/www.uaga.eus\/eu\/wp-json\/wp\/v2\/posts\/14726\/revisions"}],"predecessor-version":[{"id":14727,"href":"https:\/\/www.uaga.eus\/eu\/wp-json\/wp\/v2\/posts\/14726\/revisions\/14727"}],"wp:featuredmedia":[{"embeddable":true,"href":"https:\/\/www.uaga.eus\/eu\/wp-json\/wp\/v2\/media\/9165"}],"wp:attachment":[{"href":"https:\/\/www.uaga.eus\/eu\/wp-json\/wp\/v2\/media?parent=14726"}],"wp:term":[{"taxonomy":"category","embeddable":true,"href":"https:\/\/www.uaga.eus\/eu\/wp-json\/wp\/v2\/categories?post=14726"},{"taxonomy":"post_tag","embeddable":true,"href":"https:\/\/www.uaga.eus\/eu\/wp-json\/wp\/v2\/tags?post=14726"}],"curies":[{"name":"wp","href":"https:\/\/api.w.org\/{rel}","templated":true}]}}