{"id":14722,"date":"2026-04-17T11:59:40","date_gmt":"2026-04-17T11:59:40","guid":{"rendered":"https:\/\/www.uaga.eus\/?p=14722"},"modified":"2026-04-17T12:29:16","modified_gmt":"2026-04-17T12:29:16","slug":"la-base-de-cotizacion-para-familiares-colaboradores-se-incremente","status":"publish","type":"post","link":"https:\/\/www.uaga.eus\/eu\/la-base-de-cotizacion-para-familiares-colaboradores-se-incremente\/","title":{"rendered":"Senide laguntzaileen kotizazio-oinarria handitu egingo da"},"content":{"rendered":"<p>Conforme a la Orden PJC\/297\/2026, de 30 de marzo, por la que se desarrollan las normas legales de cotizaci\u00f3n a la Seguridad Social, a partir del 1 de enero de 2026, la base de cotizaci\u00f3n definitiva aplicable al colectivo de <u>familiares colaboradores<\/u>, as\u00ed como al colectivo de\u00a0<u>aut\u00f3nomos societarios<\/u>, siempre y cuando hayan permanecido en alta en el R\u00e9gimen Especial de Trabajadores Aut\u00f3nomos, con dichas condiciones, al menos, 90 d\u00edas en dicho ejercicio, no podr\u00e1 ser inferior a <u>1.424,40 euros mensuales<\/u>.<\/p>\n<p>As\u00ed, si bien provisionalmente durante 2026 los citados colectivos de trabajadores podr\u00e1n mantener una base provisional de 1.000 euros mensuales, cuando se realice la Regularizaci\u00f3n de bases y cuotas correspondientes al 2026 se aplicar\u00e1, en todo caso, como tope m\u00ednimo una base de cotizaci\u00f3n de 1.424,40 euros mensuales, procedi\u00e9ndose a reclamar en dicho proceso las sumas por las diferencias de bases.<\/p>\n<p>Por tanto, para evitar la reclamaci\u00f3n por la diferencia de bases de todo el 2026, es aconsejable que estos colectivos suban su base de cotizaci\u00f3n antes del 30\/04\/2026.<\/p>\n<p style=\"text-align: right;\">+INFO TERE: 939 511 804, ISABEL: 688 681 575,\u00a0 SILVANA:\u00a0689 092 942<\/p>\n","protected":false},"excerpt":{"rendered":"<p>Conforme a la Orden PJC\/297\/2026, de 30 de marzo, por la que se desarrollan las normas legales de cotizaci\u00f3n a la Seguridad Social, a partir del 1 de enero de 2026, la base de cotizaci\u00f3n definitiva aplicable al colectivo de familiares colaboradores, as\u00ed como al colectivo de\u00a0aut\u00f3nomos societarios, siempre y cuando hayan permanecido en alta [&hellip;]<\/p>\n","protected":false},"author":4,"featured_media":9689,"comment_status":"closed","ping_status":"closed","sticky":false,"template":"","format":"standard","meta":{"footnotes":""},"categories":[38],"tags":[],"yoast_head":"<!-- This site is optimized with the Yoast SEO plugin v21.5 - https:\/\/yoast.com\/wordpress\/plugins\/seo\/ -->\n<title>Senide laguntzaileen kotizazio-oinarria handitu egingo da - UAGA<\/title>\n<meta name=\"robots\" content=\"index, follow, max-snippet:-1, max-image-preview:large, max-video-preview:-1\" \/>\n<link rel=\"canonical\" href=\"https:\/\/www.uaga.eus\/la-base-de-cotizacion-para-familiares-colaboradores-se-incremente\/\" \/>\n<meta property=\"og:locale\" content=\"en_US\" \/>\n<meta property=\"og:type\" content=\"article\" \/>\n<meta property=\"og:title\" content=\"Senide laguntzaileen kotizazio-oinarria handitu egingo da - UAGA\" \/>\n<meta property=\"og:description\" content=\"Conforme a la Orden PJC\/297\/2026, de 30 de marzo, por la que se desarrollan las normas legales de cotizaci\u00f3n a la Seguridad Social, a partir del 1 de enero de 2026, la base de cotizaci\u00f3n definitiva aplicable al colectivo de familiares colaboradores, as\u00ed como al colectivo de\u00a0aut\u00f3nomos societarios, siempre y cuando hayan permanecido en alta [&hellip;]\" \/>\n<meta property=\"og:url\" content=\"https:\/\/www.uaga.eus\/la-base-de-cotizacion-para-familiares-colaboradores-se-incremente\/\" \/>\n<meta property=\"og:site_name\" content=\"UAGA\" \/>\n<meta property=\"article:published_time\" content=\"2026-04-17T11:59:40+00:00\" \/>\n<meta property=\"article:modified_time\" content=\"2026-04-17T12:29:16+00:00\" \/>\n<meta property=\"og:image\" content=\"https:\/\/www.uaga.eus\/wp-content\/uploads\/2022\/01\/tractor-recogiendo-hierba.jpg\" \/>\n\t<meta property=\"og:image:width\" content=\"650\" \/>\n\t<meta property=\"og:image:height\" content=\"366\" \/>\n\t<meta property=\"og:image:type\" content=\"image\/jpeg\" \/>\n<meta name=\"author\" content=\"Blanca S\u00e1nchez\" \/>\n<meta name=\"twitter:card\" content=\"summary_large_image\" \/>\n<meta name=\"twitter:label1\" content=\"Written by\" \/>\n\t<meta name=\"twitter:data1\" content=\"Blanca S\u00e1nchez\" \/>\n\t<meta name=\"twitter:label2\" content=\"Est. reading time\" \/>\n\t<meta name=\"twitter:data2\" content=\"1 minutua\" \/>\n<script type=\"application\/ld+json\" class=\"yoast-schema-graph\">{\"@context\":\"https:\/\/schema.org\",\"@graph\":[{\"@type\":\"WebPage\",\"@id\":\"https:\/\/www.uaga.eus\/la-base-de-cotizacion-para-familiares-colaboradores-se-incremente\/\",\"url\":\"https:\/\/www.uaga.eus\/la-base-de-cotizacion-para-familiares-colaboradores-se-incremente\/\",\"name\":\"Senide laguntzaileen kotizazio-oinarria handitu egingo da - UAGA\",\"isPartOf\":{\"@id\":\"https:\/\/www.uaga.eus\/#website\"},\"datePublished\":\"2026-04-17T11:59:40+00:00\",\"dateModified\":\"2026-04-17T12:29:16+00:00\",\"author\":{\"@id\":\"https:\/\/www.uaga.eus\/#\/schema\/person\/48c3cbf0f33d1b788226dbb6518689cf\"},\"breadcrumb\":{\"@id\":\"https:\/\/www.uaga.eus\/la-base-de-cotizacion-para-familiares-colaboradores-se-incremente\/#breadcrumb\"},\"inLanguage\":\"eu\",\"potentialAction\":[{\"@type\":\"ReadAction\",\"target\":[\"https:\/\/www.uaga.eus\/la-base-de-cotizacion-para-familiares-colaboradores-se-incremente\/\"]}]},{\"@type\":\"BreadcrumbList\",\"@id\":\"https:\/\/www.uaga.eus\/la-base-de-cotizacion-para-familiares-colaboradores-se-incremente\/#breadcrumb\",\"itemListElement\":[{\"@type\":\"ListItem\",\"position\":1,\"name\":\"Inicio\",\"item\":\"https:\/\/www.uaga.eus\/\"},{\"@type\":\"ListItem\",\"position\":2,\"name\":\"La base de cotizaci\u00f3n para familiares colaboradores se incrementa\"}]},{\"@type\":\"WebSite\",\"@id\":\"https:\/\/www.uaga.eus\/#website\",\"url\":\"https:\/\/www.uaga.eus\/\",\"name\":\"UAGA\",\"description\":\"Uni\u00f3n Agroganadera de \u00c1lava - Araba Nekazarien Elkartea\",\"potentialAction\":[{\"@type\":\"SearchAction\",\"target\":{\"@type\":\"EntryPoint\",\"urlTemplate\":\"https:\/\/www.uaga.eus\/?s={search_term_string}\"},\"query-input\":\"required name=search_term_string\"}],\"inLanguage\":\"eu\"},{\"@type\":\"Person\",\"@id\":\"https:\/\/www.uaga.eus\/#\/schema\/person\/48c3cbf0f33d1b788226dbb6518689cf\",\"name\":\"Blanca S\u00e1nchez\",\"image\":{\"@type\":\"ImageObject\",\"inLanguage\":\"eu\",\"@id\":\"https:\/\/www.uaga.eus\/#\/schema\/person\/image\/\",\"url\":\"https:\/\/secure.gravatar.com\/avatar\/0dc91c20648254b1ce84877283f6751b?s=96&d=mm&r=g\",\"contentUrl\":\"https:\/\/secure.gravatar.com\/avatar\/0dc91c20648254b1ce84877283f6751b?s=96&d=mm&r=g\",\"caption\":\"Blanca S\u00e1nchez\"},\"url\":\"https:\/\/www.uaga.eus\/eu\/author\/bsanchez\/\"}]}<\/script>\n<!-- \/ Yoast SEO plugin. -->","yoast_head_json":{"title":"Senide laguntzaileen kotizazio-oinarria handitu egingo da - UAGA","robots":{"index":"index","follow":"follow","max-snippet":"max-snippet:-1","max-image-preview":"max-image-preview:large","max-video-preview":"max-video-preview:-1"},"canonical":"https:\/\/www.uaga.eus\/la-base-de-cotizacion-para-familiares-colaboradores-se-incremente\/","og_locale":"en_US","og_type":"article","og_title":"Senide laguntzaileen kotizazio-oinarria handitu egingo da - UAGA","og_description":"Conforme a la Orden PJC\/297\/2026, de 30 de marzo, por la que se desarrollan las normas legales de cotizaci\u00f3n a la Seguridad Social, a partir del 1 de enero de 2026, la base de cotizaci\u00f3n definitiva aplicable al colectivo de familiares colaboradores, as\u00ed como al colectivo de\u00a0aut\u00f3nomos societarios, siempre y cuando hayan permanecido en alta [&hellip;]","og_url":"https:\/\/www.uaga.eus\/la-base-de-cotizacion-para-familiares-colaboradores-se-incremente\/","og_site_name":"UAGA","article_published_time":"2026-04-17T11:59:40+00:00","article_modified_time":"2026-04-17T12:29:16+00:00","og_image":[{"width":650,"height":366,"url":"https:\/\/www.uaga.eus\/wp-content\/uploads\/2022\/01\/tractor-recogiendo-hierba.jpg","type":"image\/jpeg"}],"author":"Blanca S\u00e1nchez","twitter_card":"summary_large_image","twitter_misc":{"Written by":"Blanca S\u00e1nchez","Est. reading time":"1 minutua"},"schema":{"@context":"https:\/\/schema.org","@graph":[{"@type":"WebPage","@id":"https:\/\/www.uaga.eus\/la-base-de-cotizacion-para-familiares-colaboradores-se-incremente\/","url":"https:\/\/www.uaga.eus\/la-base-de-cotizacion-para-familiares-colaboradores-se-incremente\/","name":"Senide laguntzaileen kotizazio-oinarria handitu egingo da - UAGA","isPartOf":{"@id":"https:\/\/www.uaga.eus\/#website"},"datePublished":"2026-04-17T11:59:40+00:00","dateModified":"2026-04-17T12:29:16+00:00","author":{"@id":"https:\/\/www.uaga.eus\/#\/schema\/person\/48c3cbf0f33d1b788226dbb6518689cf"},"breadcrumb":{"@id":"https:\/\/www.uaga.eus\/la-base-de-cotizacion-para-familiares-colaboradores-se-incremente\/#breadcrumb"},"inLanguage":"eu","potentialAction":[{"@type":"ReadAction","target":["https:\/\/www.uaga.eus\/la-base-de-cotizacion-para-familiares-colaboradores-se-incremente\/"]}]},{"@type":"BreadcrumbList","@id":"https:\/\/www.uaga.eus\/la-base-de-cotizacion-para-familiares-colaboradores-se-incremente\/#breadcrumb","itemListElement":[{"@type":"ListItem","position":1,"name":"Inicio","item":"https:\/\/www.uaga.eus\/"},{"@type":"ListItem","position":2,"name":"La base de cotizaci\u00f3n para familiares colaboradores se incrementa"}]},{"@type":"WebSite","@id":"https:\/\/www.uaga.eus\/#website","url":"https:\/\/www.uaga.eus\/","name":"UAGA","description":"Uni\u00f3n Agroganadera de \u00c1lava - Araba Nekazarien Elkartea","potentialAction":[{"@type":"SearchAction","target":{"@type":"EntryPoint","urlTemplate":"https:\/\/www.uaga.eus\/?s={search_term_string}"},"query-input":"required name=search_term_string"}],"inLanguage":"eu"},{"@type":"Person","@id":"https:\/\/www.uaga.eus\/#\/schema\/person\/48c3cbf0f33d1b788226dbb6518689cf","name":"Blanca S\u00e1nchez","image":{"@type":"ImageObject","inLanguage":"eu","@id":"https:\/\/www.uaga.eus\/#\/schema\/person\/image\/","url":"https:\/\/secure.gravatar.com\/avatar\/0dc91c20648254b1ce84877283f6751b?s=96&d=mm&r=g","contentUrl":"https:\/\/secure.gravatar.com\/avatar\/0dc91c20648254b1ce84877283f6751b?s=96&d=mm&r=g","caption":"Blanca S\u00e1nchez"},"url":"https:\/\/www.uaga.eus\/eu\/author\/bsanchez\/"}]}},"_links":{"self":[{"href":"https:\/\/www.uaga.eus\/eu\/wp-json\/wp\/v2\/posts\/14722"}],"collection":[{"href":"https:\/\/www.uaga.eus\/eu\/wp-json\/wp\/v2\/posts"}],"about":[{"href":"https:\/\/www.uaga.eus\/eu\/wp-json\/wp\/v2\/types\/post"}],"author":[{"embeddable":true,"href":"https:\/\/www.uaga.eus\/eu\/wp-json\/wp\/v2\/users\/4"}],"replies":[{"embeddable":true,"href":"https:\/\/www.uaga.eus\/eu\/wp-json\/wp\/v2\/comments?post=14722"}],"version-history":[{"count":3,"href":"https:\/\/www.uaga.eus\/eu\/wp-json\/wp\/v2\/posts\/14722\/revisions"}],"predecessor-version":[{"id":14740,"href":"https:\/\/www.uaga.eus\/eu\/wp-json\/wp\/v2\/posts\/14722\/revisions\/14740"}],"wp:featuredmedia":[{"embeddable":true,"href":"https:\/\/www.uaga.eus\/eu\/wp-json\/wp\/v2\/media\/9689"}],"wp:attachment":[{"href":"https:\/\/www.uaga.eus\/eu\/wp-json\/wp\/v2\/media?parent=14722"}],"wp:term":[{"taxonomy":"category","embeddable":true,"href":"https:\/\/www.uaga.eus\/eu\/wp-json\/wp\/v2\/categories?post=14722"},{"taxonomy":"post_tag","embeddable":true,"href":"https:\/\/www.uaga.eus\/eu\/wp-json\/wp\/v2\/tags?post=14722"}],"curies":[{"name":"wp","href":"https:\/\/api.w.org\/{rel}","templated":true}]}}