{"id":14715,"date":"2026-04-17T11:54:04","date_gmt":"2026-04-17T11:54:04","guid":{"rendered":"https:\/\/www.uaga.eus\/?p=14715"},"modified":"2026-04-17T11:54:04","modified_gmt":"2026-04-17T11:54:04","slug":"levantado-el-confinamiento-total-de-las-aves-de-corral-por-la-gripe-aviar","status":"publish","type":"post","link":"https:\/\/www.uaga.eus\/eu\/levantado-el-confinamiento-total-de-las-aves-de-corral-por-la-gripe-aviar\/","title":{"rendered":"Etxeko hegaztien erabateko konfinamendua altxatu da"},"content":{"rendered":"<p>El Ministerio de Agricultura, Pesca y Alimentaci\u00f3n levant\u00f3 ayer en el conjunto del Estado las medidas de confinamiento de aves de corral como consecuencia de la influenza aviar, que a\u00fan se manten\u00edan en humedales y aquellos municipios considerados de mayor riesgo. La nueva medida se adopta dada la buena evoluci\u00f3n de la situaci\u00f3n epidemiol\u00f3gica de la enfermedad durante las \u00faltimas semanas.<\/p>\n<p>Pese a todo el ministerio se\u00f1ala que, por precauci\u00f3n, se deben mantener las medidas de bioseguridad en las explotaciones av\u00edcolas para evitar el contacto con aves silvestres, as\u00ed como reforzar la vigilancia pasiva, tanto en \u00e9stas como en explotaciones av\u00edcolas. En este sentido, se insta a que ante cualquier sospecha de enfermedad, sobre todo en aves dom\u00e9sticas, se realice la notificaci\u00f3n pertinente a los servicios veterinarios oficiales.<\/p>\n","protected":false},"excerpt":{"rendered":"<p>El Ministerio de Agricultura, Pesca y Alimentaci\u00f3n levant\u00f3 ayer en el conjunto del Estado las medidas de confinamiento de aves de corral como consecuencia de la influenza aviar, que a\u00fan se manten\u00edan en humedales y aquellos municipios considerados de mayor riesgo. La nueva medida se adopta dada la buena evoluci\u00f3n de la situaci\u00f3n epidemiol\u00f3gica de [&hellip;]<\/p>\n","protected":false},"author":4,"featured_media":14265,"comment_status":"closed","ping_status":"closed","sticky":false,"template":"","format":"standard","meta":{"footnotes":""},"categories":[8],"tags":[],"yoast_head":"<!-- This site is optimized with the Yoast SEO plugin v21.5 - https:\/\/yoast.com\/wordpress\/plugins\/seo\/ -->\n<title>Etxeko hegaztien erabateko konfinamendua altxatu da - UAGA<\/title>\n<meta name=\"robots\" content=\"index, follow, max-snippet:-1, max-image-preview:large, max-video-preview:-1\" \/>\n<link rel=\"canonical\" href=\"https:\/\/www.uaga.eus\/levantado-el-confinamiento-total-de-las-aves-de-corral-por-la-gripe-aviar\/\" \/>\n<meta property=\"og:locale\" content=\"en_US\" \/>\n<meta property=\"og:type\" content=\"article\" \/>\n<meta property=\"og:title\" content=\"Etxeko hegaztien erabateko konfinamendua altxatu da - UAGA\" \/>\n<meta property=\"og:description\" content=\"El Ministerio de Agricultura, Pesca y Alimentaci\u00f3n levant\u00f3 ayer en el conjunto del Estado las medidas de confinamiento de aves de corral como consecuencia de la influenza aviar, que a\u00fan se manten\u00edan en humedales y aquellos municipios considerados de mayor riesgo. La nueva medida se adopta dada la buena evoluci\u00f3n de la situaci\u00f3n epidemiol\u00f3gica de [&hellip;]\" \/>\n<meta property=\"og:url\" content=\"https:\/\/www.uaga.eus\/levantado-el-confinamiento-total-de-las-aves-de-corral-por-la-gripe-aviar\/\" \/>\n<meta property=\"og:site_name\" content=\"UAGA\" \/>\n<meta property=\"article:published_time\" content=\"2026-04-17T11:54:04+00:00\" \/>\n<meta property=\"og:image\" content=\"https:\/\/www.uaga.eus\/wp-content\/uploads\/2025\/11\/pollos.jpg\" \/>\n\t<meta property=\"og:image:width\" content=\"650\" \/>\n\t<meta property=\"og:image:height\" content=\"385\" \/>\n\t<meta property=\"og:image:type\" content=\"image\/jpeg\" \/>\n<meta name=\"author\" content=\"Blanca S\u00e1nchez\" \/>\n<meta name=\"twitter:card\" content=\"summary_large_image\" \/>\n<meta name=\"twitter:label1\" content=\"Written by\" \/>\n\t<meta name=\"twitter:data1\" content=\"Blanca S\u00e1nchez\" \/>\n\t<meta name=\"twitter:label2\" content=\"Est. reading time\" \/>\n\t<meta name=\"twitter:data2\" content=\"1 minutua\" \/>\n<script type=\"application\/ld+json\" class=\"yoast-schema-graph\">{\"@context\":\"https:\/\/schema.org\",\"@graph\":[{\"@type\":\"WebPage\",\"@id\":\"https:\/\/www.uaga.eus\/levantado-el-confinamiento-total-de-las-aves-de-corral-por-la-gripe-aviar\/\",\"url\":\"https:\/\/www.uaga.eus\/levantado-el-confinamiento-total-de-las-aves-de-corral-por-la-gripe-aviar\/\",\"name\":\"Etxeko hegaztien erabateko konfinamendua altxatu da - UAGA\",\"isPartOf\":{\"@id\":\"https:\/\/www.uaga.eus\/#website\"},\"datePublished\":\"2026-04-17T11:54:04+00:00\",\"dateModified\":\"2026-04-17T11:54:04+00:00\",\"author\":{\"@id\":\"https:\/\/www.uaga.eus\/#\/schema\/person\/48c3cbf0f33d1b788226dbb6518689cf\"},\"breadcrumb\":{\"@id\":\"https:\/\/www.uaga.eus\/levantado-el-confinamiento-total-de-las-aves-de-corral-por-la-gripe-aviar\/#breadcrumb\"},\"inLanguage\":\"eu\",\"potentialAction\":[{\"@type\":\"ReadAction\",\"target\":[\"https:\/\/www.uaga.eus\/levantado-el-confinamiento-total-de-las-aves-de-corral-por-la-gripe-aviar\/\"]}]},{\"@type\":\"BreadcrumbList\",\"@id\":\"https:\/\/www.uaga.eus\/levantado-el-confinamiento-total-de-las-aves-de-corral-por-la-gripe-aviar\/#breadcrumb\",\"itemListElement\":[{\"@type\":\"ListItem\",\"position\":1,\"name\":\"Inicio\",\"item\":\"https:\/\/www.uaga.eus\/\"},{\"@type\":\"ListItem\",\"position\":2,\"name\":\"Levantado el confinamiento total de las aves de corral\u00a0por la gripe aviar\"}]},{\"@type\":\"WebSite\",\"@id\":\"https:\/\/www.uaga.eus\/#website\",\"url\":\"https:\/\/www.uaga.eus\/\",\"name\":\"UAGA\",\"description\":\"Uni\u00f3n Agroganadera de \u00c1lava - Araba Nekazarien Elkartea\",\"potentialAction\":[{\"@type\":\"SearchAction\",\"target\":{\"@type\":\"EntryPoint\",\"urlTemplate\":\"https:\/\/www.uaga.eus\/?s={search_term_string}\"},\"query-input\":\"required name=search_term_string\"}],\"inLanguage\":\"eu\"},{\"@type\":\"Person\",\"@id\":\"https:\/\/www.uaga.eus\/#\/schema\/person\/48c3cbf0f33d1b788226dbb6518689cf\",\"name\":\"Blanca S\u00e1nchez\",\"image\":{\"@type\":\"ImageObject\",\"inLanguage\":\"eu\",\"@id\":\"https:\/\/www.uaga.eus\/#\/schema\/person\/image\/\",\"url\":\"https:\/\/secure.gravatar.com\/avatar\/0dc91c20648254b1ce84877283f6751b?s=96&d=mm&r=g\",\"contentUrl\":\"https:\/\/secure.gravatar.com\/avatar\/0dc91c20648254b1ce84877283f6751b?s=96&d=mm&r=g\",\"caption\":\"Blanca S\u00e1nchez\"},\"url\":\"https:\/\/www.uaga.eus\/eu\/author\/bsanchez\/\"}]}<\/script>\n<!-- \/ Yoast SEO plugin. -->","yoast_head_json":{"title":"Etxeko hegaztien erabateko konfinamendua altxatu da - UAGA","robots":{"index":"index","follow":"follow","max-snippet":"max-snippet:-1","max-image-preview":"max-image-preview:large","max-video-preview":"max-video-preview:-1"},"canonical":"https:\/\/www.uaga.eus\/levantado-el-confinamiento-total-de-las-aves-de-corral-por-la-gripe-aviar\/","og_locale":"en_US","og_type":"article","og_title":"Etxeko hegaztien erabateko konfinamendua altxatu da - UAGA","og_description":"El Ministerio de Agricultura, Pesca y Alimentaci\u00f3n levant\u00f3 ayer en el conjunto del Estado las medidas de confinamiento de aves de corral como consecuencia de la influenza aviar, que a\u00fan se manten\u00edan en humedales y aquellos municipios considerados de mayor riesgo. La nueva medida se adopta dada la buena evoluci\u00f3n de la situaci\u00f3n epidemiol\u00f3gica de [&hellip;]","og_url":"https:\/\/www.uaga.eus\/levantado-el-confinamiento-total-de-las-aves-de-corral-por-la-gripe-aviar\/","og_site_name":"UAGA","article_published_time":"2026-04-17T11:54:04+00:00","og_image":[{"width":650,"height":385,"url":"https:\/\/www.uaga.eus\/wp-content\/uploads\/2025\/11\/pollos.jpg","type":"image\/jpeg"}],"author":"Blanca S\u00e1nchez","twitter_card":"summary_large_image","twitter_misc":{"Written by":"Blanca S\u00e1nchez","Est. reading time":"1 minutua"},"schema":{"@context":"https:\/\/schema.org","@graph":[{"@type":"WebPage","@id":"https:\/\/www.uaga.eus\/levantado-el-confinamiento-total-de-las-aves-de-corral-por-la-gripe-aviar\/","url":"https:\/\/www.uaga.eus\/levantado-el-confinamiento-total-de-las-aves-de-corral-por-la-gripe-aviar\/","name":"Etxeko hegaztien erabateko konfinamendua altxatu da - UAGA","isPartOf":{"@id":"https:\/\/www.uaga.eus\/#website"},"datePublished":"2026-04-17T11:54:04+00:00","dateModified":"2026-04-17T11:54:04+00:00","author":{"@id":"https:\/\/www.uaga.eus\/#\/schema\/person\/48c3cbf0f33d1b788226dbb6518689cf"},"breadcrumb":{"@id":"https:\/\/www.uaga.eus\/levantado-el-confinamiento-total-de-las-aves-de-corral-por-la-gripe-aviar\/#breadcrumb"},"inLanguage":"eu","potentialAction":[{"@type":"ReadAction","target":["https:\/\/www.uaga.eus\/levantado-el-confinamiento-total-de-las-aves-de-corral-por-la-gripe-aviar\/"]}]},{"@type":"BreadcrumbList","@id":"https:\/\/www.uaga.eus\/levantado-el-confinamiento-total-de-las-aves-de-corral-por-la-gripe-aviar\/#breadcrumb","itemListElement":[{"@type":"ListItem","position":1,"name":"Inicio","item":"https:\/\/www.uaga.eus\/"},{"@type":"ListItem","position":2,"name":"Levantado el confinamiento total de las aves de corral\u00a0por la gripe aviar"}]},{"@type":"WebSite","@id":"https:\/\/www.uaga.eus\/#website","url":"https:\/\/www.uaga.eus\/","name":"UAGA","description":"Uni\u00f3n Agroganadera de \u00c1lava - Araba Nekazarien Elkartea","potentialAction":[{"@type":"SearchAction","target":{"@type":"EntryPoint","urlTemplate":"https:\/\/www.uaga.eus\/?s={search_term_string}"},"query-input":"required name=search_term_string"}],"inLanguage":"eu"},{"@type":"Person","@id":"https:\/\/www.uaga.eus\/#\/schema\/person\/48c3cbf0f33d1b788226dbb6518689cf","name":"Blanca S\u00e1nchez","image":{"@type":"ImageObject","inLanguage":"eu","@id":"https:\/\/www.uaga.eus\/#\/schema\/person\/image\/","url":"https:\/\/secure.gravatar.com\/avatar\/0dc91c20648254b1ce84877283f6751b?s=96&d=mm&r=g","contentUrl":"https:\/\/secure.gravatar.com\/avatar\/0dc91c20648254b1ce84877283f6751b?s=96&d=mm&r=g","caption":"Blanca S\u00e1nchez"},"url":"https:\/\/www.uaga.eus\/eu\/author\/bsanchez\/"}]}},"_links":{"self":[{"href":"https:\/\/www.uaga.eus\/eu\/wp-json\/wp\/v2\/posts\/14715"}],"collection":[{"href":"https:\/\/www.uaga.eus\/eu\/wp-json\/wp\/v2\/posts"}],"about":[{"href":"https:\/\/www.uaga.eus\/eu\/wp-json\/wp\/v2\/types\/post"}],"author":[{"embeddable":true,"href":"https:\/\/www.uaga.eus\/eu\/wp-json\/wp\/v2\/users\/4"}],"replies":[{"embeddable":true,"href":"https:\/\/www.uaga.eus\/eu\/wp-json\/wp\/v2\/comments?post=14715"}],"version-history":[{"count":1,"href":"https:\/\/www.uaga.eus\/eu\/wp-json\/wp\/v2\/posts\/14715\/revisions"}],"predecessor-version":[{"id":14716,"href":"https:\/\/www.uaga.eus\/eu\/wp-json\/wp\/v2\/posts\/14715\/revisions\/14716"}],"wp:featuredmedia":[{"embeddable":true,"href":"https:\/\/www.uaga.eus\/eu\/wp-json\/wp\/v2\/media\/14265"}],"wp:attachment":[{"href":"https:\/\/www.uaga.eus\/eu\/wp-json\/wp\/v2\/media?parent=14715"}],"wp:term":[{"taxonomy":"category","embeddable":true,"href":"https:\/\/www.uaga.eus\/eu\/wp-json\/wp\/v2\/categories?post=14715"},{"taxonomy":"post_tag","embeddable":true,"href":"https:\/\/www.uaga.eus\/eu\/wp-json\/wp\/v2\/tags?post=14715"}],"curies":[{"name":"wp","href":"https:\/\/api.w.org\/{rel}","templated":true}]}}