{"id":14712,"date":"2026-04-17T11:44:07","date_gmt":"2026-04-17T11:44:07","guid":{"rendered":"https:\/\/www.uaga.eus\/?p=14712"},"modified":"2026-04-17T11:45:39","modified_gmt":"2026-04-17T11:45:39","slug":"reunion-de-coag-con-el-comisario-hansen-ante-el-estado-de-emergencia-del-campo","status":"publish","type":"post","link":"https:\/\/www.uaga.eus\/eu\/reunion-de-coag-con-el-comisario-hansen-ante-el-estado-de-emergencia-del-campo\/","title":{"rendered":"COAGen bilera Hansen komisarioarekin, eremuaren &#8220;larrialdi-egoeraren&#8221; aurrean"},"content":{"rendered":"<p>La Comisi\u00f3n Ejecutiva de COAG se ha reunido hoy en Bruselas con el comisario europeo de Agricultura, Christophe Hansen, en lo que la organizaci\u00f3n califica de &#8220;reuni\u00f3n de m\u00e1xima urgencia&#8221; ante una tormenta perfecta que amenaza la sostenibilidad econ\u00f3mica de las peque\u00f1as y medianas explotaciones profesionales.<\/p>\n<p>COAG ha reclamado al comisario Hansen la activaci\u00f3n inmediata del art\u00edculo 219 de la OCM \u00fanica para autorizar medidas excepcionales de apoyo a los sectores m\u00e1s golpeados, y la puesta en marcha de un marco temporal de ayudas de Estado para insumos agr\u00edcolas, replicando el esquema aprobado tras la invasi\u00f3n rusa de Ucrania en 2022. La organizaci\u00f3n tambi\u00e9n exigir\u00e1 respaldo de la Comisi\u00f3n a las medidas fiscales ya solicitadas en Espa\u00f1a: IVA reducido al 10% para insumos agr\u00edcolas y bonificaciones en el IBI r\u00fastico. Asimismo, se pedir\u00e1 al comisario que la UE acelere la hoja de ruta europea de autonom\u00eda estrat\u00e9gica en fertilizantes: producci\u00f3n dom\u00e9stica de urea y amon\u00edaco con gas competitivo y diversificaci\u00f3n frente a la dependencia rusa.<\/p>\n<p>Puedes consultar la nota de prensa completa <a href=\"https:\/\/coag.org\/post\/coag-lleva-a-bruselas-el-estado-de-emergencia-del-campo-espanol-en-plena-crisis--512801\" target=\"_blank\" rel=\"noopener\" data-cke-saved-href=\"https:\/\/coag.org\/post\/coag-lleva-a-bruselas-el-estado-de-emergencia-del-campo-espanol-en-plena-crisis--512801\">aqu\u00ed<\/a>.<\/p>\n","protected":false},"excerpt":{"rendered":"<p>La Comisi\u00f3n Ejecutiva de COAG se ha reunido hoy en Bruselas con el comisario europeo de Agricultura, Christophe Hansen, en lo que la organizaci\u00f3n califica de &#8220;reuni\u00f3n de m\u00e1xima urgencia&#8221; ante una tormenta perfecta que amenaza la sostenibilidad econ\u00f3mica de las peque\u00f1as y medianas explotaciones profesionales. COAG ha reclamado al comisario Hansen la activaci\u00f3n inmediata [&hellip;]<\/p>\n","protected":false},"author":4,"featured_media":10529,"comment_status":"closed","ping_status":"closed","sticky":false,"template":"","format":"standard","meta":{"footnotes":""},"categories":[3,4],"tags":[],"yoast_head":"<!-- This site is optimized with the Yoast SEO plugin v21.5 - https:\/\/yoast.com\/wordpress\/plugins\/seo\/ -->\n<title>COAGen bilera Hansen komisarioarekin, eremuaren &quot;larrialdi-egoeraren&quot; aurrean - UAGA<\/title>\n<meta name=\"robots\" content=\"index, follow, max-snippet:-1, max-image-preview:large, max-video-preview:-1\" \/>\n<link rel=\"canonical\" href=\"https:\/\/www.uaga.eus\/reunion-de-coag-con-el-comisario-hansen-ante-el-estado-de-emergencia-del-campo\/\" \/>\n<meta property=\"og:locale\" content=\"en_US\" \/>\n<meta property=\"og:type\" content=\"article\" \/>\n<meta property=\"og:title\" content=\"COAGen bilera Hansen komisarioarekin, eremuaren &quot;larrialdi-egoeraren&quot; aurrean - UAGA\" \/>\n<meta property=\"og:description\" content=\"La Comisi\u00f3n Ejecutiva de COAG se ha reunido hoy en Bruselas con el comisario europeo de Agricultura, Christophe Hansen, en lo que la organizaci\u00f3n califica de &#8220;reuni\u00f3n de m\u00e1xima urgencia&#8221; ante una tormenta perfecta que amenaza la sostenibilidad econ\u00f3mica de las peque\u00f1as y medianas explotaciones profesionales. COAG ha reclamado al comisario Hansen la activaci\u00f3n inmediata [&hellip;]\" \/>\n<meta property=\"og:url\" content=\"https:\/\/www.uaga.eus\/reunion-de-coag-con-el-comisario-hansen-ante-el-estado-de-emergencia-del-campo\/\" \/>\n<meta property=\"og:site_name\" content=\"UAGA\" \/>\n<meta property=\"article:published_time\" content=\"2026-04-17T11:44:07+00:00\" \/>\n<meta property=\"article:modified_time\" content=\"2026-04-17T11:45:39+00:00\" \/>\n<meta property=\"og:image\" content=\"https:\/\/www.uaga.eus\/wp-content\/uploads\/2022\/09\/tractor-fertilizantes-e1663660728681.jpg\" \/>\n\t<meta property=\"og:image:width\" content=\"700\" \/>\n\t<meta property=\"og:image:height\" content=\"341\" \/>\n\t<meta property=\"og:image:type\" content=\"image\/jpeg\" \/>\n<meta name=\"author\" content=\"Blanca S\u00e1nchez\" \/>\n<meta name=\"twitter:card\" content=\"summary_large_image\" \/>\n<meta name=\"twitter:label1\" content=\"Written by\" \/>\n\t<meta name=\"twitter:data1\" content=\"Blanca S\u00e1nchez\" \/>\n\t<meta name=\"twitter:label2\" content=\"Est. reading time\" \/>\n\t<meta name=\"twitter:data2\" content=\"1 minutua\" \/>\n<script type=\"application\/ld+json\" class=\"yoast-schema-graph\">{\"@context\":\"https:\/\/schema.org\",\"@graph\":[{\"@type\":\"WebPage\",\"@id\":\"https:\/\/www.uaga.eus\/reunion-de-coag-con-el-comisario-hansen-ante-el-estado-de-emergencia-del-campo\/\",\"url\":\"https:\/\/www.uaga.eus\/reunion-de-coag-con-el-comisario-hansen-ante-el-estado-de-emergencia-del-campo\/\",\"name\":\"COAGen bilera Hansen komisarioarekin, eremuaren \\\"larrialdi-egoeraren\\\" aurrean - UAGA\",\"isPartOf\":{\"@id\":\"https:\/\/www.uaga.eus\/#website\"},\"datePublished\":\"2026-04-17T11:44:07+00:00\",\"dateModified\":\"2026-04-17T11:45:39+00:00\",\"author\":{\"@id\":\"https:\/\/www.uaga.eus\/#\/schema\/person\/48c3cbf0f33d1b788226dbb6518689cf\"},\"breadcrumb\":{\"@id\":\"https:\/\/www.uaga.eus\/reunion-de-coag-con-el-comisario-hansen-ante-el-estado-de-emergencia-del-campo\/#breadcrumb\"},\"inLanguage\":\"eu\",\"potentialAction\":[{\"@type\":\"ReadAction\",\"target\":[\"https:\/\/www.uaga.eus\/reunion-de-coag-con-el-comisario-hansen-ante-el-estado-de-emergencia-del-campo\/\"]}]},{\"@type\":\"BreadcrumbList\",\"@id\":\"https:\/\/www.uaga.eus\/reunion-de-coag-con-el-comisario-hansen-ante-el-estado-de-emergencia-del-campo\/#breadcrumb\",\"itemListElement\":[{\"@type\":\"ListItem\",\"position\":1,\"name\":\"Inicio\",\"item\":\"https:\/\/www.uaga.eus\/\"},{\"@type\":\"ListItem\",\"position\":2,\"name\":\"Reuni\u00f3n de COAG con el Comisario Hansen ante el \u00abestado de emergencia\u00bb del campo\"}]},{\"@type\":\"WebSite\",\"@id\":\"https:\/\/www.uaga.eus\/#website\",\"url\":\"https:\/\/www.uaga.eus\/\",\"name\":\"UAGA\",\"description\":\"Uni\u00f3n Agroganadera de \u00c1lava - Araba Nekazarien Elkartea\",\"potentialAction\":[{\"@type\":\"SearchAction\",\"target\":{\"@type\":\"EntryPoint\",\"urlTemplate\":\"https:\/\/www.uaga.eus\/?s={search_term_string}\"},\"query-input\":\"required name=search_term_string\"}],\"inLanguage\":\"eu\"},{\"@type\":\"Person\",\"@id\":\"https:\/\/www.uaga.eus\/#\/schema\/person\/48c3cbf0f33d1b788226dbb6518689cf\",\"name\":\"Blanca S\u00e1nchez\",\"image\":{\"@type\":\"ImageObject\",\"inLanguage\":\"eu\",\"@id\":\"https:\/\/www.uaga.eus\/#\/schema\/person\/image\/\",\"url\":\"https:\/\/secure.gravatar.com\/avatar\/0dc91c20648254b1ce84877283f6751b?s=96&d=mm&r=g\",\"contentUrl\":\"https:\/\/secure.gravatar.com\/avatar\/0dc91c20648254b1ce84877283f6751b?s=96&d=mm&r=g\",\"caption\":\"Blanca S\u00e1nchez\"},\"url\":\"https:\/\/www.uaga.eus\/eu\/author\/bsanchez\/\"}]}<\/script>\n<!-- \/ Yoast SEO plugin. -->","yoast_head_json":{"title":"COAGen bilera Hansen komisarioarekin, eremuaren \"larrialdi-egoeraren\" aurrean - UAGA","robots":{"index":"index","follow":"follow","max-snippet":"max-snippet:-1","max-image-preview":"max-image-preview:large","max-video-preview":"max-video-preview:-1"},"canonical":"https:\/\/www.uaga.eus\/reunion-de-coag-con-el-comisario-hansen-ante-el-estado-de-emergencia-del-campo\/","og_locale":"en_US","og_type":"article","og_title":"COAGen bilera Hansen komisarioarekin, eremuaren \"larrialdi-egoeraren\" aurrean - UAGA","og_description":"La Comisi\u00f3n Ejecutiva de COAG se ha reunido hoy en Bruselas con el comisario europeo de Agricultura, Christophe Hansen, en lo que la organizaci\u00f3n califica de &#8220;reuni\u00f3n de m\u00e1xima urgencia&#8221; ante una tormenta perfecta que amenaza la sostenibilidad econ\u00f3mica de las peque\u00f1as y medianas explotaciones profesionales. COAG ha reclamado al comisario Hansen la activaci\u00f3n inmediata [&hellip;]","og_url":"https:\/\/www.uaga.eus\/reunion-de-coag-con-el-comisario-hansen-ante-el-estado-de-emergencia-del-campo\/","og_site_name":"UAGA","article_published_time":"2026-04-17T11:44:07+00:00","article_modified_time":"2026-04-17T11:45:39+00:00","og_image":[{"width":700,"height":341,"url":"https:\/\/www.uaga.eus\/wp-content\/uploads\/2022\/09\/tractor-fertilizantes-e1663660728681.jpg","type":"image\/jpeg"}],"author":"Blanca S\u00e1nchez","twitter_card":"summary_large_image","twitter_misc":{"Written by":"Blanca S\u00e1nchez","Est. reading time":"1 minutua"},"schema":{"@context":"https:\/\/schema.org","@graph":[{"@type":"WebPage","@id":"https:\/\/www.uaga.eus\/reunion-de-coag-con-el-comisario-hansen-ante-el-estado-de-emergencia-del-campo\/","url":"https:\/\/www.uaga.eus\/reunion-de-coag-con-el-comisario-hansen-ante-el-estado-de-emergencia-del-campo\/","name":"COAGen bilera Hansen komisarioarekin, eremuaren \"larrialdi-egoeraren\" aurrean - UAGA","isPartOf":{"@id":"https:\/\/www.uaga.eus\/#website"},"datePublished":"2026-04-17T11:44:07+00:00","dateModified":"2026-04-17T11:45:39+00:00","author":{"@id":"https:\/\/www.uaga.eus\/#\/schema\/person\/48c3cbf0f33d1b788226dbb6518689cf"},"breadcrumb":{"@id":"https:\/\/www.uaga.eus\/reunion-de-coag-con-el-comisario-hansen-ante-el-estado-de-emergencia-del-campo\/#breadcrumb"},"inLanguage":"eu","potentialAction":[{"@type":"ReadAction","target":["https:\/\/www.uaga.eus\/reunion-de-coag-con-el-comisario-hansen-ante-el-estado-de-emergencia-del-campo\/"]}]},{"@type":"BreadcrumbList","@id":"https:\/\/www.uaga.eus\/reunion-de-coag-con-el-comisario-hansen-ante-el-estado-de-emergencia-del-campo\/#breadcrumb","itemListElement":[{"@type":"ListItem","position":1,"name":"Inicio","item":"https:\/\/www.uaga.eus\/"},{"@type":"ListItem","position":2,"name":"Reuni\u00f3n de COAG con el Comisario Hansen ante el \u00abestado de emergencia\u00bb del campo"}]},{"@type":"WebSite","@id":"https:\/\/www.uaga.eus\/#website","url":"https:\/\/www.uaga.eus\/","name":"UAGA","description":"Uni\u00f3n Agroganadera de \u00c1lava - Araba Nekazarien Elkartea","potentialAction":[{"@type":"SearchAction","target":{"@type":"EntryPoint","urlTemplate":"https:\/\/www.uaga.eus\/?s={search_term_string}"},"query-input":"required name=search_term_string"}],"inLanguage":"eu"},{"@type":"Person","@id":"https:\/\/www.uaga.eus\/#\/schema\/person\/48c3cbf0f33d1b788226dbb6518689cf","name":"Blanca S\u00e1nchez","image":{"@type":"ImageObject","inLanguage":"eu","@id":"https:\/\/www.uaga.eus\/#\/schema\/person\/image\/","url":"https:\/\/secure.gravatar.com\/avatar\/0dc91c20648254b1ce84877283f6751b?s=96&d=mm&r=g","contentUrl":"https:\/\/secure.gravatar.com\/avatar\/0dc91c20648254b1ce84877283f6751b?s=96&d=mm&r=g","caption":"Blanca S\u00e1nchez"},"url":"https:\/\/www.uaga.eus\/eu\/author\/bsanchez\/"}]}},"_links":{"self":[{"href":"https:\/\/www.uaga.eus\/eu\/wp-json\/wp\/v2\/posts\/14712"}],"collection":[{"href":"https:\/\/www.uaga.eus\/eu\/wp-json\/wp\/v2\/posts"}],"about":[{"href":"https:\/\/www.uaga.eus\/eu\/wp-json\/wp\/v2\/types\/post"}],"author":[{"embeddable":true,"href":"https:\/\/www.uaga.eus\/eu\/wp-json\/wp\/v2\/users\/4"}],"replies":[{"embeddable":true,"href":"https:\/\/www.uaga.eus\/eu\/wp-json\/wp\/v2\/comments?post=14712"}],"version-history":[{"count":1,"href":"https:\/\/www.uaga.eus\/eu\/wp-json\/wp\/v2\/posts\/14712\/revisions"}],"predecessor-version":[{"id":14713,"href":"https:\/\/www.uaga.eus\/eu\/wp-json\/wp\/v2\/posts\/14712\/revisions\/14713"}],"wp:featuredmedia":[{"embeddable":true,"href":"https:\/\/www.uaga.eus\/eu\/wp-json\/wp\/v2\/media\/10529"}],"wp:attachment":[{"href":"https:\/\/www.uaga.eus\/eu\/wp-json\/wp\/v2\/media?parent=14712"}],"wp:term":[{"taxonomy":"category","embeddable":true,"href":"https:\/\/www.uaga.eus\/eu\/wp-json\/wp\/v2\/categories?post=14712"},{"taxonomy":"post_tag","embeddable":true,"href":"https:\/\/www.uaga.eus\/eu\/wp-json\/wp\/v2\/tags?post=14712"}],"curies":[{"name":"wp","href":"https:\/\/api.w.org\/{rel}","templated":true}]}}