{"id":14709,"date":"2026-04-17T11:38:28","date_gmt":"2026-04-17T11:38:28","guid":{"rendered":"https:\/\/www.uaga.eus\/?p=14709"},"modified":"2026-04-17T11:38:28","modified_gmt":"2026-04-17T11:38:28","slug":"charlas-en-centros-escolares-sobre-el-sector-agropecuario","status":"publish","type":"post","link":"https:\/\/www.uaga.eus\/eu\/charlas-en-centros-escolares-sobre-el-sector-agropecuario\/","title":{"rendered":"Nekazaritza eta abeltzaintzako sektoreari buruzko hitzaldiak ikastetxeetan"},"content":{"rendered":"<p>Conscientes de que la educaci\u00f3n es un pilar clave para dar a conocer la situaci\u00f3n del sector agroganadero alav\u00e9s, sensibilizar sobre una alimentaci\u00f3n m\u00e1s ligada a la tierra y fomentar el relevo generacional en el campo, UAGA ofrece a los centros escolares la posibilidad de realizar visitas a explotaciones agropecuarias o charlas en el propio centro escolar.<\/p>\n<p>A finales de marzo dos agricultores de UAGA acudieron al Hogar San Jos\u00e9 para impartir una charla al alumnado de 1\u00ba y 2\u00ba de la ESO, donde les explicaron las principales actividades del sector en \u00c1lava, las ventajas de una alimentaci\u00f3n basada en productos de kil\u00f3metro cero y la importancia del sector para el conjunto de la sociedad.<\/p>\n<p>Durante estos meses de primavera, tambi\u00e9n realizaremos diferentes visitas a explotaciones con varios centros escolares. Si quieres participar como productor en estas actividades, ponte en contacto con UAGA.<\/p>\n<p>&nbsp;<\/p>\n","protected":false},"excerpt":{"rendered":"<p>Conscientes de que la educaci\u00f3n es un pilar clave para dar a conocer la situaci\u00f3n del sector agroganadero alav\u00e9s, sensibilizar sobre una alimentaci\u00f3n m\u00e1s ligada a la tierra y fomentar el relevo generacional en el campo, UAGA ofrece a los centros escolares la posibilidad de realizar visitas a explotaciones agropecuarias o charlas en el propio [&hellip;]<\/p>\n","protected":false},"author":4,"featured_media":14710,"comment_status":"closed","ping_status":"closed","sticky":false,"template":"","format":"standard","meta":{"footnotes":""},"categories":[7,8,3],"tags":[],"yoast_head":"<!-- This site is optimized with the Yoast SEO plugin v21.5 - https:\/\/yoast.com\/wordpress\/plugins\/seo\/ -->\n<title>Nekazaritza eta abeltzaintzako sektoreari buruzko hitzaldiak ikastetxeetan - UAGA<\/title>\n<meta name=\"robots\" content=\"index, follow, max-snippet:-1, max-image-preview:large, max-video-preview:-1\" \/>\n<link rel=\"canonical\" href=\"https:\/\/www.uaga.eus\/charlas-en-centros-escolares-sobre-el-sector-agropecuario\/\" \/>\n<meta property=\"og:locale\" content=\"en_US\" \/>\n<meta property=\"og:type\" content=\"article\" \/>\n<meta property=\"og:title\" content=\"Nekazaritza eta abeltzaintzako sektoreari buruzko hitzaldiak ikastetxeetan - UAGA\" \/>\n<meta property=\"og:description\" content=\"Conscientes de que la educaci\u00f3n es un pilar clave para dar a conocer la situaci\u00f3n del sector agroganadero alav\u00e9s, sensibilizar sobre una alimentaci\u00f3n m\u00e1s ligada a la tierra y fomentar el relevo generacional en el campo, UAGA ofrece a los centros escolares la posibilidad de realizar visitas a explotaciones agropecuarias o charlas en el propio [&hellip;]\" \/>\n<meta property=\"og:url\" content=\"https:\/\/www.uaga.eus\/charlas-en-centros-escolares-sobre-el-sector-agropecuario\/\" \/>\n<meta property=\"og:site_name\" content=\"UAGA\" \/>\n<meta property=\"article:published_time\" content=\"2026-04-17T11:38:28+00:00\" \/>\n<meta property=\"og:image\" content=\"https:\/\/www.uaga.eus\/wp-content\/uploads\/2026\/04\/260228-charla-hogar-san-jose-scaled.jpg\" \/>\n\t<meta property=\"og:image:width\" content=\"2560\" \/>\n\t<meta property=\"og:image:height\" content=\"1347\" \/>\n\t<meta property=\"og:image:type\" content=\"image\/jpeg\" \/>\n<meta name=\"author\" content=\"Blanca S\u00e1nchez\" \/>\n<meta name=\"twitter:card\" content=\"summary_large_image\" \/>\n<meta name=\"twitter:label1\" content=\"Written by\" \/>\n\t<meta name=\"twitter:data1\" content=\"Blanca S\u00e1nchez\" \/>\n\t<meta name=\"twitter:label2\" content=\"Est. reading time\" \/>\n\t<meta name=\"twitter:data2\" content=\"1 minutua\" \/>\n<script type=\"application\/ld+json\" class=\"yoast-schema-graph\">{\"@context\":\"https:\/\/schema.org\",\"@graph\":[{\"@type\":\"WebPage\",\"@id\":\"https:\/\/www.uaga.eus\/charlas-en-centros-escolares-sobre-el-sector-agropecuario\/\",\"url\":\"https:\/\/www.uaga.eus\/charlas-en-centros-escolares-sobre-el-sector-agropecuario\/\",\"name\":\"Nekazaritza eta abeltzaintzako sektoreari buruzko hitzaldiak ikastetxeetan - UAGA\",\"isPartOf\":{\"@id\":\"https:\/\/www.uaga.eus\/#website\"},\"datePublished\":\"2026-04-17T11:38:28+00:00\",\"dateModified\":\"2026-04-17T11:38:28+00:00\",\"author\":{\"@id\":\"https:\/\/www.uaga.eus\/#\/schema\/person\/48c3cbf0f33d1b788226dbb6518689cf\"},\"breadcrumb\":{\"@id\":\"https:\/\/www.uaga.eus\/charlas-en-centros-escolares-sobre-el-sector-agropecuario\/#breadcrumb\"},\"inLanguage\":\"eu\",\"potentialAction\":[{\"@type\":\"ReadAction\",\"target\":[\"https:\/\/www.uaga.eus\/charlas-en-centros-escolares-sobre-el-sector-agropecuario\/\"]}]},{\"@type\":\"BreadcrumbList\",\"@id\":\"https:\/\/www.uaga.eus\/charlas-en-centros-escolares-sobre-el-sector-agropecuario\/#breadcrumb\",\"itemListElement\":[{\"@type\":\"ListItem\",\"position\":1,\"name\":\"Inicio\",\"item\":\"https:\/\/www.uaga.eus\/\"},{\"@type\":\"ListItem\",\"position\":2,\"name\":\"Charlas en centros escolares sobre el sector agropecuario\"}]},{\"@type\":\"WebSite\",\"@id\":\"https:\/\/www.uaga.eus\/#website\",\"url\":\"https:\/\/www.uaga.eus\/\",\"name\":\"UAGA\",\"description\":\"Uni\u00f3n Agroganadera de \u00c1lava - Araba Nekazarien Elkartea\",\"potentialAction\":[{\"@type\":\"SearchAction\",\"target\":{\"@type\":\"EntryPoint\",\"urlTemplate\":\"https:\/\/www.uaga.eus\/?s={search_term_string}\"},\"query-input\":\"required name=search_term_string\"}],\"inLanguage\":\"eu\"},{\"@type\":\"Person\",\"@id\":\"https:\/\/www.uaga.eus\/#\/schema\/person\/48c3cbf0f33d1b788226dbb6518689cf\",\"name\":\"Blanca S\u00e1nchez\",\"image\":{\"@type\":\"ImageObject\",\"inLanguage\":\"eu\",\"@id\":\"https:\/\/www.uaga.eus\/#\/schema\/person\/image\/\",\"url\":\"https:\/\/secure.gravatar.com\/avatar\/0dc91c20648254b1ce84877283f6751b?s=96&d=mm&r=g\",\"contentUrl\":\"https:\/\/secure.gravatar.com\/avatar\/0dc91c20648254b1ce84877283f6751b?s=96&d=mm&r=g\",\"caption\":\"Blanca S\u00e1nchez\"},\"url\":\"https:\/\/www.uaga.eus\/eu\/author\/bsanchez\/\"}]}<\/script>\n<!-- \/ Yoast SEO plugin. -->","yoast_head_json":{"title":"Nekazaritza eta abeltzaintzako sektoreari buruzko hitzaldiak ikastetxeetan - UAGA","robots":{"index":"index","follow":"follow","max-snippet":"max-snippet:-1","max-image-preview":"max-image-preview:large","max-video-preview":"max-video-preview:-1"},"canonical":"https:\/\/www.uaga.eus\/charlas-en-centros-escolares-sobre-el-sector-agropecuario\/","og_locale":"en_US","og_type":"article","og_title":"Nekazaritza eta abeltzaintzako sektoreari buruzko hitzaldiak ikastetxeetan - UAGA","og_description":"Conscientes de que la educaci\u00f3n es un pilar clave para dar a conocer la situaci\u00f3n del sector agroganadero alav\u00e9s, sensibilizar sobre una alimentaci\u00f3n m\u00e1s ligada a la tierra y fomentar el relevo generacional en el campo, UAGA ofrece a los centros escolares la posibilidad de realizar visitas a explotaciones agropecuarias o charlas en el propio [&hellip;]","og_url":"https:\/\/www.uaga.eus\/charlas-en-centros-escolares-sobre-el-sector-agropecuario\/","og_site_name":"UAGA","article_published_time":"2026-04-17T11:38:28+00:00","og_image":[{"width":2560,"height":1347,"url":"https:\/\/www.uaga.eus\/wp-content\/uploads\/2026\/04\/260228-charla-hogar-san-jose-scaled.jpg","type":"image\/jpeg"}],"author":"Blanca S\u00e1nchez","twitter_card":"summary_large_image","twitter_misc":{"Written by":"Blanca S\u00e1nchez","Est. reading time":"1 minutua"},"schema":{"@context":"https:\/\/schema.org","@graph":[{"@type":"WebPage","@id":"https:\/\/www.uaga.eus\/charlas-en-centros-escolares-sobre-el-sector-agropecuario\/","url":"https:\/\/www.uaga.eus\/charlas-en-centros-escolares-sobre-el-sector-agropecuario\/","name":"Nekazaritza eta abeltzaintzako sektoreari buruzko hitzaldiak ikastetxeetan - UAGA","isPartOf":{"@id":"https:\/\/www.uaga.eus\/#website"},"datePublished":"2026-04-17T11:38:28+00:00","dateModified":"2026-04-17T11:38:28+00:00","author":{"@id":"https:\/\/www.uaga.eus\/#\/schema\/person\/48c3cbf0f33d1b788226dbb6518689cf"},"breadcrumb":{"@id":"https:\/\/www.uaga.eus\/charlas-en-centros-escolares-sobre-el-sector-agropecuario\/#breadcrumb"},"inLanguage":"eu","potentialAction":[{"@type":"ReadAction","target":["https:\/\/www.uaga.eus\/charlas-en-centros-escolares-sobre-el-sector-agropecuario\/"]}]},{"@type":"BreadcrumbList","@id":"https:\/\/www.uaga.eus\/charlas-en-centros-escolares-sobre-el-sector-agropecuario\/#breadcrumb","itemListElement":[{"@type":"ListItem","position":1,"name":"Inicio","item":"https:\/\/www.uaga.eus\/"},{"@type":"ListItem","position":2,"name":"Charlas en centros escolares sobre el sector agropecuario"}]},{"@type":"WebSite","@id":"https:\/\/www.uaga.eus\/#website","url":"https:\/\/www.uaga.eus\/","name":"UAGA","description":"Uni\u00f3n Agroganadera de \u00c1lava - Araba Nekazarien Elkartea","potentialAction":[{"@type":"SearchAction","target":{"@type":"EntryPoint","urlTemplate":"https:\/\/www.uaga.eus\/?s={search_term_string}"},"query-input":"required name=search_term_string"}],"inLanguage":"eu"},{"@type":"Person","@id":"https:\/\/www.uaga.eus\/#\/schema\/person\/48c3cbf0f33d1b788226dbb6518689cf","name":"Blanca S\u00e1nchez","image":{"@type":"ImageObject","inLanguage":"eu","@id":"https:\/\/www.uaga.eus\/#\/schema\/person\/image\/","url":"https:\/\/secure.gravatar.com\/avatar\/0dc91c20648254b1ce84877283f6751b?s=96&d=mm&r=g","contentUrl":"https:\/\/secure.gravatar.com\/avatar\/0dc91c20648254b1ce84877283f6751b?s=96&d=mm&r=g","caption":"Blanca S\u00e1nchez"},"url":"https:\/\/www.uaga.eus\/eu\/author\/bsanchez\/"}]}},"_links":{"self":[{"href":"https:\/\/www.uaga.eus\/eu\/wp-json\/wp\/v2\/posts\/14709"}],"collection":[{"href":"https:\/\/www.uaga.eus\/eu\/wp-json\/wp\/v2\/posts"}],"about":[{"href":"https:\/\/www.uaga.eus\/eu\/wp-json\/wp\/v2\/types\/post"}],"author":[{"embeddable":true,"href":"https:\/\/www.uaga.eus\/eu\/wp-json\/wp\/v2\/users\/4"}],"replies":[{"embeddable":true,"href":"https:\/\/www.uaga.eus\/eu\/wp-json\/wp\/v2\/comments?post=14709"}],"version-history":[{"count":1,"href":"https:\/\/www.uaga.eus\/eu\/wp-json\/wp\/v2\/posts\/14709\/revisions"}],"predecessor-version":[{"id":14711,"href":"https:\/\/www.uaga.eus\/eu\/wp-json\/wp\/v2\/posts\/14709\/revisions\/14711"}],"wp:featuredmedia":[{"embeddable":true,"href":"https:\/\/www.uaga.eus\/eu\/wp-json\/wp\/v2\/media\/14710"}],"wp:attachment":[{"href":"https:\/\/www.uaga.eus\/eu\/wp-json\/wp\/v2\/media?parent=14709"}],"wp:term":[{"taxonomy":"category","embeddable":true,"href":"https:\/\/www.uaga.eus\/eu\/wp-json\/wp\/v2\/categories?post=14709"},{"taxonomy":"post_tag","embeddable":true,"href":"https:\/\/www.uaga.eus\/eu\/wp-json\/wp\/v2\/tags?post=14709"}],"curies":[{"name":"wp","href":"https:\/\/api.w.org\/{rel}","templated":true}]}}