{"id":14637,"date":"2026-03-13T13:41:11","date_gmt":"2026-03-13T13:41:11","guid":{"rendered":"https:\/\/www.uaga.eus\/?p=14637"},"modified":"2026-03-13T13:44:19","modified_gmt":"2026-03-13T13:44:19","slug":"alava-podra-vacunar-contra-la-dermatosis-nodular-contagiosa-a-la-espera-de-la-autorizacion-de-bruselas","status":"publish","type":"post","link":"https:\/\/www.uaga.eus\/eu\/alava-podra-vacunar-contra-la-dermatosis-nodular-contagiosa-a-la-espera-de-la-autorizacion-de-bruselas\/","title":{"rendered":"Arabak dermatosi nodular kutsakorraren aurkako txertoa jarri ahal izango du, Bruselasek onartzen badu"},"content":{"rendered":"<p>Aste honetan, Dermatosi Nodular Kutsakorraren (DNC) aurkako txertaketa eremua zabaltzeko eta bertan Arabako Lurralde Historikoa sartzeko proposamena helarazi dio Ministerioak Europako Batzordeari.\u00a0 Neurri positiboa da eta aspalditik eskatzen ari gara UAGAn, sektorea babesteko eta bestelako egoeretaz babesteko.<\/p>\n<p>Aldundiak bilera informatiboa deitu du aste honetan sektorearekin, Bruselaren baimena iritsitakoan jarduteko moduaren berri emateko, astebete inguruko epean espero baita. EBren berrespenaren ondoren, profilaxia hasiko da Gipuzkoarekin eta Nafarroarekin muga egiten duten eremuetatik, txertoa jarri baitute dagoeneko, probintzia osoa estali arte, ekialdetik mendebaldera.<\/p>\n<p>Sei aste inguruko txertaketa kanpaina aurreikusten da. Aldundiak eskatu dio sektoreari ahalegina egin dezala animalia guztiak eskuragarri izateko txertaketak aurrera egin ahala, lana arindu ahal izateko eta animalia guztiak immunizatu ezin badira neurri zorrotzagoak hartu behar ez izateko.<\/p>","protected":false},"excerpt":{"rendered":"<p>Aste honetan, Dermatosi Nodular Kutsakorraren (DNC) aurkako txertaketa eremua zabaltzeko eta bertan Arabako Lurralde Historikoa sartzeko proposamena helarazi dio Ministerioak Europako Batzordeari.\u00a0 Neurri positiboa da eta aspalditik eskatzen ari gara UAGAn, sektorea babesteko eta bestelako egoeretaz babesteko. Aldundiak bilera informatiboa deitu du aste honetan sektorearekin, Bruselaren baimena iritsitakoan jarduteko moduaren berri emateko, astebete inguruko epean [&hellip;]<\/p>\n","protected":false},"author":4,"featured_media":14634,"comment_status":"closed","ping_status":"closed","sticky":false,"template":"","format":"standard","meta":{"footnotes":""},"categories":[8],"tags":[],"yoast_head":"<!-- This site is optimized with the Yoast SEO plugin v21.5 - https:\/\/yoast.com\/wordpress\/plugins\/seo\/ -->\n<title>Arabak dermatosi nodular kutsakorraren aurkako txertoa jarri ahal izango du, Bruselasek onartzen badu - UAGA<\/title>\n<meta name=\"robots\" content=\"index, follow, max-snippet:-1, max-image-preview:large, max-video-preview:-1\" \/>\n<link rel=\"canonical\" href=\"https:\/\/www.uaga.eus\/alava-podra-vacunar-contra-la-dermatosis-nodular-contagiosa-a-la-espera-de-la-autorizacion-de-bruselas\/\" \/>\n<meta property=\"og:locale\" content=\"en_US\" \/>\n<meta property=\"og:type\" content=\"article\" \/>\n<meta property=\"og:title\" content=\"Arabak dermatosi nodular kutsakorraren aurkako txertoa jarri ahal izango du, Bruselasek onartzen badu - UAGA\" \/>\n<meta property=\"og:description\" content=\"Aste honetan, Dermatosi Nodular Kutsakorraren (DNC) aurkako txertaketa eremua zabaltzeko eta bertan Arabako Lurralde Historikoa sartzeko proposamena helarazi dio Ministerioak Europako Batzordeari.\u00a0 Neurri positiboa da eta aspalditik eskatzen ari gara UAGAn, sektorea babesteko eta bestelako egoeretaz babesteko. Aldundiak bilera informatiboa deitu du aste honetan sektorearekin, Bruselaren baimena iritsitakoan jarduteko moduaren berri emateko, astebete inguruko epean [&hellip;]\" \/>\n<meta property=\"og:url\" content=\"https:\/\/www.uaga.eus\/alava-podra-vacunar-contra-la-dermatosis-nodular-contagiosa-a-la-espera-de-la-autorizacion-de-bruselas\/\" \/>\n<meta property=\"og:site_name\" content=\"UAGA\" \/>\n<meta property=\"article:published_time\" content=\"2026-03-13T13:41:11+00:00\" \/>\n<meta property=\"article:modified_time\" content=\"2026-03-13T13:44:19+00:00\" \/>\n<meta property=\"og:image\" content=\"https:\/\/www.uaga.eus\/wp-content\/uploads\/2026\/03\/vacas-nodrizas.jpg\" \/>\n\t<meta property=\"og:image:width\" content=\"650\" \/>\n\t<meta property=\"og:image:height\" content=\"366\" \/>\n\t<meta property=\"og:image:type\" content=\"image\/jpeg\" \/>\n<meta name=\"author\" content=\"Blanca S\u00e1nchez\" \/>\n<meta name=\"twitter:card\" content=\"summary_large_image\" \/>\n<meta name=\"twitter:label1\" content=\"Written by\" \/>\n\t<meta name=\"twitter:data1\" content=\"Blanca S\u00e1nchez\" \/>\n\t<meta name=\"twitter:label2\" content=\"Est. reading time\" \/>\n\t<meta name=\"twitter:data2\" content=\"2 minutua\" \/>\n<script type=\"application\/ld+json\" class=\"yoast-schema-graph\">{\"@context\":\"https:\/\/schema.org\",\"@graph\":[{\"@type\":\"WebPage\",\"@id\":\"https:\/\/www.uaga.eus\/alava-podra-vacunar-contra-la-dermatosis-nodular-contagiosa-a-la-espera-de-la-autorizacion-de-bruselas\/\",\"url\":\"https:\/\/www.uaga.eus\/alava-podra-vacunar-contra-la-dermatosis-nodular-contagiosa-a-la-espera-de-la-autorizacion-de-bruselas\/\",\"name\":\"Arabak dermatosi nodular kutsakorraren aurkako txertoa jarri ahal izango du, Bruselasek onartzen badu - UAGA\",\"isPartOf\":{\"@id\":\"https:\/\/www.uaga.eus\/#website\"},\"datePublished\":\"2026-03-13T13:41:11+00:00\",\"dateModified\":\"2026-03-13T13:44:19+00:00\",\"author\":{\"@id\":\"https:\/\/www.uaga.eus\/#\/schema\/person\/48c3cbf0f33d1b788226dbb6518689cf\"},\"breadcrumb\":{\"@id\":\"https:\/\/www.uaga.eus\/alava-podra-vacunar-contra-la-dermatosis-nodular-contagiosa-a-la-espera-de-la-autorizacion-de-bruselas\/#breadcrumb\"},\"inLanguage\":\"eu\",\"potentialAction\":[{\"@type\":\"ReadAction\",\"target\":[\"https:\/\/www.uaga.eus\/alava-podra-vacunar-contra-la-dermatosis-nodular-contagiosa-a-la-espera-de-la-autorizacion-de-bruselas\/\"]}]},{\"@type\":\"BreadcrumbList\",\"@id\":\"https:\/\/www.uaga.eus\/alava-podra-vacunar-contra-la-dermatosis-nodular-contagiosa-a-la-espera-de-la-autorizacion-de-bruselas\/#breadcrumb\",\"itemListElement\":[{\"@type\":\"ListItem\",\"position\":1,\"name\":\"Inicio\",\"item\":\"https:\/\/www.uaga.eus\/\"},{\"@type\":\"ListItem\",\"position\":2,\"name\":\"\u00c1lava podr\u00e1 vacunar contra la Dermatosis Nodular Contagiosa, a la espera de la autorizaci\u00f3n de Bruselas\"}]},{\"@type\":\"WebSite\",\"@id\":\"https:\/\/www.uaga.eus\/#website\",\"url\":\"https:\/\/www.uaga.eus\/\",\"name\":\"UAGA\",\"description\":\"Uni\u00f3n Agroganadera de \u00c1lava - Araba Nekazarien Elkartea\",\"potentialAction\":[{\"@type\":\"SearchAction\",\"target\":{\"@type\":\"EntryPoint\",\"urlTemplate\":\"https:\/\/www.uaga.eus\/?s={search_term_string}\"},\"query-input\":\"required name=search_term_string\"}],\"inLanguage\":\"eu\"},{\"@type\":\"Person\",\"@id\":\"https:\/\/www.uaga.eus\/#\/schema\/person\/48c3cbf0f33d1b788226dbb6518689cf\",\"name\":\"Blanca S\u00e1nchez\",\"image\":{\"@type\":\"ImageObject\",\"inLanguage\":\"eu\",\"@id\":\"https:\/\/www.uaga.eus\/#\/schema\/person\/image\/\",\"url\":\"https:\/\/secure.gravatar.com\/avatar\/0dc91c20648254b1ce84877283f6751b?s=96&d=mm&r=g\",\"contentUrl\":\"https:\/\/secure.gravatar.com\/avatar\/0dc91c20648254b1ce84877283f6751b?s=96&d=mm&r=g\",\"caption\":\"Blanca S\u00e1nchez\"},\"url\":\"https:\/\/www.uaga.eus\/eu\/author\/bsanchez\/\"}]}<\/script>\n<!-- \/ Yoast SEO plugin. -->","yoast_head_json":{"title":"Arabak dermatosi nodular kutsakorraren aurkako txertoa jarri ahal izango du, Bruselasek onartzen badu - UAGA","robots":{"index":"index","follow":"follow","max-snippet":"max-snippet:-1","max-image-preview":"max-image-preview:large","max-video-preview":"max-video-preview:-1"},"canonical":"https:\/\/www.uaga.eus\/alava-podra-vacunar-contra-la-dermatosis-nodular-contagiosa-a-la-espera-de-la-autorizacion-de-bruselas\/","og_locale":"en_US","og_type":"article","og_title":"Arabak dermatosi nodular kutsakorraren aurkako txertoa jarri ahal izango du, Bruselasek onartzen badu - UAGA","og_description":"Aste honetan, Dermatosi Nodular Kutsakorraren (DNC) aurkako txertaketa eremua zabaltzeko eta bertan Arabako Lurralde Historikoa sartzeko proposamena helarazi dio Ministerioak Europako Batzordeari.\u00a0 Neurri positiboa da eta aspalditik eskatzen ari gara UAGAn, sektorea babesteko eta bestelako egoeretaz babesteko. Aldundiak bilera informatiboa deitu du aste honetan sektorearekin, Bruselaren baimena iritsitakoan jarduteko moduaren berri emateko, astebete inguruko epean [&hellip;]","og_url":"https:\/\/www.uaga.eus\/alava-podra-vacunar-contra-la-dermatosis-nodular-contagiosa-a-la-espera-de-la-autorizacion-de-bruselas\/","og_site_name":"UAGA","article_published_time":"2026-03-13T13:41:11+00:00","article_modified_time":"2026-03-13T13:44:19+00:00","og_image":[{"width":650,"height":366,"url":"https:\/\/www.uaga.eus\/wp-content\/uploads\/2026\/03\/vacas-nodrizas.jpg","type":"image\/jpeg"}],"author":"Blanca S\u00e1nchez","twitter_card":"summary_large_image","twitter_misc":{"Written by":"Blanca S\u00e1nchez","Est. reading time":"2 minutua"},"schema":{"@context":"https:\/\/schema.org","@graph":[{"@type":"WebPage","@id":"https:\/\/www.uaga.eus\/alava-podra-vacunar-contra-la-dermatosis-nodular-contagiosa-a-la-espera-de-la-autorizacion-de-bruselas\/","url":"https:\/\/www.uaga.eus\/alava-podra-vacunar-contra-la-dermatosis-nodular-contagiosa-a-la-espera-de-la-autorizacion-de-bruselas\/","name":"Arabak dermatosi nodular kutsakorraren aurkako txertoa jarri ahal izango du, Bruselasek onartzen badu - UAGA","isPartOf":{"@id":"https:\/\/www.uaga.eus\/#website"},"datePublished":"2026-03-13T13:41:11+00:00","dateModified":"2026-03-13T13:44:19+00:00","author":{"@id":"https:\/\/www.uaga.eus\/#\/schema\/person\/48c3cbf0f33d1b788226dbb6518689cf"},"breadcrumb":{"@id":"https:\/\/www.uaga.eus\/alava-podra-vacunar-contra-la-dermatosis-nodular-contagiosa-a-la-espera-de-la-autorizacion-de-bruselas\/#breadcrumb"},"inLanguage":"eu","potentialAction":[{"@type":"ReadAction","target":["https:\/\/www.uaga.eus\/alava-podra-vacunar-contra-la-dermatosis-nodular-contagiosa-a-la-espera-de-la-autorizacion-de-bruselas\/"]}]},{"@type":"BreadcrumbList","@id":"https:\/\/www.uaga.eus\/alava-podra-vacunar-contra-la-dermatosis-nodular-contagiosa-a-la-espera-de-la-autorizacion-de-bruselas\/#breadcrumb","itemListElement":[{"@type":"ListItem","position":1,"name":"Inicio","item":"https:\/\/www.uaga.eus\/"},{"@type":"ListItem","position":2,"name":"\u00c1lava podr\u00e1 vacunar contra la Dermatosis Nodular Contagiosa, a la espera de la autorizaci\u00f3n de Bruselas"}]},{"@type":"WebSite","@id":"https:\/\/www.uaga.eus\/#website","url":"https:\/\/www.uaga.eus\/","name":"UAGA","description":"Uni\u00f3n Agroganadera de \u00c1lava - Araba Nekazarien Elkartea","potentialAction":[{"@type":"SearchAction","target":{"@type":"EntryPoint","urlTemplate":"https:\/\/www.uaga.eus\/?s={search_term_string}"},"query-input":"required name=search_term_string"}],"inLanguage":"eu"},{"@type":"Person","@id":"https:\/\/www.uaga.eus\/#\/schema\/person\/48c3cbf0f33d1b788226dbb6518689cf","name":"Blanca S\u00e1nchez","image":{"@type":"ImageObject","inLanguage":"eu","@id":"https:\/\/www.uaga.eus\/#\/schema\/person\/image\/","url":"https:\/\/secure.gravatar.com\/avatar\/0dc91c20648254b1ce84877283f6751b?s=96&d=mm&r=g","contentUrl":"https:\/\/secure.gravatar.com\/avatar\/0dc91c20648254b1ce84877283f6751b?s=96&d=mm&r=g","caption":"Blanca S\u00e1nchez"},"url":"https:\/\/www.uaga.eus\/eu\/author\/bsanchez\/"}]}},"_links":{"self":[{"href":"https:\/\/www.uaga.eus\/eu\/wp-json\/wp\/v2\/posts\/14637"}],"collection":[{"href":"https:\/\/www.uaga.eus\/eu\/wp-json\/wp\/v2\/posts"}],"about":[{"href":"https:\/\/www.uaga.eus\/eu\/wp-json\/wp\/v2\/types\/post"}],"author":[{"embeddable":true,"href":"https:\/\/www.uaga.eus\/eu\/wp-json\/wp\/v2\/users\/4"}],"replies":[{"embeddable":true,"href":"https:\/\/www.uaga.eus\/eu\/wp-json\/wp\/v2\/comments?post=14637"}],"version-history":[{"count":1,"href":"https:\/\/www.uaga.eus\/eu\/wp-json\/wp\/v2\/posts\/14637\/revisions"}],"predecessor-version":[{"id":14638,"href":"https:\/\/www.uaga.eus\/eu\/wp-json\/wp\/v2\/posts\/14637\/revisions\/14638"}],"wp:featuredmedia":[{"embeddable":true,"href":"https:\/\/www.uaga.eus\/eu\/wp-json\/wp\/v2\/media\/14634"}],"wp:attachment":[{"href":"https:\/\/www.uaga.eus\/eu\/wp-json\/wp\/v2\/media?parent=14637"}],"wp:term":[{"taxonomy":"category","embeddable":true,"href":"https:\/\/www.uaga.eus\/eu\/wp-json\/wp\/v2\/categories?post=14637"},{"taxonomy":"post_tag","embeddable":true,"href":"https:\/\/www.uaga.eus\/eu\/wp-json\/wp\/v2\/tags?post=14637"}],"curies":[{"name":"wp","href":"https:\/\/api.w.org\/{rel}","templated":true}]}}