{"id":14554,"date":"2026-02-20T12:41:41","date_gmt":"2026-02-20T12:41:41","guid":{"rendered":"https:\/\/www.uaga.eus\/?p=14554"},"modified":"2026-02-20T15:02:51","modified_gmt":"2026-02-20T15:02:51","slug":"uaga-se-reune-con-el-consejero-de-industria-transicion-energetica-y-sostenibilidad-de-gobierno-vasco-2","status":"publish","type":"post","link":"https:\/\/www.uaga.eus\/eu\/uaga-se-reune-con-el-consejero-de-industria-transicion-energetica-y-sostenibilidad-de-gobierno-vasco-2\/","title":{"rendered":"UAGA Eusko Jaurlaritzako Industria, Trantsizio Energetiko eta Jasangarritasuneko sailburuarekin bildu da"},"content":{"rendered":"<p>UAGA aste honetan bildu da Mikel Jauregirekin Industria, Trantsizio Energetikoa eta Jasangarritasuneko sailburarekin. Mahai horretan izan ziren, halaber, URAko zuzendari nagusia eta deskarbonizazioko zuzendaria.<\/p>\n<p>Lehenik eta behin, azken egunetako euripeen ondorioz zoroetan sortutako arazoak jakinarazi zitzaizkien arduradunei. Horretaz gain Solariako proiektu uholde berriaren aurkezpenagatik galdetu zitzaion, administrazioari jakinarazi zitzaion landa inguruneak sektorearen eta gizartearen aldetik sortu den kezka.<\/p>\n<p>UAGAk adierazi zuen ezinbestekoa dela gure lurra, herriak eta bizi-eredua babesteko behar diren mekanismo guztiak ezartzea.<\/p>","protected":false},"excerpt":{"rendered":"<p>UAGA aste honetan bildu da Mikel Jauregirekin Industria, Trantsizio Energetikoa eta Jasangarritasuneko sailburarekin. Mahai horretan izan ziren, halaber, URAko zuzendari nagusia eta deskarbonizazioko zuzendaria. Lehenik eta behin, azken egunetako euripeen ondorioz zoroetan sortutako arazoak jakinarazi zitzaizkien arduradunei. Horretaz gain Solariako proiektu uholde berriaren aurkezpenagatik galdetu zitzaion, administrazioari jakinarazi zitzaion landa inguruneak sektorearen eta gizartearen aldetik [&hellip;]<\/p>\n","protected":false},"author":4,"featured_media":14555,"comment_status":"closed","ping_status":"closed","sticky":false,"template":"","format":"standard","meta":{"footnotes":""},"categories":[11,3],"tags":[],"yoast_head":"<!-- This site is optimized with the Yoast SEO plugin v21.5 - https:\/\/yoast.com\/wordpress\/plugins\/seo\/ -->\n<title>UAGA Eusko Jaurlaritzako Industria, Trantsizio Energetiko eta Jasangarritasuneko sailburuarekin bildu da - UAGA<\/title>\n<meta name=\"robots\" content=\"index, follow, max-snippet:-1, max-image-preview:large, max-video-preview:-1\" \/>\n<link rel=\"canonical\" href=\"https:\/\/www.uaga.eus\/uaga-se-reune-con-el-consejero-de-industria-transicion-energetica-y-sostenibilidad-de-gobierno-vasco-2\/\" \/>\n<meta property=\"og:locale\" content=\"en_US\" \/>\n<meta property=\"og:type\" content=\"article\" \/>\n<meta property=\"og:title\" content=\"UAGA Eusko Jaurlaritzako Industria, Trantsizio Energetiko eta Jasangarritasuneko sailburuarekin bildu da - UAGA\" \/>\n<meta property=\"og:description\" content=\"UAGA aste honetan bildu da Mikel Jauregirekin Industria, Trantsizio Energetikoa eta Jasangarritasuneko sailburarekin. Mahai horretan izan ziren, halaber, URAko zuzendari nagusia eta deskarbonizazioko zuzendaria. Lehenik eta behin, azken egunetako euripeen ondorioz zoroetan sortutako arazoak jakinarazi zitzaizkien arduradunei. Horretaz gain Solariako proiektu uholde berriaren aurkezpenagatik galdetu zitzaion, administrazioari jakinarazi zitzaion landa inguruneak sektorearen eta gizartearen aldetik [&hellip;]\" \/>\n<meta property=\"og:url\" content=\"https:\/\/www.uaga.eus\/uaga-se-reune-con-el-consejero-de-industria-transicion-energetica-y-sostenibilidad-de-gobierno-vasco-2\/\" \/>\n<meta property=\"og:site_name\" content=\"UAGA\" \/>\n<meta property=\"article:published_time\" content=\"2026-02-20T12:41:41+00:00\" \/>\n<meta property=\"article:modified_time\" content=\"2026-02-20T15:02:51+00:00\" \/>\n<meta property=\"og:image\" content=\"https:\/\/www.uaga.eus\/wp-content\/uploads\/2026\/02\/agua-embalsada-en-Estarrona.jpg\" \/>\n\t<meta property=\"og:image:width\" content=\"650\" \/>\n\t<meta property=\"og:image:height\" content=\"390\" \/>\n\t<meta property=\"og:image:type\" content=\"image\/jpeg\" \/>\n<meta name=\"author\" content=\"Blanca S\u00e1nchez\" \/>\n<meta name=\"twitter:card\" content=\"summary_large_image\" \/>\n<meta name=\"twitter:label1\" content=\"Written by\" \/>\n\t<meta name=\"twitter:data1\" content=\"Blanca S\u00e1nchez\" \/>\n\t<meta name=\"twitter:label2\" content=\"Est. reading time\" \/>\n\t<meta name=\"twitter:data2\" content=\"1 minutua\" \/>\n<script type=\"application\/ld+json\" class=\"yoast-schema-graph\">{\"@context\":\"https:\/\/schema.org\",\"@graph\":[{\"@type\":\"WebPage\",\"@id\":\"https:\/\/www.uaga.eus\/uaga-se-reune-con-el-consejero-de-industria-transicion-energetica-y-sostenibilidad-de-gobierno-vasco-2\/\",\"url\":\"https:\/\/www.uaga.eus\/uaga-se-reune-con-el-consejero-de-industria-transicion-energetica-y-sostenibilidad-de-gobierno-vasco-2\/\",\"name\":\"UAGA Eusko Jaurlaritzako Industria, Trantsizio Energetiko eta Jasangarritasuneko sailburuarekin bildu da - UAGA\",\"isPartOf\":{\"@id\":\"https:\/\/www.uaga.eus\/#website\"},\"datePublished\":\"2026-02-20T12:41:41+00:00\",\"dateModified\":\"2026-02-20T15:02:51+00:00\",\"author\":{\"@id\":\"https:\/\/www.uaga.eus\/#\/schema\/person\/48c3cbf0f33d1b788226dbb6518689cf\"},\"breadcrumb\":{\"@id\":\"https:\/\/www.uaga.eus\/uaga-se-reune-con-el-consejero-de-industria-transicion-energetica-y-sostenibilidad-de-gobierno-vasco-2\/#breadcrumb\"},\"inLanguage\":\"eu\",\"potentialAction\":[{\"@type\":\"ReadAction\",\"target\":[\"https:\/\/www.uaga.eus\/uaga-se-reune-con-el-consejero-de-industria-transicion-energetica-y-sostenibilidad-de-gobierno-vasco-2\/\"]}]},{\"@type\":\"BreadcrumbList\",\"@id\":\"https:\/\/www.uaga.eus\/uaga-se-reune-con-el-consejero-de-industria-transicion-energetica-y-sostenibilidad-de-gobierno-vasco-2\/#breadcrumb\",\"itemListElement\":[{\"@type\":\"ListItem\",\"position\":1,\"name\":\"Inicio\",\"item\":\"https:\/\/www.uaga.eus\/\"},{\"@type\":\"ListItem\",\"position\":2,\"name\":\"UAGA se re\u00fane con el Consejero de Industria, Transici\u00f3n Energ\u00e9tica y Sostenibilidad de Gobierno Vasco\"}]},{\"@type\":\"WebSite\",\"@id\":\"https:\/\/www.uaga.eus\/#website\",\"url\":\"https:\/\/www.uaga.eus\/\",\"name\":\"UAGA\",\"description\":\"Uni\u00f3n Agroganadera de \u00c1lava - Araba Nekazarien Elkartea\",\"potentialAction\":[{\"@type\":\"SearchAction\",\"target\":{\"@type\":\"EntryPoint\",\"urlTemplate\":\"https:\/\/www.uaga.eus\/?s={search_term_string}\"},\"query-input\":\"required name=search_term_string\"}],\"inLanguage\":\"eu\"},{\"@type\":\"Person\",\"@id\":\"https:\/\/www.uaga.eus\/#\/schema\/person\/48c3cbf0f33d1b788226dbb6518689cf\",\"name\":\"Blanca S\u00e1nchez\",\"image\":{\"@type\":\"ImageObject\",\"inLanguage\":\"eu\",\"@id\":\"https:\/\/www.uaga.eus\/#\/schema\/person\/image\/\",\"url\":\"https:\/\/secure.gravatar.com\/avatar\/0dc91c20648254b1ce84877283f6751b?s=96&d=mm&r=g\",\"contentUrl\":\"https:\/\/secure.gravatar.com\/avatar\/0dc91c20648254b1ce84877283f6751b?s=96&d=mm&r=g\",\"caption\":\"Blanca S\u00e1nchez\"},\"url\":\"https:\/\/www.uaga.eus\/eu\/author\/bsanchez\/\"}]}<\/script>\n<!-- \/ Yoast SEO plugin. -->","yoast_head_json":{"title":"UAGA Eusko Jaurlaritzako Industria, Trantsizio Energetiko eta Jasangarritasuneko sailburuarekin bildu da - UAGA","robots":{"index":"index","follow":"follow","max-snippet":"max-snippet:-1","max-image-preview":"max-image-preview:large","max-video-preview":"max-video-preview:-1"},"canonical":"https:\/\/www.uaga.eus\/uaga-se-reune-con-el-consejero-de-industria-transicion-energetica-y-sostenibilidad-de-gobierno-vasco-2\/","og_locale":"en_US","og_type":"article","og_title":"UAGA Eusko Jaurlaritzako Industria, Trantsizio Energetiko eta Jasangarritasuneko sailburuarekin bildu da - UAGA","og_description":"UAGA aste honetan bildu da Mikel Jauregirekin Industria, Trantsizio Energetikoa eta Jasangarritasuneko sailburarekin. Mahai horretan izan ziren, halaber, URAko zuzendari nagusia eta deskarbonizazioko zuzendaria. Lehenik eta behin, azken egunetako euripeen ondorioz zoroetan sortutako arazoak jakinarazi zitzaizkien arduradunei. Horretaz gain Solariako proiektu uholde berriaren aurkezpenagatik galdetu zitzaion, administrazioari jakinarazi zitzaion landa inguruneak sektorearen eta gizartearen aldetik [&hellip;]","og_url":"https:\/\/www.uaga.eus\/uaga-se-reune-con-el-consejero-de-industria-transicion-energetica-y-sostenibilidad-de-gobierno-vasco-2\/","og_site_name":"UAGA","article_published_time":"2026-02-20T12:41:41+00:00","article_modified_time":"2026-02-20T15:02:51+00:00","og_image":[{"width":650,"height":390,"url":"https:\/\/www.uaga.eus\/wp-content\/uploads\/2026\/02\/agua-embalsada-en-Estarrona.jpg","type":"image\/jpeg"}],"author":"Blanca S\u00e1nchez","twitter_card":"summary_large_image","twitter_misc":{"Written by":"Blanca S\u00e1nchez","Est. reading time":"1 minutua"},"schema":{"@context":"https:\/\/schema.org","@graph":[{"@type":"WebPage","@id":"https:\/\/www.uaga.eus\/uaga-se-reune-con-el-consejero-de-industria-transicion-energetica-y-sostenibilidad-de-gobierno-vasco-2\/","url":"https:\/\/www.uaga.eus\/uaga-se-reune-con-el-consejero-de-industria-transicion-energetica-y-sostenibilidad-de-gobierno-vasco-2\/","name":"UAGA Eusko Jaurlaritzako Industria, Trantsizio Energetiko eta Jasangarritasuneko sailburuarekin bildu da - UAGA","isPartOf":{"@id":"https:\/\/www.uaga.eus\/#website"},"datePublished":"2026-02-20T12:41:41+00:00","dateModified":"2026-02-20T15:02:51+00:00","author":{"@id":"https:\/\/www.uaga.eus\/#\/schema\/person\/48c3cbf0f33d1b788226dbb6518689cf"},"breadcrumb":{"@id":"https:\/\/www.uaga.eus\/uaga-se-reune-con-el-consejero-de-industria-transicion-energetica-y-sostenibilidad-de-gobierno-vasco-2\/#breadcrumb"},"inLanguage":"eu","potentialAction":[{"@type":"ReadAction","target":["https:\/\/www.uaga.eus\/uaga-se-reune-con-el-consejero-de-industria-transicion-energetica-y-sostenibilidad-de-gobierno-vasco-2\/"]}]},{"@type":"BreadcrumbList","@id":"https:\/\/www.uaga.eus\/uaga-se-reune-con-el-consejero-de-industria-transicion-energetica-y-sostenibilidad-de-gobierno-vasco-2\/#breadcrumb","itemListElement":[{"@type":"ListItem","position":1,"name":"Inicio","item":"https:\/\/www.uaga.eus\/"},{"@type":"ListItem","position":2,"name":"UAGA se re\u00fane con el Consejero de Industria, Transici\u00f3n Energ\u00e9tica y Sostenibilidad de Gobierno Vasco"}]},{"@type":"WebSite","@id":"https:\/\/www.uaga.eus\/#website","url":"https:\/\/www.uaga.eus\/","name":"UAGA","description":"Uni\u00f3n Agroganadera de \u00c1lava - Araba Nekazarien Elkartea","potentialAction":[{"@type":"SearchAction","target":{"@type":"EntryPoint","urlTemplate":"https:\/\/www.uaga.eus\/?s={search_term_string}"},"query-input":"required name=search_term_string"}],"inLanguage":"eu"},{"@type":"Person","@id":"https:\/\/www.uaga.eus\/#\/schema\/person\/48c3cbf0f33d1b788226dbb6518689cf","name":"Blanca S\u00e1nchez","image":{"@type":"ImageObject","inLanguage":"eu","@id":"https:\/\/www.uaga.eus\/#\/schema\/person\/image\/","url":"https:\/\/secure.gravatar.com\/avatar\/0dc91c20648254b1ce84877283f6751b?s=96&d=mm&r=g","contentUrl":"https:\/\/secure.gravatar.com\/avatar\/0dc91c20648254b1ce84877283f6751b?s=96&d=mm&r=g","caption":"Blanca S\u00e1nchez"},"url":"https:\/\/www.uaga.eus\/eu\/author\/bsanchez\/"}]}},"_links":{"self":[{"href":"https:\/\/www.uaga.eus\/eu\/wp-json\/wp\/v2\/posts\/14554"}],"collection":[{"href":"https:\/\/www.uaga.eus\/eu\/wp-json\/wp\/v2\/posts"}],"about":[{"href":"https:\/\/www.uaga.eus\/eu\/wp-json\/wp\/v2\/types\/post"}],"author":[{"embeddable":true,"href":"https:\/\/www.uaga.eus\/eu\/wp-json\/wp\/v2\/users\/4"}],"replies":[{"embeddable":true,"href":"https:\/\/www.uaga.eus\/eu\/wp-json\/wp\/v2\/comments?post=14554"}],"version-history":[{"count":2,"href":"https:\/\/www.uaga.eus\/eu\/wp-json\/wp\/v2\/posts\/14554\/revisions"}],"predecessor-version":[{"id":14561,"href":"https:\/\/www.uaga.eus\/eu\/wp-json\/wp\/v2\/posts\/14554\/revisions\/14561"}],"wp:featuredmedia":[{"embeddable":true,"href":"https:\/\/www.uaga.eus\/eu\/wp-json\/wp\/v2\/media\/14555"}],"wp:attachment":[{"href":"https:\/\/www.uaga.eus\/eu\/wp-json\/wp\/v2\/media?parent=14554"}],"wp:term":[{"taxonomy":"category","embeddable":true,"href":"https:\/\/www.uaga.eus\/eu\/wp-json\/wp\/v2\/categories?post=14554"},{"taxonomy":"post_tag","embeddable":true,"href":"https:\/\/www.uaga.eus\/eu\/wp-json\/wp\/v2\/tags?post=14554"}],"curies":[{"name":"wp","href":"https:\/\/api.w.org\/{rel}","templated":true}]}}