{"id":14509,"date":"2026-02-06T13:04:52","date_gmt":"2026-02-06T13:04:52","guid":{"rendered":"https:\/\/www.uaga.eus\/?p=14509"},"modified":"2026-02-06T13:04:52","modified_gmt":"2026-02-06T13:04:52","slug":"uaga-organiza-un-viaje-a-la-feria-de-zaragoza-para-jovenes","status":"publish","type":"post","link":"https:\/\/www.uaga.eus\/eu\/uaga-organiza-un-viaje-a-la-feria-de-zaragoza-para-jovenes\/","title":{"rendered":"UAGAk gazteentzako bidaia antolatu du Zaragozako Azokara"},"content":{"rendered":"<p>UAGA va a organizar, para el\u00a0viernes 13 de febrero, un viaje a FIMA, la Feria de Maquinaria Agr\u00edcola de Zaragoza. El viaje est\u00e1 dirigido a personas j\u00f3venes agricultoras y ganaderas (menores de 35 a\u00f1os) y estudiantes de FP Agraria. No es necesario estar afiliado al sindicato.<\/p>\n<p>El \u00fanico objetivo de la convocatoria es que j\u00f3venes interesados en el sector se conozcan entre ellos, hagan relaci\u00f3n y puedan ver de primera mano las novedades que ofrece el sector de la maquinaria agr\u00edcola.<\/p>\n<p>Si te interesa o conoces a alguien que le pueda interesar,\u00a0ll\u00e1manos antes del\u00a0lunes 9 a las 12:00h.<\/p>\n<p>+INFO GUSTAVO: 635 704 865<\/p>\n<p><br data-cke-eol=\"1\" \/><\/p>\n","protected":false},"excerpt":{"rendered":"<p>UAGA va a organizar, para el\u00a0viernes 13 de febrero, un viaje a FIMA, la Feria de Maquinaria Agr\u00edcola de Zaragoza. El viaje est\u00e1 dirigido a personas j\u00f3venes agricultoras y ganaderas (menores de 35 a\u00f1os) y estudiantes de FP Agraria. No es necesario estar afiliado al sindicato. El \u00fanico objetivo de la convocatoria es que j\u00f3venes [&hellip;]<\/p>\n","protected":false},"author":4,"featured_media":14510,"comment_status":"closed","ping_status":"closed","sticky":false,"template":"","format":"standard","meta":{"footnotes":""},"categories":[7,8,3],"tags":[],"yoast_head":"<!-- This site is optimized with the Yoast SEO plugin v21.5 - https:\/\/yoast.com\/wordpress\/plugins\/seo\/ -->\n<title>UAGAk gazteentzako bidaia antolatu du Zaragozako Azokara - UAGA<\/title>\n<meta name=\"robots\" content=\"index, follow, max-snippet:-1, max-image-preview:large, max-video-preview:-1\" \/>\n<link rel=\"canonical\" href=\"https:\/\/www.uaga.eus\/uaga-organiza-un-viaje-a-la-feria-de-zaragoza-para-jovenes\/\" \/>\n<meta property=\"og:locale\" content=\"en_US\" \/>\n<meta property=\"og:type\" content=\"article\" \/>\n<meta property=\"og:title\" content=\"UAGAk gazteentzako bidaia antolatu du Zaragozako Azokara - UAGA\" \/>\n<meta property=\"og:description\" content=\"UAGA va a organizar, para el\u00a0viernes 13 de febrero, un viaje a FIMA, la Feria de Maquinaria Agr\u00edcola de Zaragoza. El viaje est\u00e1 dirigido a personas j\u00f3venes agricultoras y ganaderas (menores de 35 a\u00f1os) y estudiantes de FP Agraria. No es necesario estar afiliado al sindicato. El \u00fanico objetivo de la convocatoria es que j\u00f3venes [&hellip;]\" \/>\n<meta property=\"og:url\" content=\"https:\/\/www.uaga.eus\/uaga-organiza-un-viaje-a-la-feria-de-zaragoza-para-jovenes\/\" \/>\n<meta property=\"og:site_name\" content=\"UAGA\" \/>\n<meta property=\"article:published_time\" content=\"2026-02-06T13:04:52+00:00\" \/>\n<meta property=\"og:image\" content=\"https:\/\/www.uaga.eus\/wp-content\/uploads\/2026\/02\/recorte-cartel-fima.png\" \/>\n\t<meta property=\"og:image:width\" content=\"650\" \/>\n\t<meta property=\"og:image:height\" content=\"366\" \/>\n\t<meta property=\"og:image:type\" content=\"image\/png\" \/>\n<meta name=\"author\" content=\"Blanca S\u00e1nchez\" \/>\n<meta name=\"twitter:card\" content=\"summary_large_image\" \/>\n<meta name=\"twitter:label1\" content=\"Written by\" \/>\n\t<meta name=\"twitter:data1\" content=\"Blanca S\u00e1nchez\" \/>\n\t<meta name=\"twitter:label2\" content=\"Est. reading time\" \/>\n\t<meta name=\"twitter:data2\" content=\"1 minutua\" \/>\n<script type=\"application\/ld+json\" class=\"yoast-schema-graph\">{\"@context\":\"https:\/\/schema.org\",\"@graph\":[{\"@type\":\"WebPage\",\"@id\":\"https:\/\/www.uaga.eus\/uaga-organiza-un-viaje-a-la-feria-de-zaragoza-para-jovenes\/\",\"url\":\"https:\/\/www.uaga.eus\/uaga-organiza-un-viaje-a-la-feria-de-zaragoza-para-jovenes\/\",\"name\":\"UAGAk gazteentzako bidaia antolatu du Zaragozako Azokara - UAGA\",\"isPartOf\":{\"@id\":\"https:\/\/www.uaga.eus\/#website\"},\"datePublished\":\"2026-02-06T13:04:52+00:00\",\"dateModified\":\"2026-02-06T13:04:52+00:00\",\"author\":{\"@id\":\"https:\/\/www.uaga.eus\/#\/schema\/person\/48c3cbf0f33d1b788226dbb6518689cf\"},\"breadcrumb\":{\"@id\":\"https:\/\/www.uaga.eus\/uaga-organiza-un-viaje-a-la-feria-de-zaragoza-para-jovenes\/#breadcrumb\"},\"inLanguage\":\"eu\",\"potentialAction\":[{\"@type\":\"ReadAction\",\"target\":[\"https:\/\/www.uaga.eus\/uaga-organiza-un-viaje-a-la-feria-de-zaragoza-para-jovenes\/\"]}]},{\"@type\":\"BreadcrumbList\",\"@id\":\"https:\/\/www.uaga.eus\/uaga-organiza-un-viaje-a-la-feria-de-zaragoza-para-jovenes\/#breadcrumb\",\"itemListElement\":[{\"@type\":\"ListItem\",\"position\":1,\"name\":\"Inicio\",\"item\":\"https:\/\/www.uaga.eus\/\"},{\"@type\":\"ListItem\",\"position\":2,\"name\":\"UAGA organiza un viaje a la Feria de Zaragoza para j\u00f3venes\"}]},{\"@type\":\"WebSite\",\"@id\":\"https:\/\/www.uaga.eus\/#website\",\"url\":\"https:\/\/www.uaga.eus\/\",\"name\":\"UAGA\",\"description\":\"Uni\u00f3n Agroganadera de \u00c1lava - Araba Nekazarien Elkartea\",\"potentialAction\":[{\"@type\":\"SearchAction\",\"target\":{\"@type\":\"EntryPoint\",\"urlTemplate\":\"https:\/\/www.uaga.eus\/?s={search_term_string}\"},\"query-input\":\"required name=search_term_string\"}],\"inLanguage\":\"eu\"},{\"@type\":\"Person\",\"@id\":\"https:\/\/www.uaga.eus\/#\/schema\/person\/48c3cbf0f33d1b788226dbb6518689cf\",\"name\":\"Blanca S\u00e1nchez\",\"image\":{\"@type\":\"ImageObject\",\"inLanguage\":\"eu\",\"@id\":\"https:\/\/www.uaga.eus\/#\/schema\/person\/image\/\",\"url\":\"https:\/\/secure.gravatar.com\/avatar\/0dc91c20648254b1ce84877283f6751b?s=96&d=mm&r=g\",\"contentUrl\":\"https:\/\/secure.gravatar.com\/avatar\/0dc91c20648254b1ce84877283f6751b?s=96&d=mm&r=g\",\"caption\":\"Blanca S\u00e1nchez\"},\"url\":\"https:\/\/www.uaga.eus\/eu\/author\/bsanchez\/\"}]}<\/script>\n<!-- \/ Yoast SEO plugin. -->","yoast_head_json":{"title":"UAGAk gazteentzako bidaia antolatu du Zaragozako Azokara - UAGA","robots":{"index":"index","follow":"follow","max-snippet":"max-snippet:-1","max-image-preview":"max-image-preview:large","max-video-preview":"max-video-preview:-1"},"canonical":"https:\/\/www.uaga.eus\/uaga-organiza-un-viaje-a-la-feria-de-zaragoza-para-jovenes\/","og_locale":"en_US","og_type":"article","og_title":"UAGAk gazteentzako bidaia antolatu du Zaragozako Azokara - UAGA","og_description":"UAGA va a organizar, para el\u00a0viernes 13 de febrero, un viaje a FIMA, la Feria de Maquinaria Agr\u00edcola de Zaragoza. El viaje est\u00e1 dirigido a personas j\u00f3venes agricultoras y ganaderas (menores de 35 a\u00f1os) y estudiantes de FP Agraria. No es necesario estar afiliado al sindicato. El \u00fanico objetivo de la convocatoria es que j\u00f3venes [&hellip;]","og_url":"https:\/\/www.uaga.eus\/uaga-organiza-un-viaje-a-la-feria-de-zaragoza-para-jovenes\/","og_site_name":"UAGA","article_published_time":"2026-02-06T13:04:52+00:00","og_image":[{"width":650,"height":366,"url":"https:\/\/www.uaga.eus\/wp-content\/uploads\/2026\/02\/recorte-cartel-fima.png","type":"image\/png"}],"author":"Blanca S\u00e1nchez","twitter_card":"summary_large_image","twitter_misc":{"Written by":"Blanca S\u00e1nchez","Est. reading time":"1 minutua"},"schema":{"@context":"https:\/\/schema.org","@graph":[{"@type":"WebPage","@id":"https:\/\/www.uaga.eus\/uaga-organiza-un-viaje-a-la-feria-de-zaragoza-para-jovenes\/","url":"https:\/\/www.uaga.eus\/uaga-organiza-un-viaje-a-la-feria-de-zaragoza-para-jovenes\/","name":"UAGAk gazteentzako bidaia antolatu du Zaragozako Azokara - UAGA","isPartOf":{"@id":"https:\/\/www.uaga.eus\/#website"},"datePublished":"2026-02-06T13:04:52+00:00","dateModified":"2026-02-06T13:04:52+00:00","author":{"@id":"https:\/\/www.uaga.eus\/#\/schema\/person\/48c3cbf0f33d1b788226dbb6518689cf"},"breadcrumb":{"@id":"https:\/\/www.uaga.eus\/uaga-organiza-un-viaje-a-la-feria-de-zaragoza-para-jovenes\/#breadcrumb"},"inLanguage":"eu","potentialAction":[{"@type":"ReadAction","target":["https:\/\/www.uaga.eus\/uaga-organiza-un-viaje-a-la-feria-de-zaragoza-para-jovenes\/"]}]},{"@type":"BreadcrumbList","@id":"https:\/\/www.uaga.eus\/uaga-organiza-un-viaje-a-la-feria-de-zaragoza-para-jovenes\/#breadcrumb","itemListElement":[{"@type":"ListItem","position":1,"name":"Inicio","item":"https:\/\/www.uaga.eus\/"},{"@type":"ListItem","position":2,"name":"UAGA organiza un viaje a la Feria de Zaragoza para j\u00f3venes"}]},{"@type":"WebSite","@id":"https:\/\/www.uaga.eus\/#website","url":"https:\/\/www.uaga.eus\/","name":"UAGA","description":"Uni\u00f3n Agroganadera de \u00c1lava - Araba Nekazarien Elkartea","potentialAction":[{"@type":"SearchAction","target":{"@type":"EntryPoint","urlTemplate":"https:\/\/www.uaga.eus\/?s={search_term_string}"},"query-input":"required name=search_term_string"}],"inLanguage":"eu"},{"@type":"Person","@id":"https:\/\/www.uaga.eus\/#\/schema\/person\/48c3cbf0f33d1b788226dbb6518689cf","name":"Blanca S\u00e1nchez","image":{"@type":"ImageObject","inLanguage":"eu","@id":"https:\/\/www.uaga.eus\/#\/schema\/person\/image\/","url":"https:\/\/secure.gravatar.com\/avatar\/0dc91c20648254b1ce84877283f6751b?s=96&d=mm&r=g","contentUrl":"https:\/\/secure.gravatar.com\/avatar\/0dc91c20648254b1ce84877283f6751b?s=96&d=mm&r=g","caption":"Blanca S\u00e1nchez"},"url":"https:\/\/www.uaga.eus\/eu\/author\/bsanchez\/"}]}},"_links":{"self":[{"href":"https:\/\/www.uaga.eus\/eu\/wp-json\/wp\/v2\/posts\/14509"}],"collection":[{"href":"https:\/\/www.uaga.eus\/eu\/wp-json\/wp\/v2\/posts"}],"about":[{"href":"https:\/\/www.uaga.eus\/eu\/wp-json\/wp\/v2\/types\/post"}],"author":[{"embeddable":true,"href":"https:\/\/www.uaga.eus\/eu\/wp-json\/wp\/v2\/users\/4"}],"replies":[{"embeddable":true,"href":"https:\/\/www.uaga.eus\/eu\/wp-json\/wp\/v2\/comments?post=14509"}],"version-history":[{"count":1,"href":"https:\/\/www.uaga.eus\/eu\/wp-json\/wp\/v2\/posts\/14509\/revisions"}],"predecessor-version":[{"id":14511,"href":"https:\/\/www.uaga.eus\/eu\/wp-json\/wp\/v2\/posts\/14509\/revisions\/14511"}],"wp:featuredmedia":[{"embeddable":true,"href":"https:\/\/www.uaga.eus\/eu\/wp-json\/wp\/v2\/media\/14510"}],"wp:attachment":[{"href":"https:\/\/www.uaga.eus\/eu\/wp-json\/wp\/v2\/media?parent=14509"}],"wp:term":[{"taxonomy":"category","embeddable":true,"href":"https:\/\/www.uaga.eus\/eu\/wp-json\/wp\/v2\/categories?post=14509"},{"taxonomy":"post_tag","embeddable":true,"href":"https:\/\/www.uaga.eus\/eu\/wp-json\/wp\/v2\/tags?post=14509"}],"curies":[{"name":"wp","href":"https:\/\/api.w.org\/{rel}","templated":true}]}}