{"id":14507,"date":"2026-02-06T13:02:31","date_gmt":"2026-02-06T13:02:31","guid":{"rendered":"https:\/\/www.uaga.eus\/?p=14507"},"modified":"2026-02-06T13:06:01","modified_gmt":"2026-02-06T13:06:01","slug":"asamblea-del-colectivo-de-maiz","status":"publish","type":"post","link":"https:\/\/www.uaga.eus\/eu\/asamblea-del-colectivo-de-maiz\/","title":{"rendered":"Artoaren kolektiboaren batzarra"},"content":{"rendered":"<p>Esta \u00faltima semana se ha celebrado la asamblea del colectivo de ma\u00edz de UAGA, con el fin de explicar el cierre de campa\u00f1a de 2025 y empezar a preparar la campa\u00f1a de 2026.<\/p>\n<p>Se repasaron los precios obtenidos tanto para la parte agr\u00edcola como para la parte ganadera. Los agricultores de UAGA recibieron, una vez descontados todos los costes, 51 \u20ac\/tn de ma\u00edz mientras que los\u00a0ganaderos pagaron 76 \u20ac\/tn por un ma\u00edz de alt\u00edsima calidad puesto en casa.<\/p>\n<p>En la asamblea se constat\u00f3 en inter\u00e9s del sector agr\u00edcola por seguir manteniendo este cultivo. Para poder crecer\u00a0se necesitar\u00eda tambi\u00e9n ampliar el volumen de ganaderos que consumieran ma\u00edz. Con este fin\u00a0se aprob\u00f3,\u00a0de cara a la pr\u00f3xima campa\u00f1a, ofrecer producto en micro silos de ma\u00edz en forma de bolas de 1.000 kg aproximadamente, adem\u00e1s del sistema habitual.<\/p>\n<p>Si est\u00e1s interesado en estos servicios, ponte en contacto con nosotros.<\/p>\n<p>&nbsp;<\/p>\n<p>+INFO XABI: 675 707 696<\/p>\n","protected":false},"excerpt":{"rendered":"<p>Esta \u00faltima semana se ha celebrado la asamblea del colectivo de ma\u00edz de UAGA, con el fin de explicar el cierre de campa\u00f1a de 2025 y empezar a preparar la campa\u00f1a de 2026. Se repasaron los precios obtenidos tanto para la parte agr\u00edcola como para la parte ganadera. Los agricultores de UAGA recibieron, una vez [&hellip;]<\/p>\n","protected":false},"author":4,"featured_media":14337,"comment_status":"closed","ping_status":"closed","sticky":false,"template":"","format":"standard","meta":{"footnotes":""},"categories":[1],"tags":[],"yoast_head":"<!-- This site is optimized with the Yoast SEO plugin v21.5 - https:\/\/yoast.com\/wordpress\/plugins\/seo\/ -->\n<title>Artoaren kolektiboaren batzarra - UAGA<\/title>\n<meta name=\"robots\" content=\"index, follow, max-snippet:-1, max-image-preview:large, max-video-preview:-1\" \/>\n<link rel=\"canonical\" href=\"https:\/\/www.uaga.eus\/asamblea-del-colectivo-de-maiz\/\" \/>\n<meta property=\"og:locale\" content=\"en_US\" \/>\n<meta property=\"og:type\" content=\"article\" \/>\n<meta property=\"og:title\" content=\"Artoaren kolektiboaren batzarra - UAGA\" \/>\n<meta property=\"og:description\" content=\"Esta \u00faltima semana se ha celebrado la asamblea del colectivo de ma\u00edz de UAGA, con el fin de explicar el cierre de campa\u00f1a de 2025 y empezar a preparar la campa\u00f1a de 2026. Se repasaron los precios obtenidos tanto para la parte agr\u00edcola como para la parte ganadera. Los agricultores de UAGA recibieron, una vez [&hellip;]\" \/>\n<meta property=\"og:url\" content=\"https:\/\/www.uaga.eus\/asamblea-del-colectivo-de-maiz\/\" \/>\n<meta property=\"og:site_name\" content=\"UAGA\" \/>\n<meta property=\"article:published_time\" content=\"2026-02-06T13:02:31+00:00\" \/>\n<meta property=\"article:modified_time\" content=\"2026-02-06T13:06:01+00:00\" \/>\n<meta property=\"og:image\" content=\"https:\/\/www.uaga.eus\/wp-content\/uploads\/2025\/11\/ensilado-de-maiz-e1764337681202.jpg\" \/>\n\t<meta property=\"og:image:width\" content=\"650\" \/>\n\t<meta property=\"og:image:height\" content=\"366\" \/>\n\t<meta property=\"og:image:type\" content=\"image\/jpeg\" \/>\n<meta name=\"author\" content=\"Blanca S\u00e1nchez\" \/>\n<meta name=\"twitter:card\" content=\"summary_large_image\" \/>\n<meta name=\"twitter:label1\" content=\"Written by\" \/>\n\t<meta name=\"twitter:data1\" content=\"Blanca S\u00e1nchez\" \/>\n\t<meta name=\"twitter:label2\" content=\"Est. reading time\" \/>\n\t<meta name=\"twitter:data2\" content=\"1 minutua\" \/>\n<script type=\"application\/ld+json\" class=\"yoast-schema-graph\">{\"@context\":\"https:\/\/schema.org\",\"@graph\":[{\"@type\":\"WebPage\",\"@id\":\"https:\/\/www.uaga.eus\/asamblea-del-colectivo-de-maiz\/\",\"url\":\"https:\/\/www.uaga.eus\/asamblea-del-colectivo-de-maiz\/\",\"name\":\"Artoaren kolektiboaren batzarra - UAGA\",\"isPartOf\":{\"@id\":\"https:\/\/www.uaga.eus\/#website\"},\"datePublished\":\"2026-02-06T13:02:31+00:00\",\"dateModified\":\"2026-02-06T13:06:01+00:00\",\"author\":{\"@id\":\"https:\/\/www.uaga.eus\/#\/schema\/person\/48c3cbf0f33d1b788226dbb6518689cf\"},\"breadcrumb\":{\"@id\":\"https:\/\/www.uaga.eus\/asamblea-del-colectivo-de-maiz\/#breadcrumb\"},\"inLanguage\":\"eu\",\"potentialAction\":[{\"@type\":\"ReadAction\",\"target\":[\"https:\/\/www.uaga.eus\/asamblea-del-colectivo-de-maiz\/\"]}]},{\"@type\":\"BreadcrumbList\",\"@id\":\"https:\/\/www.uaga.eus\/asamblea-del-colectivo-de-maiz\/#breadcrumb\",\"itemListElement\":[{\"@type\":\"ListItem\",\"position\":1,\"name\":\"Inicio\",\"item\":\"https:\/\/www.uaga.eus\/\"},{\"@type\":\"ListItem\",\"position\":2,\"name\":\"Asamblea del colectivo de ma\u00edz\"}]},{\"@type\":\"WebSite\",\"@id\":\"https:\/\/www.uaga.eus\/#website\",\"url\":\"https:\/\/www.uaga.eus\/\",\"name\":\"UAGA\",\"description\":\"Uni\u00f3n Agroganadera de \u00c1lava - Araba Nekazarien Elkartea\",\"potentialAction\":[{\"@type\":\"SearchAction\",\"target\":{\"@type\":\"EntryPoint\",\"urlTemplate\":\"https:\/\/www.uaga.eus\/?s={search_term_string}\"},\"query-input\":\"required name=search_term_string\"}],\"inLanguage\":\"eu\"},{\"@type\":\"Person\",\"@id\":\"https:\/\/www.uaga.eus\/#\/schema\/person\/48c3cbf0f33d1b788226dbb6518689cf\",\"name\":\"Blanca S\u00e1nchez\",\"image\":{\"@type\":\"ImageObject\",\"inLanguage\":\"eu\",\"@id\":\"https:\/\/www.uaga.eus\/#\/schema\/person\/image\/\",\"url\":\"https:\/\/secure.gravatar.com\/avatar\/0dc91c20648254b1ce84877283f6751b?s=96&d=mm&r=g\",\"contentUrl\":\"https:\/\/secure.gravatar.com\/avatar\/0dc91c20648254b1ce84877283f6751b?s=96&d=mm&r=g\",\"caption\":\"Blanca S\u00e1nchez\"},\"url\":\"https:\/\/www.uaga.eus\/eu\/author\/bsanchez\/\"}]}<\/script>\n<!-- \/ Yoast SEO plugin. -->","yoast_head_json":{"title":"Artoaren kolektiboaren batzarra - UAGA","robots":{"index":"index","follow":"follow","max-snippet":"max-snippet:-1","max-image-preview":"max-image-preview:large","max-video-preview":"max-video-preview:-1"},"canonical":"https:\/\/www.uaga.eus\/asamblea-del-colectivo-de-maiz\/","og_locale":"en_US","og_type":"article","og_title":"Artoaren kolektiboaren batzarra - UAGA","og_description":"Esta \u00faltima semana se ha celebrado la asamblea del colectivo de ma\u00edz de UAGA, con el fin de explicar el cierre de campa\u00f1a de 2025 y empezar a preparar la campa\u00f1a de 2026. Se repasaron los precios obtenidos tanto para la parte agr\u00edcola como para la parte ganadera. Los agricultores de UAGA recibieron, una vez [&hellip;]","og_url":"https:\/\/www.uaga.eus\/asamblea-del-colectivo-de-maiz\/","og_site_name":"UAGA","article_published_time":"2026-02-06T13:02:31+00:00","article_modified_time":"2026-02-06T13:06:01+00:00","og_image":[{"width":650,"height":366,"url":"https:\/\/www.uaga.eus\/wp-content\/uploads\/2025\/11\/ensilado-de-maiz-e1764337681202.jpg","type":"image\/jpeg"}],"author":"Blanca S\u00e1nchez","twitter_card":"summary_large_image","twitter_misc":{"Written by":"Blanca S\u00e1nchez","Est. reading time":"1 minutua"},"schema":{"@context":"https:\/\/schema.org","@graph":[{"@type":"WebPage","@id":"https:\/\/www.uaga.eus\/asamblea-del-colectivo-de-maiz\/","url":"https:\/\/www.uaga.eus\/asamblea-del-colectivo-de-maiz\/","name":"Artoaren kolektiboaren batzarra - UAGA","isPartOf":{"@id":"https:\/\/www.uaga.eus\/#website"},"datePublished":"2026-02-06T13:02:31+00:00","dateModified":"2026-02-06T13:06:01+00:00","author":{"@id":"https:\/\/www.uaga.eus\/#\/schema\/person\/48c3cbf0f33d1b788226dbb6518689cf"},"breadcrumb":{"@id":"https:\/\/www.uaga.eus\/asamblea-del-colectivo-de-maiz\/#breadcrumb"},"inLanguage":"eu","potentialAction":[{"@type":"ReadAction","target":["https:\/\/www.uaga.eus\/asamblea-del-colectivo-de-maiz\/"]}]},{"@type":"BreadcrumbList","@id":"https:\/\/www.uaga.eus\/asamblea-del-colectivo-de-maiz\/#breadcrumb","itemListElement":[{"@type":"ListItem","position":1,"name":"Inicio","item":"https:\/\/www.uaga.eus\/"},{"@type":"ListItem","position":2,"name":"Asamblea del colectivo de ma\u00edz"}]},{"@type":"WebSite","@id":"https:\/\/www.uaga.eus\/#website","url":"https:\/\/www.uaga.eus\/","name":"UAGA","description":"Uni\u00f3n Agroganadera de \u00c1lava - Araba Nekazarien Elkartea","potentialAction":[{"@type":"SearchAction","target":{"@type":"EntryPoint","urlTemplate":"https:\/\/www.uaga.eus\/?s={search_term_string}"},"query-input":"required name=search_term_string"}],"inLanguage":"eu"},{"@type":"Person","@id":"https:\/\/www.uaga.eus\/#\/schema\/person\/48c3cbf0f33d1b788226dbb6518689cf","name":"Blanca S\u00e1nchez","image":{"@type":"ImageObject","inLanguage":"eu","@id":"https:\/\/www.uaga.eus\/#\/schema\/person\/image\/","url":"https:\/\/secure.gravatar.com\/avatar\/0dc91c20648254b1ce84877283f6751b?s=96&d=mm&r=g","contentUrl":"https:\/\/secure.gravatar.com\/avatar\/0dc91c20648254b1ce84877283f6751b?s=96&d=mm&r=g","caption":"Blanca S\u00e1nchez"},"url":"https:\/\/www.uaga.eus\/eu\/author\/bsanchez\/"}]}},"_links":{"self":[{"href":"https:\/\/www.uaga.eus\/eu\/wp-json\/wp\/v2\/posts\/14507"}],"collection":[{"href":"https:\/\/www.uaga.eus\/eu\/wp-json\/wp\/v2\/posts"}],"about":[{"href":"https:\/\/www.uaga.eus\/eu\/wp-json\/wp\/v2\/types\/post"}],"author":[{"embeddable":true,"href":"https:\/\/www.uaga.eus\/eu\/wp-json\/wp\/v2\/users\/4"}],"replies":[{"embeddable":true,"href":"https:\/\/www.uaga.eus\/eu\/wp-json\/wp\/v2\/comments?post=14507"}],"version-history":[{"count":2,"href":"https:\/\/www.uaga.eus\/eu\/wp-json\/wp\/v2\/posts\/14507\/revisions"}],"predecessor-version":[{"id":14512,"href":"https:\/\/www.uaga.eus\/eu\/wp-json\/wp\/v2\/posts\/14507\/revisions\/14512"}],"wp:featuredmedia":[{"embeddable":true,"href":"https:\/\/www.uaga.eus\/eu\/wp-json\/wp\/v2\/media\/14337"}],"wp:attachment":[{"href":"https:\/\/www.uaga.eus\/eu\/wp-json\/wp\/v2\/media?parent=14507"}],"wp:term":[{"taxonomy":"category","embeddable":true,"href":"https:\/\/www.uaga.eus\/eu\/wp-json\/wp\/v2\/categories?post=14507"},{"taxonomy":"post_tag","embeddable":true,"href":"https:\/\/www.uaga.eus\/eu\/wp-json\/wp\/v2\/tags?post=14507"}],"curies":[{"name":"wp","href":"https:\/\/api.w.org\/{rel}","templated":true}]}}