{"id":14504,"date":"2026-02-06T13:00:59","date_gmt":"2026-02-06T13:00:59","guid":{"rendered":"https:\/\/www.uaga.eus\/?p=14504"},"modified":"2026-02-06T13:00:59","modified_gmt":"2026-02-06T13:00:59","slug":"nuevas-medidas-frente-a-la-dermatosis-nodular-contagiosa","status":"publish","type":"post","link":"https:\/\/www.uaga.eus\/eu\/nuevas-medidas-frente-a-la-dermatosis-nodular-contagiosa\/","title":{"rendered":"Dermatosi nodular kutsakorraren aurkako neurri berriak"},"content":{"rendered":"<p>El 27 de enero se celebr\u00f3 en UAGA una asamblea informativa del sector vacuno para conocer de primera mano la situaci\u00f3n de la Dermatosis Nodular Contagiosa. Prueba de la preocupaci\u00f3n existente con esta enfermedad fue la gran afluencia de ganaderos y ganaderas, que superaron el medio centenar. El director de ganader\u00eda de Diputaci\u00f3n explic\u00f3 la coyuntura actual y las actuaciones de prevenci\u00f3n que se est\u00e1n llevando a cabo. Las \u00faltimas noticias son algo m\u00e1s tranquilizadoras, porque por el momento se ha conseguido contener la enfermedad tanto en Francia como en Catalu\u00f1a, no habi\u00e9ndose registrado m\u00e1s casos.<\/p>\n<p>Por su parte, el Gobierno Vasco ha procedido a actualizar la <a href=\"https:\/\/www.euskadi.eus\/web01-bopv\/es\/bopv2\/datos\/2026\/02\/2600503a.pdf\" target=\"_blank\" rel=\"noopener\" data-cke-saved-href=\"https:\/\/www.euskadi.eus\/web01-bopv\/es\/bopv2\/datos\/2026\/02\/2600503a.pdf\">Orden<\/a> que recoge las medidas cautelares frente a esta enfermedad. A partir de ahora solo se prohibe la presencia de ganado bovino en ferias y eventos, mientras que otros animales se permiten.<\/p>\n<p>Sigue siendo obligatoria la limpieza y desinfecci\u00f3n de los veh\u00edculos de transporte animal,\u00a0<strong>adem\u00e1s de la desinsectaci\u00f3n de dichos veh\u00edculos y de los animales incluidos en el movimiento<\/strong><\/p>\n<p>Los bovinos y otras especies sensibles procedentes de explotaciones fuera de Euskadi deber\u00e1n someterse a\u00a0<strong>28 d\u00edas de vigilancia veterinaria oficial<\/strong>\u00a0desde su incorporaci\u00f3n, periodo que podr\u00e1 ajustarse seg\u00fan la evaluaci\u00f3n de riesgo. Durante este tiempo, los animales deber\u00e1n mantenerse desinsectados. Adem\u00e1s, dichas explotaciones permanecer\u00e1n\u00a0<strong>inmovilizadas cautelarmente<\/strong>\u00a0durante el per\u00edodo determinado por los servicios veterinarios, afectando a todos los animales presentes en la explotaci\u00f3n en la fecha de entrada.<\/p>\n","protected":false},"excerpt":{"rendered":"<p>El 27 de enero se celebr\u00f3 en UAGA una asamblea informativa del sector vacuno para conocer de primera mano la situaci\u00f3n de la Dermatosis Nodular Contagiosa. Prueba de la preocupaci\u00f3n existente con esta enfermedad fue la gran afluencia de ganaderos y ganaderas, que superaron el medio centenar. El director de ganader\u00eda de Diputaci\u00f3n explic\u00f3 la [&hellip;]<\/p>\n","protected":false},"author":4,"featured_media":9082,"comment_status":"closed","ping_status":"closed","sticky":false,"template":"","format":"standard","meta":{"footnotes":""},"categories":[8,3],"tags":[],"yoast_head":"<!-- This site is optimized with the Yoast SEO plugin v21.5 - https:\/\/yoast.com\/wordpress\/plugins\/seo\/ -->\n<title>Dermatosi nodular kutsakorraren aurkako neurri berriak - UAGA<\/title>\n<meta name=\"robots\" content=\"index, follow, max-snippet:-1, max-image-preview:large, max-video-preview:-1\" \/>\n<link rel=\"canonical\" href=\"https:\/\/www.uaga.eus\/nuevas-medidas-frente-a-la-dermatosis-nodular-contagiosa\/\" \/>\n<meta property=\"og:locale\" content=\"en_US\" \/>\n<meta property=\"og:type\" content=\"article\" \/>\n<meta property=\"og:title\" content=\"Dermatosi nodular kutsakorraren aurkako neurri berriak - UAGA\" \/>\n<meta property=\"og:description\" content=\"El 27 de enero se celebr\u00f3 en UAGA una asamblea informativa del sector vacuno para conocer de primera mano la situaci\u00f3n de la Dermatosis Nodular Contagiosa. Prueba de la preocupaci\u00f3n existente con esta enfermedad fue la gran afluencia de ganaderos y ganaderas, que superaron el medio centenar. El director de ganader\u00eda de Diputaci\u00f3n explic\u00f3 la [&hellip;]\" \/>\n<meta property=\"og:url\" content=\"https:\/\/www.uaga.eus\/nuevas-medidas-frente-a-la-dermatosis-nodular-contagiosa\/\" \/>\n<meta property=\"og:site_name\" content=\"UAGA\" \/>\n<meta property=\"article:published_time\" content=\"2026-02-06T13:00:59+00:00\" \/>\n<meta property=\"og:image\" content=\"https:\/\/www.uaga.eus\/wp-content\/uploads\/2021\/06\/vacas.jpg\" \/>\n\t<meta property=\"og:image:width\" content=\"650\" \/>\n\t<meta property=\"og:image:height\" content=\"366\" \/>\n\t<meta property=\"og:image:type\" content=\"image\/jpeg\" \/>\n<meta name=\"author\" content=\"Blanca S\u00e1nchez\" \/>\n<meta name=\"twitter:card\" content=\"summary_large_image\" \/>\n<meta name=\"twitter:label1\" content=\"Written by\" \/>\n\t<meta name=\"twitter:data1\" content=\"Blanca S\u00e1nchez\" \/>\n\t<meta name=\"twitter:label2\" content=\"Est. reading time\" \/>\n\t<meta name=\"twitter:data2\" content=\"2 minutua\" \/>\n<script type=\"application\/ld+json\" class=\"yoast-schema-graph\">{\"@context\":\"https:\/\/schema.org\",\"@graph\":[{\"@type\":\"WebPage\",\"@id\":\"https:\/\/www.uaga.eus\/nuevas-medidas-frente-a-la-dermatosis-nodular-contagiosa\/\",\"url\":\"https:\/\/www.uaga.eus\/nuevas-medidas-frente-a-la-dermatosis-nodular-contagiosa\/\",\"name\":\"Dermatosi nodular kutsakorraren aurkako neurri berriak - UAGA\",\"isPartOf\":{\"@id\":\"https:\/\/www.uaga.eus\/#website\"},\"datePublished\":\"2026-02-06T13:00:59+00:00\",\"dateModified\":\"2026-02-06T13:00:59+00:00\",\"author\":{\"@id\":\"https:\/\/www.uaga.eus\/#\/schema\/person\/48c3cbf0f33d1b788226dbb6518689cf\"},\"breadcrumb\":{\"@id\":\"https:\/\/www.uaga.eus\/nuevas-medidas-frente-a-la-dermatosis-nodular-contagiosa\/#breadcrumb\"},\"inLanguage\":\"eu\",\"potentialAction\":[{\"@type\":\"ReadAction\",\"target\":[\"https:\/\/www.uaga.eus\/nuevas-medidas-frente-a-la-dermatosis-nodular-contagiosa\/\"]}]},{\"@type\":\"BreadcrumbList\",\"@id\":\"https:\/\/www.uaga.eus\/nuevas-medidas-frente-a-la-dermatosis-nodular-contagiosa\/#breadcrumb\",\"itemListElement\":[{\"@type\":\"ListItem\",\"position\":1,\"name\":\"Inicio\",\"item\":\"https:\/\/www.uaga.eus\/\"},{\"@type\":\"ListItem\",\"position\":2,\"name\":\"Nuevas medidas frente a la Dermatosis Nodular Contagiosa\"}]},{\"@type\":\"WebSite\",\"@id\":\"https:\/\/www.uaga.eus\/#website\",\"url\":\"https:\/\/www.uaga.eus\/\",\"name\":\"UAGA\",\"description\":\"Uni\u00f3n Agroganadera de \u00c1lava - Araba Nekazarien Elkartea\",\"potentialAction\":[{\"@type\":\"SearchAction\",\"target\":{\"@type\":\"EntryPoint\",\"urlTemplate\":\"https:\/\/www.uaga.eus\/?s={search_term_string}\"},\"query-input\":\"required name=search_term_string\"}],\"inLanguage\":\"eu\"},{\"@type\":\"Person\",\"@id\":\"https:\/\/www.uaga.eus\/#\/schema\/person\/48c3cbf0f33d1b788226dbb6518689cf\",\"name\":\"Blanca S\u00e1nchez\",\"image\":{\"@type\":\"ImageObject\",\"inLanguage\":\"eu\",\"@id\":\"https:\/\/www.uaga.eus\/#\/schema\/person\/image\/\",\"url\":\"https:\/\/secure.gravatar.com\/avatar\/0dc91c20648254b1ce84877283f6751b?s=96&d=mm&r=g\",\"contentUrl\":\"https:\/\/secure.gravatar.com\/avatar\/0dc91c20648254b1ce84877283f6751b?s=96&d=mm&r=g\",\"caption\":\"Blanca S\u00e1nchez\"},\"url\":\"https:\/\/www.uaga.eus\/eu\/author\/bsanchez\/\"}]}<\/script>\n<!-- \/ Yoast SEO plugin. -->","yoast_head_json":{"title":"Dermatosi nodular kutsakorraren aurkako neurri berriak - UAGA","robots":{"index":"index","follow":"follow","max-snippet":"max-snippet:-1","max-image-preview":"max-image-preview:large","max-video-preview":"max-video-preview:-1"},"canonical":"https:\/\/www.uaga.eus\/nuevas-medidas-frente-a-la-dermatosis-nodular-contagiosa\/","og_locale":"en_US","og_type":"article","og_title":"Dermatosi nodular kutsakorraren aurkako neurri berriak - UAGA","og_description":"El 27 de enero se celebr\u00f3 en UAGA una asamblea informativa del sector vacuno para conocer de primera mano la situaci\u00f3n de la Dermatosis Nodular Contagiosa. Prueba de la preocupaci\u00f3n existente con esta enfermedad fue la gran afluencia de ganaderos y ganaderas, que superaron el medio centenar. El director de ganader\u00eda de Diputaci\u00f3n explic\u00f3 la [&hellip;]","og_url":"https:\/\/www.uaga.eus\/nuevas-medidas-frente-a-la-dermatosis-nodular-contagiosa\/","og_site_name":"UAGA","article_published_time":"2026-02-06T13:00:59+00:00","og_image":[{"width":650,"height":366,"url":"https:\/\/www.uaga.eus\/wp-content\/uploads\/2021\/06\/vacas.jpg","type":"image\/jpeg"}],"author":"Blanca S\u00e1nchez","twitter_card":"summary_large_image","twitter_misc":{"Written by":"Blanca S\u00e1nchez","Est. reading time":"2 minutua"},"schema":{"@context":"https:\/\/schema.org","@graph":[{"@type":"WebPage","@id":"https:\/\/www.uaga.eus\/nuevas-medidas-frente-a-la-dermatosis-nodular-contagiosa\/","url":"https:\/\/www.uaga.eus\/nuevas-medidas-frente-a-la-dermatosis-nodular-contagiosa\/","name":"Dermatosi nodular kutsakorraren aurkako neurri berriak - UAGA","isPartOf":{"@id":"https:\/\/www.uaga.eus\/#website"},"datePublished":"2026-02-06T13:00:59+00:00","dateModified":"2026-02-06T13:00:59+00:00","author":{"@id":"https:\/\/www.uaga.eus\/#\/schema\/person\/48c3cbf0f33d1b788226dbb6518689cf"},"breadcrumb":{"@id":"https:\/\/www.uaga.eus\/nuevas-medidas-frente-a-la-dermatosis-nodular-contagiosa\/#breadcrumb"},"inLanguage":"eu","potentialAction":[{"@type":"ReadAction","target":["https:\/\/www.uaga.eus\/nuevas-medidas-frente-a-la-dermatosis-nodular-contagiosa\/"]}]},{"@type":"BreadcrumbList","@id":"https:\/\/www.uaga.eus\/nuevas-medidas-frente-a-la-dermatosis-nodular-contagiosa\/#breadcrumb","itemListElement":[{"@type":"ListItem","position":1,"name":"Inicio","item":"https:\/\/www.uaga.eus\/"},{"@type":"ListItem","position":2,"name":"Nuevas medidas frente a la Dermatosis Nodular Contagiosa"}]},{"@type":"WebSite","@id":"https:\/\/www.uaga.eus\/#website","url":"https:\/\/www.uaga.eus\/","name":"UAGA","description":"Uni\u00f3n Agroganadera de \u00c1lava - Araba Nekazarien Elkartea","potentialAction":[{"@type":"SearchAction","target":{"@type":"EntryPoint","urlTemplate":"https:\/\/www.uaga.eus\/?s={search_term_string}"},"query-input":"required name=search_term_string"}],"inLanguage":"eu"},{"@type":"Person","@id":"https:\/\/www.uaga.eus\/#\/schema\/person\/48c3cbf0f33d1b788226dbb6518689cf","name":"Blanca S\u00e1nchez","image":{"@type":"ImageObject","inLanguage":"eu","@id":"https:\/\/www.uaga.eus\/#\/schema\/person\/image\/","url":"https:\/\/secure.gravatar.com\/avatar\/0dc91c20648254b1ce84877283f6751b?s=96&d=mm&r=g","contentUrl":"https:\/\/secure.gravatar.com\/avatar\/0dc91c20648254b1ce84877283f6751b?s=96&d=mm&r=g","caption":"Blanca S\u00e1nchez"},"url":"https:\/\/www.uaga.eus\/eu\/author\/bsanchez\/"}]}},"_links":{"self":[{"href":"https:\/\/www.uaga.eus\/eu\/wp-json\/wp\/v2\/posts\/14504"}],"collection":[{"href":"https:\/\/www.uaga.eus\/eu\/wp-json\/wp\/v2\/posts"}],"about":[{"href":"https:\/\/www.uaga.eus\/eu\/wp-json\/wp\/v2\/types\/post"}],"author":[{"embeddable":true,"href":"https:\/\/www.uaga.eus\/eu\/wp-json\/wp\/v2\/users\/4"}],"replies":[{"embeddable":true,"href":"https:\/\/www.uaga.eus\/eu\/wp-json\/wp\/v2\/comments?post=14504"}],"version-history":[{"count":1,"href":"https:\/\/www.uaga.eus\/eu\/wp-json\/wp\/v2\/posts\/14504\/revisions"}],"predecessor-version":[{"id":14505,"href":"https:\/\/www.uaga.eus\/eu\/wp-json\/wp\/v2\/posts\/14504\/revisions\/14505"}],"wp:featuredmedia":[{"embeddable":true,"href":"https:\/\/www.uaga.eus\/eu\/wp-json\/wp\/v2\/media\/9082"}],"wp:attachment":[{"href":"https:\/\/www.uaga.eus\/eu\/wp-json\/wp\/v2\/media?parent=14504"}],"wp:term":[{"taxonomy":"category","embeddable":true,"href":"https:\/\/www.uaga.eus\/eu\/wp-json\/wp\/v2\/categories?post=14504"},{"taxonomy":"post_tag","embeddable":true,"href":"https:\/\/www.uaga.eus\/eu\/wp-json\/wp\/v2\/tags?post=14504"}],"curies":[{"name":"wp","href":"https:\/\/api.w.org\/{rel}","templated":true}]}}