{"id":14502,"date":"2026-02-06T12:56:23","date_gmt":"2026-02-06T12:56:23","guid":{"rendered":"https:\/\/www.uaga.eus\/?p=14502"},"modified":"2026-02-06T12:56:23","modified_gmt":"2026-02-06T12:56:23","slug":"comienza-el-plazo-de-solicitud-de-la-pac","status":"publish","type":"post","link":"https:\/\/www.uaga.eus\/eu\/comienza-el-plazo-de-solicitud-de-la-pac\/","title":{"rendered":"NPB eskatzeko epea hasi da"},"content":{"rendered":"<p>El plazo para solicitar las ayudas de la Pol\u00edtica Agraria Com\u00fan (PAC) para 2026 comenz\u00f3 el pasado1 de febrero, y estar\u00e1 abierto hasta el 30 de abril. Unos 585.000 agricultores y ganaderos en el conjunto del Estado pueden presentar la solicitud \u00fanica -ayudas directas, y por superficie y animales de las intervenciones de los programas de desarrollo rural de las comunidades aut\u00f3nomas- que este a\u00f1o contar\u00e1 con 4.897 millones de euros, 8 millones de euros m\u00e1s que en la campa\u00f1a anterior.<\/p>\n<p>Este es el cuarto a\u00f1o en el que se aplica la normativa de la PAC actual, pero ya se est\u00e1 trabajando en una nueva propuesta de reforma y negociando el nuevo presupuesto para 2028-2034. La propuesta realizada por Bruselas revoluciona la estructura de la PAC -tras m\u00e1s de seis d\u00e9cadas- y preocupa al sector por los recortes planteados, que podr\u00edan llegar a cerca de un 20%.<\/p>\n","protected":false},"excerpt":{"rendered":"<p>El plazo para solicitar las ayudas de la Pol\u00edtica Agraria Com\u00fan (PAC) para 2026 comenz\u00f3 el pasado1 de febrero, y estar\u00e1 abierto hasta el 30 de abril. Unos 585.000 agricultores y ganaderos en el conjunto del Estado pueden presentar la solicitud \u00fanica -ayudas directas, y por superficie y animales de las intervenciones de los programas [&hellip;]<\/p>\n","protected":false},"author":4,"featured_media":13296,"comment_status":"closed","ping_status":"closed","sticky":false,"template":"","format":"standard","meta":{"footnotes":""},"categories":[4],"tags":[],"yoast_head":"<!-- This site is optimized with the Yoast SEO plugin v21.5 - https:\/\/yoast.com\/wordpress\/plugins\/seo\/ -->\n<title>NPB eskatzeko epea hasi da - UAGA<\/title>\n<meta name=\"robots\" content=\"index, follow, max-snippet:-1, max-image-preview:large, max-video-preview:-1\" \/>\n<link rel=\"canonical\" href=\"https:\/\/www.uaga.eus\/comienza-el-plazo-de-solicitud-de-la-pac\/\" \/>\n<meta property=\"og:locale\" content=\"en_US\" \/>\n<meta property=\"og:type\" content=\"article\" \/>\n<meta property=\"og:title\" content=\"NPB eskatzeko epea hasi da - UAGA\" \/>\n<meta property=\"og:description\" content=\"El plazo para solicitar las ayudas de la Pol\u00edtica Agraria Com\u00fan (PAC) para 2026 comenz\u00f3 el pasado1 de febrero, y estar\u00e1 abierto hasta el 30 de abril. Unos 585.000 agricultores y ganaderos en el conjunto del Estado pueden presentar la solicitud \u00fanica -ayudas directas, y por superficie y animales de las intervenciones de los programas [&hellip;]\" \/>\n<meta property=\"og:url\" content=\"https:\/\/www.uaga.eus\/comienza-el-plazo-de-solicitud-de-la-pac\/\" \/>\n<meta property=\"og:site_name\" content=\"UAGA\" \/>\n<meta property=\"article:published_time\" content=\"2026-02-06T12:56:23+00:00\" \/>\n<meta property=\"og:image\" content=\"https:\/\/www.uaga.eus\/wp-content\/uploads\/2024\/11\/paisaje-rural-camino.jpg\" \/>\n\t<meta property=\"og:image:width\" content=\"650\" \/>\n\t<meta property=\"og:image:height\" content=\"332\" \/>\n\t<meta property=\"og:image:type\" content=\"image\/jpeg\" \/>\n<meta name=\"author\" content=\"Blanca S\u00e1nchez\" \/>\n<meta name=\"twitter:card\" content=\"summary_large_image\" \/>\n<meta name=\"twitter:label1\" content=\"Written by\" \/>\n\t<meta name=\"twitter:data1\" content=\"Blanca S\u00e1nchez\" \/>\n\t<meta name=\"twitter:label2\" content=\"Est. reading time\" \/>\n\t<meta name=\"twitter:data2\" content=\"1 minutua\" \/>\n<script type=\"application\/ld+json\" class=\"yoast-schema-graph\">{\"@context\":\"https:\/\/schema.org\",\"@graph\":[{\"@type\":\"WebPage\",\"@id\":\"https:\/\/www.uaga.eus\/comienza-el-plazo-de-solicitud-de-la-pac\/\",\"url\":\"https:\/\/www.uaga.eus\/comienza-el-plazo-de-solicitud-de-la-pac\/\",\"name\":\"NPB eskatzeko epea hasi da - UAGA\",\"isPartOf\":{\"@id\":\"https:\/\/www.uaga.eus\/#website\"},\"datePublished\":\"2026-02-06T12:56:23+00:00\",\"dateModified\":\"2026-02-06T12:56:23+00:00\",\"author\":{\"@id\":\"https:\/\/www.uaga.eus\/#\/schema\/person\/48c3cbf0f33d1b788226dbb6518689cf\"},\"breadcrumb\":{\"@id\":\"https:\/\/www.uaga.eus\/comienza-el-plazo-de-solicitud-de-la-pac\/#breadcrumb\"},\"inLanguage\":\"eu\",\"potentialAction\":[{\"@type\":\"ReadAction\",\"target\":[\"https:\/\/www.uaga.eus\/comienza-el-plazo-de-solicitud-de-la-pac\/\"]}]},{\"@type\":\"BreadcrumbList\",\"@id\":\"https:\/\/www.uaga.eus\/comienza-el-plazo-de-solicitud-de-la-pac\/#breadcrumb\",\"itemListElement\":[{\"@type\":\"ListItem\",\"position\":1,\"name\":\"Inicio\",\"item\":\"https:\/\/www.uaga.eus\/\"},{\"@type\":\"ListItem\",\"position\":2,\"name\":\"Comienza el plazo de solicitud de la PAC\"}]},{\"@type\":\"WebSite\",\"@id\":\"https:\/\/www.uaga.eus\/#website\",\"url\":\"https:\/\/www.uaga.eus\/\",\"name\":\"UAGA\",\"description\":\"Uni\u00f3n Agroganadera de \u00c1lava - Araba Nekazarien Elkartea\",\"potentialAction\":[{\"@type\":\"SearchAction\",\"target\":{\"@type\":\"EntryPoint\",\"urlTemplate\":\"https:\/\/www.uaga.eus\/?s={search_term_string}\"},\"query-input\":\"required name=search_term_string\"}],\"inLanguage\":\"eu\"},{\"@type\":\"Person\",\"@id\":\"https:\/\/www.uaga.eus\/#\/schema\/person\/48c3cbf0f33d1b788226dbb6518689cf\",\"name\":\"Blanca S\u00e1nchez\",\"image\":{\"@type\":\"ImageObject\",\"inLanguage\":\"eu\",\"@id\":\"https:\/\/www.uaga.eus\/#\/schema\/person\/image\/\",\"url\":\"https:\/\/secure.gravatar.com\/avatar\/0dc91c20648254b1ce84877283f6751b?s=96&d=mm&r=g\",\"contentUrl\":\"https:\/\/secure.gravatar.com\/avatar\/0dc91c20648254b1ce84877283f6751b?s=96&d=mm&r=g\",\"caption\":\"Blanca S\u00e1nchez\"},\"url\":\"https:\/\/www.uaga.eus\/eu\/author\/bsanchez\/\"}]}<\/script>\n<!-- \/ Yoast SEO plugin. -->","yoast_head_json":{"title":"NPB eskatzeko epea hasi da - UAGA","robots":{"index":"index","follow":"follow","max-snippet":"max-snippet:-1","max-image-preview":"max-image-preview:large","max-video-preview":"max-video-preview:-1"},"canonical":"https:\/\/www.uaga.eus\/comienza-el-plazo-de-solicitud-de-la-pac\/","og_locale":"en_US","og_type":"article","og_title":"NPB eskatzeko epea hasi da - UAGA","og_description":"El plazo para solicitar las ayudas de la Pol\u00edtica Agraria Com\u00fan (PAC) para 2026 comenz\u00f3 el pasado1 de febrero, y estar\u00e1 abierto hasta el 30 de abril. Unos 585.000 agricultores y ganaderos en el conjunto del Estado pueden presentar la solicitud \u00fanica -ayudas directas, y por superficie y animales de las intervenciones de los programas [&hellip;]","og_url":"https:\/\/www.uaga.eus\/comienza-el-plazo-de-solicitud-de-la-pac\/","og_site_name":"UAGA","article_published_time":"2026-02-06T12:56:23+00:00","og_image":[{"width":650,"height":332,"url":"https:\/\/www.uaga.eus\/wp-content\/uploads\/2024\/11\/paisaje-rural-camino.jpg","type":"image\/jpeg"}],"author":"Blanca S\u00e1nchez","twitter_card":"summary_large_image","twitter_misc":{"Written by":"Blanca S\u00e1nchez","Est. reading time":"1 minutua"},"schema":{"@context":"https:\/\/schema.org","@graph":[{"@type":"WebPage","@id":"https:\/\/www.uaga.eus\/comienza-el-plazo-de-solicitud-de-la-pac\/","url":"https:\/\/www.uaga.eus\/comienza-el-plazo-de-solicitud-de-la-pac\/","name":"NPB eskatzeko epea hasi da - UAGA","isPartOf":{"@id":"https:\/\/www.uaga.eus\/#website"},"datePublished":"2026-02-06T12:56:23+00:00","dateModified":"2026-02-06T12:56:23+00:00","author":{"@id":"https:\/\/www.uaga.eus\/#\/schema\/person\/48c3cbf0f33d1b788226dbb6518689cf"},"breadcrumb":{"@id":"https:\/\/www.uaga.eus\/comienza-el-plazo-de-solicitud-de-la-pac\/#breadcrumb"},"inLanguage":"eu","potentialAction":[{"@type":"ReadAction","target":["https:\/\/www.uaga.eus\/comienza-el-plazo-de-solicitud-de-la-pac\/"]}]},{"@type":"BreadcrumbList","@id":"https:\/\/www.uaga.eus\/comienza-el-plazo-de-solicitud-de-la-pac\/#breadcrumb","itemListElement":[{"@type":"ListItem","position":1,"name":"Inicio","item":"https:\/\/www.uaga.eus\/"},{"@type":"ListItem","position":2,"name":"Comienza el plazo de solicitud de la PAC"}]},{"@type":"WebSite","@id":"https:\/\/www.uaga.eus\/#website","url":"https:\/\/www.uaga.eus\/","name":"UAGA","description":"Uni\u00f3n Agroganadera de \u00c1lava - Araba Nekazarien Elkartea","potentialAction":[{"@type":"SearchAction","target":{"@type":"EntryPoint","urlTemplate":"https:\/\/www.uaga.eus\/?s={search_term_string}"},"query-input":"required name=search_term_string"}],"inLanguage":"eu"},{"@type":"Person","@id":"https:\/\/www.uaga.eus\/#\/schema\/person\/48c3cbf0f33d1b788226dbb6518689cf","name":"Blanca S\u00e1nchez","image":{"@type":"ImageObject","inLanguage":"eu","@id":"https:\/\/www.uaga.eus\/#\/schema\/person\/image\/","url":"https:\/\/secure.gravatar.com\/avatar\/0dc91c20648254b1ce84877283f6751b?s=96&d=mm&r=g","contentUrl":"https:\/\/secure.gravatar.com\/avatar\/0dc91c20648254b1ce84877283f6751b?s=96&d=mm&r=g","caption":"Blanca S\u00e1nchez"},"url":"https:\/\/www.uaga.eus\/eu\/author\/bsanchez\/"}]}},"_links":{"self":[{"href":"https:\/\/www.uaga.eus\/eu\/wp-json\/wp\/v2\/posts\/14502"}],"collection":[{"href":"https:\/\/www.uaga.eus\/eu\/wp-json\/wp\/v2\/posts"}],"about":[{"href":"https:\/\/www.uaga.eus\/eu\/wp-json\/wp\/v2\/types\/post"}],"author":[{"embeddable":true,"href":"https:\/\/www.uaga.eus\/eu\/wp-json\/wp\/v2\/users\/4"}],"replies":[{"embeddable":true,"href":"https:\/\/www.uaga.eus\/eu\/wp-json\/wp\/v2\/comments?post=14502"}],"version-history":[{"count":1,"href":"https:\/\/www.uaga.eus\/eu\/wp-json\/wp\/v2\/posts\/14502\/revisions"}],"predecessor-version":[{"id":14503,"href":"https:\/\/www.uaga.eus\/eu\/wp-json\/wp\/v2\/posts\/14502\/revisions\/14503"}],"wp:featuredmedia":[{"embeddable":true,"href":"https:\/\/www.uaga.eus\/eu\/wp-json\/wp\/v2\/media\/13296"}],"wp:attachment":[{"href":"https:\/\/www.uaga.eus\/eu\/wp-json\/wp\/v2\/media?parent=14502"}],"wp:term":[{"taxonomy":"category","embeddable":true,"href":"https:\/\/www.uaga.eus\/eu\/wp-json\/wp\/v2\/categories?post=14502"},{"taxonomy":"post_tag","embeddable":true,"href":"https:\/\/www.uaga.eus\/eu\/wp-json\/wp\/v2\/tags?post=14502"}],"curies":[{"name":"wp","href":"https:\/\/api.w.org\/{rel}","templated":true}]}}