{"id":14425,"date":"2026-01-16T12:30:03","date_gmt":"2026-01-16T12:30:03","guid":{"rendered":"https:\/\/www.uaga.eus\/?p=14425"},"modified":"2026-01-16T12:30:43","modified_gmt":"2026-01-16T12:30:43","slug":"uaga-decepcionada-con-la-actuacion-de-las-administraciones-en-el-ultimo-ano","status":"publish","type":"post","link":"https:\/\/www.uaga.eus\/eu\/uaga-decepcionada-con-la-actuacion-de-las-administraciones-en-el-ultimo-ano\/","title":{"rendered":"UAGA, desengainatuta administrazioek azken urtean izandako jarduerarekin"},"content":{"rendered":"<p>Abenduaren 30ean, UAGAk prentsaurrekoa deitu zuen 2025eko balantzea egiteko eta, gauzak aldatu ezean, 2026. urtea mobilizazio prozesu berri batekin hasiko zela ohartarazteko.<\/p>\n<p>Prentsaurrekoan NPBn aurreikusten diren murrizketei buruz, merkataritza libreko akordioen mehatxuari buruz eta abeltzaintza sektoreari eragiten dizkioten gaixotasun eta arazoek eragindako egoerari buruz informazioa eman zen. Administrazioek sektorerako ezinbestekoak diren tresnak (kalte-ordainen dekretua, berrikuntzarako laguntzak, Nekazaritza Politikaren Legea, Mendiei buruzko Foru Araua, Sasoikako Langileentzako Arreta Plan Integrala&#8230;) martxan jartzeko duten geldotasunaz ohartarazi zen, administratuok epeekin eta burokraziarekin itotzen gaituzten bitartean.<br \/>\nUAGAk lehen sektorea lagundu eta babesteko politika eskatu zuen, baina batez ere prezio justuak gure produktuentzat. Administrazioei eskatu zien lehen sektorea kontuan hartzeko, hitz egiteko, entzuteko eta kate maila guztiei mesede egingo dieten akordioak lortzeko pausuak ematea. Bestela, UAGAk ez du baztertzen mobilizazio prozesu bat hastea. &#8220;Ez da ohartarazpen hutsa, elikagaien ekoizpena, landa-ingurunearen mantentzea eta elikadura-subiranotasuna bermatzen dugunoi entzungor egiten jarraitzearen ondorio logikoa baizik&#8221;, adierazi zuen.<\/p>\n<p><a href=\"https:\/\/mcusercontent.com\/498b950ccfc4b8d0e600d7e48\/files\/79bee27b-faa3-f6c6-bae9-86133ff93687\/251230_Nota_prensa_valoracion_2025_comunicado.1_1_.pdf\" target=\"_blank\" rel=\"noopener\" data-cke-saved-href=\"https:\/\/mcusercontent.com\/498b950ccfc4b8d0e600d7e48\/files\/79bee27b-faa3-f6c6-bae9-86133ff93687\/251230_Nota_prensa_valoracion_2025_comunicado.1_1_.pdf\">Hemen<\/a>\u00a0kontsulta dezakezu komunikatu osoa.<\/p>","protected":false},"excerpt":{"rendered":"<p>Abenduaren 30ean, UAGAk prentsaurrekoa deitu zuen 2025eko balantzea egiteko eta, gauzak aldatu ezean, 2026. urtea mobilizazio prozesu berri batekin hasiko zela ohartarazteko. Prentsaurrekoan NPBn aurreikusten diren murrizketei buruz, merkataritza libreko akordioen mehatxuari buruz eta abeltzaintza sektoreari eragiten dizkioten gaixotasun eta arazoek eragindako egoerari buruz informazioa eman zen. Administrazioek sektorerako ezinbestekoak diren tresnak (kalte-ordainen dekretua, berrikuntzarako [&hellip;]<\/p>\n","protected":false},"author":4,"featured_media":14426,"comment_status":"closed","ping_status":"closed","sticky":false,"template":"","format":"standard","meta":{"footnotes":""},"categories":[3],"tags":[],"yoast_head":"<!-- This site is optimized with the Yoast SEO plugin v21.5 - https:\/\/yoast.com\/wordpress\/plugins\/seo\/ -->\n<title>UAGA, desengainatuta administrazioek azken urtean izandako jarduerarekin - UAGA<\/title>\n<meta name=\"robots\" content=\"index, follow, max-snippet:-1, max-image-preview:large, max-video-preview:-1\" \/>\n<link rel=\"canonical\" href=\"https:\/\/www.uaga.eus\/uaga-decepcionada-con-la-actuacion-de-las-administraciones-en-el-ultimo-ano\/\" \/>\n<meta property=\"og:locale\" content=\"en_US\" \/>\n<meta property=\"og:type\" content=\"article\" \/>\n<meta property=\"og:title\" content=\"UAGA, desengainatuta administrazioek azken urtean izandako jarduerarekin - UAGA\" \/>\n<meta property=\"og:description\" content=\"Abenduaren 30ean, UAGAk prentsaurrekoa deitu zuen 2025eko balantzea egiteko eta, gauzak aldatu ezean, 2026. urtea mobilizazio prozesu berri batekin hasiko zela ohartarazteko. Prentsaurrekoan NPBn aurreikusten diren murrizketei buruz, merkataritza libreko akordioen mehatxuari buruz eta abeltzaintza sektoreari eragiten dizkioten gaixotasun eta arazoek eragindako egoerari buruz informazioa eman zen. Administrazioek sektorerako ezinbestekoak diren tresnak (kalte-ordainen dekretua, berrikuntzarako [&hellip;]\" \/>\n<meta property=\"og:url\" content=\"https:\/\/www.uaga.eus\/uaga-decepcionada-con-la-actuacion-de-las-administraciones-en-el-ultimo-ano\/\" \/>\n<meta property=\"og:site_name\" content=\"UAGA\" \/>\n<meta property=\"article:published_time\" content=\"2026-01-16T12:30:03+00:00\" \/>\n<meta property=\"article:modified_time\" content=\"2026-01-16T12:30:43+00:00\" \/>\n<meta property=\"og:image\" content=\"https:\/\/www.uaga.eus\/wp-content\/uploads\/2026\/01\/251230-rueda-de-prensa-UAGA.jpeg\" \/>\n\t<meta property=\"og:image:width\" content=\"650\" \/>\n\t<meta property=\"og:image:height\" content=\"365\" \/>\n\t<meta property=\"og:image:type\" content=\"image\/jpeg\" \/>\n<meta name=\"author\" content=\"Blanca S\u00e1nchez\" \/>\n<meta name=\"twitter:card\" content=\"summary_large_image\" \/>\n<meta name=\"twitter:label1\" content=\"Written by\" \/>\n\t<meta name=\"twitter:data1\" content=\"Blanca S\u00e1nchez\" \/>\n\t<meta name=\"twitter:label2\" content=\"Est. reading time\" \/>\n\t<meta name=\"twitter:data2\" content=\"2 minutua\" \/>\n<script type=\"application\/ld+json\" class=\"yoast-schema-graph\">{\"@context\":\"https:\/\/schema.org\",\"@graph\":[{\"@type\":\"WebPage\",\"@id\":\"https:\/\/www.uaga.eus\/uaga-decepcionada-con-la-actuacion-de-las-administraciones-en-el-ultimo-ano\/\",\"url\":\"https:\/\/www.uaga.eus\/uaga-decepcionada-con-la-actuacion-de-las-administraciones-en-el-ultimo-ano\/\",\"name\":\"UAGA, desengainatuta administrazioek azken urtean izandako jarduerarekin - UAGA\",\"isPartOf\":{\"@id\":\"https:\/\/www.uaga.eus\/#website\"},\"datePublished\":\"2026-01-16T12:30:03+00:00\",\"dateModified\":\"2026-01-16T12:30:43+00:00\",\"author\":{\"@id\":\"https:\/\/www.uaga.eus\/#\/schema\/person\/48c3cbf0f33d1b788226dbb6518689cf\"},\"breadcrumb\":{\"@id\":\"https:\/\/www.uaga.eus\/uaga-decepcionada-con-la-actuacion-de-las-administraciones-en-el-ultimo-ano\/#breadcrumb\"},\"inLanguage\":\"eu\",\"potentialAction\":[{\"@type\":\"ReadAction\",\"target\":[\"https:\/\/www.uaga.eus\/uaga-decepcionada-con-la-actuacion-de-las-administraciones-en-el-ultimo-ano\/\"]}]},{\"@type\":\"BreadcrumbList\",\"@id\":\"https:\/\/www.uaga.eus\/uaga-decepcionada-con-la-actuacion-de-las-administraciones-en-el-ultimo-ano\/#breadcrumb\",\"itemListElement\":[{\"@type\":\"ListItem\",\"position\":1,\"name\":\"Inicio\",\"item\":\"https:\/\/www.uaga.eus\/\"},{\"@type\":\"ListItem\",\"position\":2,\"name\":\"UAGA, decepcionada con la actuaci\u00f3n de las administraciones en el \u00faltimo a\u00f1o\u00a0 \u00a0\u00a0\"}]},{\"@type\":\"WebSite\",\"@id\":\"https:\/\/www.uaga.eus\/#website\",\"url\":\"https:\/\/www.uaga.eus\/\",\"name\":\"UAGA\",\"description\":\"Uni\u00f3n Agroganadera de \u00c1lava - Araba Nekazarien Elkartea\",\"potentialAction\":[{\"@type\":\"SearchAction\",\"target\":{\"@type\":\"EntryPoint\",\"urlTemplate\":\"https:\/\/www.uaga.eus\/?s={search_term_string}\"},\"query-input\":\"required name=search_term_string\"}],\"inLanguage\":\"eu\"},{\"@type\":\"Person\",\"@id\":\"https:\/\/www.uaga.eus\/#\/schema\/person\/48c3cbf0f33d1b788226dbb6518689cf\",\"name\":\"Blanca S\u00e1nchez\",\"image\":{\"@type\":\"ImageObject\",\"inLanguage\":\"eu\",\"@id\":\"https:\/\/www.uaga.eus\/#\/schema\/person\/image\/\",\"url\":\"https:\/\/secure.gravatar.com\/avatar\/0dc91c20648254b1ce84877283f6751b?s=96&d=mm&r=g\",\"contentUrl\":\"https:\/\/secure.gravatar.com\/avatar\/0dc91c20648254b1ce84877283f6751b?s=96&d=mm&r=g\",\"caption\":\"Blanca S\u00e1nchez\"},\"url\":\"https:\/\/www.uaga.eus\/eu\/author\/bsanchez\/\"}]}<\/script>\n<!-- \/ Yoast SEO plugin. -->","yoast_head_json":{"title":"UAGA, desengainatuta administrazioek azken urtean izandako jarduerarekin - UAGA","robots":{"index":"index","follow":"follow","max-snippet":"max-snippet:-1","max-image-preview":"max-image-preview:large","max-video-preview":"max-video-preview:-1"},"canonical":"https:\/\/www.uaga.eus\/uaga-decepcionada-con-la-actuacion-de-las-administraciones-en-el-ultimo-ano\/","og_locale":"en_US","og_type":"article","og_title":"UAGA, desengainatuta administrazioek azken urtean izandako jarduerarekin - UAGA","og_description":"Abenduaren 30ean, UAGAk prentsaurrekoa deitu zuen 2025eko balantzea egiteko eta, gauzak aldatu ezean, 2026. urtea mobilizazio prozesu berri batekin hasiko zela ohartarazteko. Prentsaurrekoan NPBn aurreikusten diren murrizketei buruz, merkataritza libreko akordioen mehatxuari buruz eta abeltzaintza sektoreari eragiten dizkioten gaixotasun eta arazoek eragindako egoerari buruz informazioa eman zen. Administrazioek sektorerako ezinbestekoak diren tresnak (kalte-ordainen dekretua, berrikuntzarako [&hellip;]","og_url":"https:\/\/www.uaga.eus\/uaga-decepcionada-con-la-actuacion-de-las-administraciones-en-el-ultimo-ano\/","og_site_name":"UAGA","article_published_time":"2026-01-16T12:30:03+00:00","article_modified_time":"2026-01-16T12:30:43+00:00","og_image":[{"width":650,"height":365,"url":"https:\/\/www.uaga.eus\/wp-content\/uploads\/2026\/01\/251230-rueda-de-prensa-UAGA.jpeg","type":"image\/jpeg"}],"author":"Blanca S\u00e1nchez","twitter_card":"summary_large_image","twitter_misc":{"Written by":"Blanca S\u00e1nchez","Est. reading time":"2 minutua"},"schema":{"@context":"https:\/\/schema.org","@graph":[{"@type":"WebPage","@id":"https:\/\/www.uaga.eus\/uaga-decepcionada-con-la-actuacion-de-las-administraciones-en-el-ultimo-ano\/","url":"https:\/\/www.uaga.eus\/uaga-decepcionada-con-la-actuacion-de-las-administraciones-en-el-ultimo-ano\/","name":"UAGA, desengainatuta administrazioek azken urtean izandako jarduerarekin - UAGA","isPartOf":{"@id":"https:\/\/www.uaga.eus\/#website"},"datePublished":"2026-01-16T12:30:03+00:00","dateModified":"2026-01-16T12:30:43+00:00","author":{"@id":"https:\/\/www.uaga.eus\/#\/schema\/person\/48c3cbf0f33d1b788226dbb6518689cf"},"breadcrumb":{"@id":"https:\/\/www.uaga.eus\/uaga-decepcionada-con-la-actuacion-de-las-administraciones-en-el-ultimo-ano\/#breadcrumb"},"inLanguage":"eu","potentialAction":[{"@type":"ReadAction","target":["https:\/\/www.uaga.eus\/uaga-decepcionada-con-la-actuacion-de-las-administraciones-en-el-ultimo-ano\/"]}]},{"@type":"BreadcrumbList","@id":"https:\/\/www.uaga.eus\/uaga-decepcionada-con-la-actuacion-de-las-administraciones-en-el-ultimo-ano\/#breadcrumb","itemListElement":[{"@type":"ListItem","position":1,"name":"Inicio","item":"https:\/\/www.uaga.eus\/"},{"@type":"ListItem","position":2,"name":"UAGA, decepcionada con la actuaci\u00f3n de las administraciones en el \u00faltimo a\u00f1o\u00a0 \u00a0\u00a0"}]},{"@type":"WebSite","@id":"https:\/\/www.uaga.eus\/#website","url":"https:\/\/www.uaga.eus\/","name":"UAGA","description":"Uni\u00f3n Agroganadera de \u00c1lava - Araba Nekazarien Elkartea","potentialAction":[{"@type":"SearchAction","target":{"@type":"EntryPoint","urlTemplate":"https:\/\/www.uaga.eus\/?s={search_term_string}"},"query-input":"required name=search_term_string"}],"inLanguage":"eu"},{"@type":"Person","@id":"https:\/\/www.uaga.eus\/#\/schema\/person\/48c3cbf0f33d1b788226dbb6518689cf","name":"Blanca S\u00e1nchez","image":{"@type":"ImageObject","inLanguage":"eu","@id":"https:\/\/www.uaga.eus\/#\/schema\/person\/image\/","url":"https:\/\/secure.gravatar.com\/avatar\/0dc91c20648254b1ce84877283f6751b?s=96&d=mm&r=g","contentUrl":"https:\/\/secure.gravatar.com\/avatar\/0dc91c20648254b1ce84877283f6751b?s=96&d=mm&r=g","caption":"Blanca S\u00e1nchez"},"url":"https:\/\/www.uaga.eus\/eu\/author\/bsanchez\/"}]}},"_links":{"self":[{"href":"https:\/\/www.uaga.eus\/eu\/wp-json\/wp\/v2\/posts\/14425"}],"collection":[{"href":"https:\/\/www.uaga.eus\/eu\/wp-json\/wp\/v2\/posts"}],"about":[{"href":"https:\/\/www.uaga.eus\/eu\/wp-json\/wp\/v2\/types\/post"}],"author":[{"embeddable":true,"href":"https:\/\/www.uaga.eus\/eu\/wp-json\/wp\/v2\/users\/4"}],"replies":[{"embeddable":true,"href":"https:\/\/www.uaga.eus\/eu\/wp-json\/wp\/v2\/comments?post=14425"}],"version-history":[{"count":1,"href":"https:\/\/www.uaga.eus\/eu\/wp-json\/wp\/v2\/posts\/14425\/revisions"}],"predecessor-version":[{"id":14428,"href":"https:\/\/www.uaga.eus\/eu\/wp-json\/wp\/v2\/posts\/14425\/revisions\/14428"}],"wp:featuredmedia":[{"embeddable":true,"href":"https:\/\/www.uaga.eus\/eu\/wp-json\/wp\/v2\/media\/14426"}],"wp:attachment":[{"href":"https:\/\/www.uaga.eus\/eu\/wp-json\/wp\/v2\/media?parent=14425"}],"wp:term":[{"taxonomy":"category","embeddable":true,"href":"https:\/\/www.uaga.eus\/eu\/wp-json\/wp\/v2\/categories?post=14425"},{"taxonomy":"post_tag","embeddable":true,"href":"https:\/\/www.uaga.eus\/eu\/wp-json\/wp\/v2\/tags?post=14425"}],"curies":[{"name":"wp","href":"https:\/\/api.w.org\/{rel}","templated":true}]}}