{"id":14401,"date":"2025-12-19T12:58:45","date_gmt":"2025-12-19T12:58:45","guid":{"rendered":"https:\/\/www.uaga.eus\/?p=14401"},"modified":"2025-12-19T12:59:26","modified_gmt":"2025-12-19T12:59:26","slug":"15-000-agricultores-paralizan-bruselas-rechazando-el-recorte-presupuestario-de-la-pac","status":"publish","type":"post","link":"https:\/\/www.uaga.eus\/eu\/15-000-agricultores-paralizan-bruselas-rechazando-el-recorte-presupuestario-de-la-pac\/","title":{"rendered":"15.000 nekazarik Brusela geldiarazi dute NPBren aurrekontu-murrizketari uko eginez"},"content":{"rendered":"<p>Rotundo \u00e9xito de la manifestaci\u00f3n agraria de ayer en Bruselas. Se cifra en torno a 15.000 las personas asistentes a la movilizaci\u00f3n convocada por el COPA-COGECA para decir no al recorte presupuestario de la PAC. COAG estuvo presente en la manifestaci\u00f3n, con m\u00e1s de un centenar de agricultores y ganaderos de diferentes uniones regionales. Y es que la propuesta presupuestaria presentada por la Comisi\u00f3n Europea para la reforma de la PAC post-2027 supone, en palabras de COAG, &#8220;un ataque frontal al campo europeo y un punto de inflexi\u00f3n hist\u00f3rico en el modelo de integraci\u00f3n comunitaria&#8221;. El plan de Ursula Von der Leyen sacrifica la Pol\u00edtica Agraria Com\u00fan para financiar la deuda de los fondos Next Generation y el nuevo gasto en defensa.<\/p>\n<p>Bruselas exige a los agricultores m\u00e1s sostenibilidad, m\u00e1s digitalizaci\u00f3n, m\u00e1s innovaci\u00f3n y m\u00e1s relevo generacional, mientras elimina precisamente los fondos que permiten avanzar en esas direcciones. La disoluci\u00f3n del segundo pilar de la PAC (desarrollo rural) en un fondo \u00fanico por pa\u00eds con otras pol\u00edticas de cohesi\u00f3n &#8220;enmascara un recorte encubierto sin precedentes y una renacionalizaci\u00f3n en toda regla&#8221;, advierte COAG.<\/p>\n<p>Tras la manifestaci\u00f3n, el representante de COAG en el Consejo\u00a0 Econ\u00f3mico y Social Europeo,\u00a0 Jaume Bernis, se reuni\u00f3 con el Comisario de Agricultura Hansen para transmitirle las las demandas de agricultores y ganaderos:<\/p>\n<ol start=\"1\" type=\"1\">\n<li><strong>Una PAC fuerte con dotaci\u00f3n presupuestaria suficiente<\/strong>\u00a0que no recorte los fondos actuales.<\/li>\n<li><strong>Mantenimiento de los dos pilares de la PAC<\/strong>\u00a0(pagos directos y desarrollo rural) con presupuestos diferenciados.<\/li>\n<li><strong>Simplificaci\u00f3n normativa.<\/strong>\u00a0Exigir una verdadera simplificaci\u00f3n de las normas burocr\u00e1ticas que asfixian al sector agr\u00edcola y dificultan su viabilidad econ\u00f3mica.<\/li>\n<li><strong>Equilibrio entre exigencias ambientales y financiaci\u00f3n<\/strong>\u00a0para hacerlas viables<\/li>\n<li><strong>Garant\u00edas reales para el relevo generacional<\/strong>\u00a0con ayudas espec\u00edficas a j\u00f3venes agricultores<\/li>\n<li><strong>Freno a los acuerdos comerciales desleales<\/strong>\u00a0con pa\u00edses sin est\u00e1ndares equivalentes (Marruecos, Mercosur)<\/li>\n<\/ol>\n","protected":false},"excerpt":{"rendered":"<p>Rotundo \u00e9xito de la manifestaci\u00f3n agraria de ayer en Bruselas. Se cifra en torno a 15.000 las personas asistentes a la movilizaci\u00f3n convocada por el COPA-COGECA para decir no al recorte presupuestario de la PAC. COAG estuvo presente en la manifestaci\u00f3n, con m\u00e1s de un centenar de agricultores y ganaderos de diferentes uniones regionales. Y [&hellip;]<\/p>\n","protected":false},"author":4,"featured_media":14397,"comment_status":"closed","ping_status":"closed","sticky":false,"template":"","format":"standard","meta":{"footnotes":""},"categories":[3,4],"tags":[],"yoast_head":"<!-- This site is optimized with the Yoast SEO plugin v21.5 - https:\/\/yoast.com\/wordpress\/plugins\/seo\/ -->\n<title>15.000 nekazarik Brusela geldiarazi dute NPBren aurrekontu-murrizketari uko eginez - UAGA<\/title>\n<meta name=\"robots\" content=\"index, follow, max-snippet:-1, max-image-preview:large, max-video-preview:-1\" \/>\n<link rel=\"canonical\" href=\"https:\/\/www.uaga.eus\/15-000-agricultores-paralizan-bruselas-rechazando-el-recorte-presupuestario-de-la-pac\/\" \/>\n<meta property=\"og:locale\" content=\"en_US\" \/>\n<meta property=\"og:type\" content=\"article\" \/>\n<meta property=\"og:title\" content=\"15.000 nekazarik Brusela geldiarazi dute NPBren aurrekontu-murrizketari uko eginez - UAGA\" \/>\n<meta property=\"og:description\" content=\"Rotundo \u00e9xito de la manifestaci\u00f3n agraria de ayer en Bruselas. Se cifra en torno a 15.000 las personas asistentes a la movilizaci\u00f3n convocada por el COPA-COGECA para decir no al recorte presupuestario de la PAC. COAG estuvo presente en la manifestaci\u00f3n, con m\u00e1s de un centenar de agricultores y ganaderos de diferentes uniones regionales. Y [&hellip;]\" \/>\n<meta property=\"og:url\" content=\"https:\/\/www.uaga.eus\/15-000-agricultores-paralizan-bruselas-rechazando-el-recorte-presupuestario-de-la-pac\/\" \/>\n<meta property=\"og:site_name\" content=\"UAGA\" \/>\n<meta property=\"article:published_time\" content=\"2025-12-19T12:58:45+00:00\" \/>\n<meta property=\"article:modified_time\" content=\"2025-12-19T12:59:26+00:00\" \/>\n<meta property=\"og:image\" content=\"https:\/\/www.uaga.eus\/wp-content\/uploads\/2025\/12\/251218-mani-bruselas-2.jpg\" \/>\n\t<meta property=\"og:image:width\" content=\"650\" \/>\n\t<meta property=\"og:image:height\" content=\"366\" \/>\n\t<meta property=\"og:image:type\" content=\"image\/jpeg\" \/>\n<meta name=\"author\" content=\"Blanca S\u00e1nchez\" \/>\n<meta name=\"twitter:card\" content=\"summary_large_image\" \/>\n<meta name=\"twitter:label1\" content=\"Written by\" \/>\n\t<meta name=\"twitter:data1\" content=\"Blanca S\u00e1nchez\" \/>\n\t<meta name=\"twitter:label2\" content=\"Est. reading time\" \/>\n\t<meta name=\"twitter:data2\" content=\"2 minutua\" \/>\n<script type=\"application\/ld+json\" class=\"yoast-schema-graph\">{\"@context\":\"https:\/\/schema.org\",\"@graph\":[{\"@type\":\"WebPage\",\"@id\":\"https:\/\/www.uaga.eus\/15-000-agricultores-paralizan-bruselas-rechazando-el-recorte-presupuestario-de-la-pac\/\",\"url\":\"https:\/\/www.uaga.eus\/15-000-agricultores-paralizan-bruselas-rechazando-el-recorte-presupuestario-de-la-pac\/\",\"name\":\"15.000 nekazarik Brusela geldiarazi dute NPBren aurrekontu-murrizketari uko eginez - UAGA\",\"isPartOf\":{\"@id\":\"https:\/\/www.uaga.eus\/#website\"},\"datePublished\":\"2025-12-19T12:58:45+00:00\",\"dateModified\":\"2025-12-19T12:59:26+00:00\",\"author\":{\"@id\":\"https:\/\/www.uaga.eus\/#\/schema\/person\/48c3cbf0f33d1b788226dbb6518689cf\"},\"breadcrumb\":{\"@id\":\"https:\/\/www.uaga.eus\/15-000-agricultores-paralizan-bruselas-rechazando-el-recorte-presupuestario-de-la-pac\/#breadcrumb\"},\"inLanguage\":\"eu\",\"potentialAction\":[{\"@type\":\"ReadAction\",\"target\":[\"https:\/\/www.uaga.eus\/15-000-agricultores-paralizan-bruselas-rechazando-el-recorte-presupuestario-de-la-pac\/\"]}]},{\"@type\":\"BreadcrumbList\",\"@id\":\"https:\/\/www.uaga.eus\/15-000-agricultores-paralizan-bruselas-rechazando-el-recorte-presupuestario-de-la-pac\/#breadcrumb\",\"itemListElement\":[{\"@type\":\"ListItem\",\"position\":1,\"name\":\"Inicio\",\"item\":\"https:\/\/www.uaga.eus\/\"},{\"@type\":\"ListItem\",\"position\":2,\"name\":\"15.000 agricultores paralizan Bruselas rechazando el recorte presupuestario de la PAC\"}]},{\"@type\":\"WebSite\",\"@id\":\"https:\/\/www.uaga.eus\/#website\",\"url\":\"https:\/\/www.uaga.eus\/\",\"name\":\"UAGA\",\"description\":\"Uni\u00f3n Agroganadera de \u00c1lava - Araba Nekazarien Elkartea\",\"potentialAction\":[{\"@type\":\"SearchAction\",\"target\":{\"@type\":\"EntryPoint\",\"urlTemplate\":\"https:\/\/www.uaga.eus\/?s={search_term_string}\"},\"query-input\":\"required name=search_term_string\"}],\"inLanguage\":\"eu\"},{\"@type\":\"Person\",\"@id\":\"https:\/\/www.uaga.eus\/#\/schema\/person\/48c3cbf0f33d1b788226dbb6518689cf\",\"name\":\"Blanca S\u00e1nchez\",\"image\":{\"@type\":\"ImageObject\",\"inLanguage\":\"eu\",\"@id\":\"https:\/\/www.uaga.eus\/#\/schema\/person\/image\/\",\"url\":\"https:\/\/secure.gravatar.com\/avatar\/0dc91c20648254b1ce84877283f6751b?s=96&d=mm&r=g\",\"contentUrl\":\"https:\/\/secure.gravatar.com\/avatar\/0dc91c20648254b1ce84877283f6751b?s=96&d=mm&r=g\",\"caption\":\"Blanca S\u00e1nchez\"},\"url\":\"https:\/\/www.uaga.eus\/eu\/author\/bsanchez\/\"}]}<\/script>\n<!-- \/ Yoast SEO plugin. -->","yoast_head_json":{"title":"15.000 nekazarik Brusela geldiarazi dute NPBren aurrekontu-murrizketari uko eginez - UAGA","robots":{"index":"index","follow":"follow","max-snippet":"max-snippet:-1","max-image-preview":"max-image-preview:large","max-video-preview":"max-video-preview:-1"},"canonical":"https:\/\/www.uaga.eus\/15-000-agricultores-paralizan-bruselas-rechazando-el-recorte-presupuestario-de-la-pac\/","og_locale":"en_US","og_type":"article","og_title":"15.000 nekazarik Brusela geldiarazi dute NPBren aurrekontu-murrizketari uko eginez - UAGA","og_description":"Rotundo \u00e9xito de la manifestaci\u00f3n agraria de ayer en Bruselas. Se cifra en torno a 15.000 las personas asistentes a la movilizaci\u00f3n convocada por el COPA-COGECA para decir no al recorte presupuestario de la PAC. COAG estuvo presente en la manifestaci\u00f3n, con m\u00e1s de un centenar de agricultores y ganaderos de diferentes uniones regionales. Y [&hellip;]","og_url":"https:\/\/www.uaga.eus\/15-000-agricultores-paralizan-bruselas-rechazando-el-recorte-presupuestario-de-la-pac\/","og_site_name":"UAGA","article_published_time":"2025-12-19T12:58:45+00:00","article_modified_time":"2025-12-19T12:59:26+00:00","og_image":[{"width":650,"height":366,"url":"https:\/\/www.uaga.eus\/wp-content\/uploads\/2025\/12\/251218-mani-bruselas-2.jpg","type":"image\/jpeg"}],"author":"Blanca S\u00e1nchez","twitter_card":"summary_large_image","twitter_misc":{"Written by":"Blanca S\u00e1nchez","Est. reading time":"2 minutua"},"schema":{"@context":"https:\/\/schema.org","@graph":[{"@type":"WebPage","@id":"https:\/\/www.uaga.eus\/15-000-agricultores-paralizan-bruselas-rechazando-el-recorte-presupuestario-de-la-pac\/","url":"https:\/\/www.uaga.eus\/15-000-agricultores-paralizan-bruselas-rechazando-el-recorte-presupuestario-de-la-pac\/","name":"15.000 nekazarik Brusela geldiarazi dute NPBren aurrekontu-murrizketari uko eginez - UAGA","isPartOf":{"@id":"https:\/\/www.uaga.eus\/#website"},"datePublished":"2025-12-19T12:58:45+00:00","dateModified":"2025-12-19T12:59:26+00:00","author":{"@id":"https:\/\/www.uaga.eus\/#\/schema\/person\/48c3cbf0f33d1b788226dbb6518689cf"},"breadcrumb":{"@id":"https:\/\/www.uaga.eus\/15-000-agricultores-paralizan-bruselas-rechazando-el-recorte-presupuestario-de-la-pac\/#breadcrumb"},"inLanguage":"eu","potentialAction":[{"@type":"ReadAction","target":["https:\/\/www.uaga.eus\/15-000-agricultores-paralizan-bruselas-rechazando-el-recorte-presupuestario-de-la-pac\/"]}]},{"@type":"BreadcrumbList","@id":"https:\/\/www.uaga.eus\/15-000-agricultores-paralizan-bruselas-rechazando-el-recorte-presupuestario-de-la-pac\/#breadcrumb","itemListElement":[{"@type":"ListItem","position":1,"name":"Inicio","item":"https:\/\/www.uaga.eus\/"},{"@type":"ListItem","position":2,"name":"15.000 agricultores paralizan Bruselas rechazando el recorte presupuestario de la PAC"}]},{"@type":"WebSite","@id":"https:\/\/www.uaga.eus\/#website","url":"https:\/\/www.uaga.eus\/","name":"UAGA","description":"Uni\u00f3n Agroganadera de \u00c1lava - Araba Nekazarien Elkartea","potentialAction":[{"@type":"SearchAction","target":{"@type":"EntryPoint","urlTemplate":"https:\/\/www.uaga.eus\/?s={search_term_string}"},"query-input":"required name=search_term_string"}],"inLanguage":"eu"},{"@type":"Person","@id":"https:\/\/www.uaga.eus\/#\/schema\/person\/48c3cbf0f33d1b788226dbb6518689cf","name":"Blanca S\u00e1nchez","image":{"@type":"ImageObject","inLanguage":"eu","@id":"https:\/\/www.uaga.eus\/#\/schema\/person\/image\/","url":"https:\/\/secure.gravatar.com\/avatar\/0dc91c20648254b1ce84877283f6751b?s=96&d=mm&r=g","contentUrl":"https:\/\/secure.gravatar.com\/avatar\/0dc91c20648254b1ce84877283f6751b?s=96&d=mm&r=g","caption":"Blanca S\u00e1nchez"},"url":"https:\/\/www.uaga.eus\/eu\/author\/bsanchez\/"}]}},"_links":{"self":[{"href":"https:\/\/www.uaga.eus\/eu\/wp-json\/wp\/v2\/posts\/14401"}],"collection":[{"href":"https:\/\/www.uaga.eus\/eu\/wp-json\/wp\/v2\/posts"}],"about":[{"href":"https:\/\/www.uaga.eus\/eu\/wp-json\/wp\/v2\/types\/post"}],"author":[{"embeddable":true,"href":"https:\/\/www.uaga.eus\/eu\/wp-json\/wp\/v2\/users\/4"}],"replies":[{"embeddable":true,"href":"https:\/\/www.uaga.eus\/eu\/wp-json\/wp\/v2\/comments?post=14401"}],"version-history":[{"count":1,"href":"https:\/\/www.uaga.eus\/eu\/wp-json\/wp\/v2\/posts\/14401\/revisions"}],"predecessor-version":[{"id":14402,"href":"https:\/\/www.uaga.eus\/eu\/wp-json\/wp\/v2\/posts\/14401\/revisions\/14402"}],"wp:featuredmedia":[{"embeddable":true,"href":"https:\/\/www.uaga.eus\/eu\/wp-json\/wp\/v2\/media\/14397"}],"wp:attachment":[{"href":"https:\/\/www.uaga.eus\/eu\/wp-json\/wp\/v2\/media?parent=14401"}],"wp:term":[{"taxonomy":"category","embeddable":true,"href":"https:\/\/www.uaga.eus\/eu\/wp-json\/wp\/v2\/categories?post=14401"},{"taxonomy":"post_tag","embeddable":true,"href":"https:\/\/www.uaga.eus\/eu\/wp-json\/wp\/v2\/tags?post=14401"}],"curies":[{"name":"wp","href":"https:\/\/api.w.org\/{rel}","templated":true}]}}