{"id":14291,"date":"2025-11-21T11:24:51","date_gmt":"2025-11-21T11:24:51","guid":{"rendered":"https:\/\/www.uaga.eus\/?p=14291"},"modified":"2025-11-21T11:24:51","modified_gmt":"2025-11-21T11:24:51","slug":"el-cuaderno-digital-agrario-sera-obligatorio-a-partir-del-1-de-enero-de-2027","status":"publish","type":"post","link":"https:\/\/www.uaga.eus\/eu\/el-cuaderno-digital-agrario-sera-obligatorio-a-partir-del-1-de-enero-de-2027\/","title":{"rendered":"Nekazaritzako koaderno digitala nahitaezkoa izango da 2027ko urtarrilaren 1etik aurrera."},"content":{"rendered":"<p>El Consejo de Ministros ha aprobado un Real Decreto por el que se flexibilizan los plazos para la introducci\u00f3n del cuaderno digital agrario. <a href=\"https:\/\/www.uaga.eus\/el-cuaderno-de-campo-digital-podria-retrasarse-a-2027\/\" target=\"_blank\" rel=\"noopener\" data-cke-saved-href=\"https:\/\/www.uaga.eus\/el-cuaderno-de-campo-digital-podria-retrasarse-a-2027\/\">Tal y como solicit\u00f3 COAG<\/a> tras la pr\u00f3rroga autorizada por la Uni\u00f3n Europea, hasta el 1 de enero de 2027 no ser\u00e1 obligatorio el uso del cuaderno en el que se registran los fitosanitarios de manera digital. No obstante, quien quiera utilizarlo desde ahora podr\u00eda hacerlo; el Ministerio ha puesto a disposici\u00f3n del sector un aplicativo gratuito.<\/p>\n<p>Por otra parte, el FEGA\u00a0\u00a0ha publicado en su <a href=\"https:\/\/www.fega.gob.es\/es\/pepac-2023-2027\/ayudas-directas\/ecorregimenes\/iu-provisionales-revisados-ecorregimenes-2025\" target=\"_blank\" rel=\"noopener\" data-cke-saved-href=\"https:\/\/www.fega.gob.es\/es\/pepac-2023-2027\/ayudas-directas\/ecorregimenes\/iu-provisionales-revisados-ecorregimenes-2025\">web <\/a>la revisi\u00f3n de los\u00a0importes unitarios provisionales\u00a0de los\u00a0eco-reg\u00edmenes\u00a0de la campa\u00f1a\u00a0PAC 2025.\u00a0Estos importes se utilizar\u00e1n para hacer efectivo el\u00a0primer pago del saldo a partir del 1 de diciembre, que podr\u00eda alcanzar hasta el\u00a090 % del importe total de la ayuda.<\/p>\n","protected":false},"excerpt":{"rendered":"<p>El Consejo de Ministros ha aprobado un Real Decreto por el que se flexibilizan los plazos para la introducci\u00f3n del cuaderno digital agrario. Tal y como solicit\u00f3 COAG tras la pr\u00f3rroga autorizada por la Uni\u00f3n Europea, hasta el 1 de enero de 2027 no ser\u00e1 obligatorio el uso del cuaderno en el que se registran [&hellip;]<\/p>\n","protected":false},"author":4,"featured_media":14292,"comment_status":"closed","ping_status":"closed","sticky":false,"template":"","format":"standard","meta":{"footnotes":""},"categories":[7,4],"tags":[],"yoast_head":"<!-- This site is optimized with the Yoast SEO plugin v21.5 - https:\/\/yoast.com\/wordpress\/plugins\/seo\/ -->\n<title>Nekazaritzako koaderno digitala nahitaezkoa izango da 2027ko urtarrilaren 1etik aurrera. - UAGA<\/title>\n<meta name=\"robots\" content=\"index, follow, max-snippet:-1, max-image-preview:large, max-video-preview:-1\" \/>\n<link rel=\"canonical\" href=\"https:\/\/www.uaga.eus\/el-cuaderno-digital-agrario-sera-obligatorio-a-partir-del-1-de-enero-de-2027\/\" \/>\n<meta property=\"og:locale\" content=\"en_US\" \/>\n<meta property=\"og:type\" content=\"article\" \/>\n<meta property=\"og:title\" content=\"Nekazaritzako koaderno digitala nahitaezkoa izango da 2027ko urtarrilaren 1etik aurrera. - UAGA\" \/>\n<meta property=\"og:description\" content=\"El Consejo de Ministros ha aprobado un Real Decreto por el que se flexibilizan los plazos para la introducci\u00f3n del cuaderno digital agrario. Tal y como solicit\u00f3 COAG tras la pr\u00f3rroga autorizada por la Uni\u00f3n Europea, hasta el 1 de enero de 2027 no ser\u00e1 obligatorio el uso del cuaderno en el que se registran [&hellip;]\" \/>\n<meta property=\"og:url\" content=\"https:\/\/www.uaga.eus\/el-cuaderno-digital-agrario-sera-obligatorio-a-partir-del-1-de-enero-de-2027\/\" \/>\n<meta property=\"og:site_name\" content=\"UAGA\" \/>\n<meta property=\"article:published_time\" content=\"2025-11-21T11:24:51+00:00\" \/>\n<meta property=\"og:image\" content=\"https:\/\/www.uaga.eus\/wp-content\/uploads\/2025\/11\/persona-en-el-campo-con-tablet.jpg\" \/>\n\t<meta property=\"og:image:width\" content=\"650\" \/>\n\t<meta property=\"og:image:height\" content=\"366\" \/>\n\t<meta property=\"og:image:type\" content=\"image\/jpeg\" \/>\n<meta name=\"author\" content=\"Blanca S\u00e1nchez\" \/>\n<meta name=\"twitter:card\" content=\"summary_large_image\" \/>\n<meta name=\"twitter:label1\" content=\"Written by\" \/>\n\t<meta name=\"twitter:data1\" content=\"Blanca S\u00e1nchez\" \/>\n\t<meta name=\"twitter:label2\" content=\"Est. reading time\" \/>\n\t<meta name=\"twitter:data2\" content=\"1 minutua\" \/>\n<script type=\"application\/ld+json\" class=\"yoast-schema-graph\">{\"@context\":\"https:\/\/schema.org\",\"@graph\":[{\"@type\":\"WebPage\",\"@id\":\"https:\/\/www.uaga.eus\/el-cuaderno-digital-agrario-sera-obligatorio-a-partir-del-1-de-enero-de-2027\/\",\"url\":\"https:\/\/www.uaga.eus\/el-cuaderno-digital-agrario-sera-obligatorio-a-partir-del-1-de-enero-de-2027\/\",\"name\":\"Nekazaritzako koaderno digitala nahitaezkoa izango da 2027ko urtarrilaren 1etik aurrera. - UAGA\",\"isPartOf\":{\"@id\":\"https:\/\/www.uaga.eus\/#website\"},\"datePublished\":\"2025-11-21T11:24:51+00:00\",\"dateModified\":\"2025-11-21T11:24:51+00:00\",\"author\":{\"@id\":\"https:\/\/www.uaga.eus\/#\/schema\/person\/48c3cbf0f33d1b788226dbb6518689cf\"},\"breadcrumb\":{\"@id\":\"https:\/\/www.uaga.eus\/el-cuaderno-digital-agrario-sera-obligatorio-a-partir-del-1-de-enero-de-2027\/#breadcrumb\"},\"inLanguage\":\"eu\",\"potentialAction\":[{\"@type\":\"ReadAction\",\"target\":[\"https:\/\/www.uaga.eus\/el-cuaderno-digital-agrario-sera-obligatorio-a-partir-del-1-de-enero-de-2027\/\"]}]},{\"@type\":\"BreadcrumbList\",\"@id\":\"https:\/\/www.uaga.eus\/el-cuaderno-digital-agrario-sera-obligatorio-a-partir-del-1-de-enero-de-2027\/#breadcrumb\",\"itemListElement\":[{\"@type\":\"ListItem\",\"position\":1,\"name\":\"Inicio\",\"item\":\"https:\/\/www.uaga.eus\/\"},{\"@type\":\"ListItem\",\"position\":2,\"name\":\"El cuaderno digital agrario ser\u00e1 obligatorio a partir del 1 de enero de 2027\"}]},{\"@type\":\"WebSite\",\"@id\":\"https:\/\/www.uaga.eus\/#website\",\"url\":\"https:\/\/www.uaga.eus\/\",\"name\":\"UAGA\",\"description\":\"Uni\u00f3n Agroganadera de \u00c1lava - Araba Nekazarien Elkartea\",\"potentialAction\":[{\"@type\":\"SearchAction\",\"target\":{\"@type\":\"EntryPoint\",\"urlTemplate\":\"https:\/\/www.uaga.eus\/?s={search_term_string}\"},\"query-input\":\"required name=search_term_string\"}],\"inLanguage\":\"eu\"},{\"@type\":\"Person\",\"@id\":\"https:\/\/www.uaga.eus\/#\/schema\/person\/48c3cbf0f33d1b788226dbb6518689cf\",\"name\":\"Blanca S\u00e1nchez\",\"image\":{\"@type\":\"ImageObject\",\"inLanguage\":\"eu\",\"@id\":\"https:\/\/www.uaga.eus\/#\/schema\/person\/image\/\",\"url\":\"https:\/\/secure.gravatar.com\/avatar\/0dc91c20648254b1ce84877283f6751b?s=96&d=mm&r=g\",\"contentUrl\":\"https:\/\/secure.gravatar.com\/avatar\/0dc91c20648254b1ce84877283f6751b?s=96&d=mm&r=g\",\"caption\":\"Blanca S\u00e1nchez\"},\"url\":\"https:\/\/www.uaga.eus\/eu\/author\/bsanchez\/\"}]}<\/script>\n<!-- \/ Yoast SEO plugin. -->","yoast_head_json":{"title":"Nekazaritzako koaderno digitala nahitaezkoa izango da 2027ko urtarrilaren 1etik aurrera. - UAGA","robots":{"index":"index","follow":"follow","max-snippet":"max-snippet:-1","max-image-preview":"max-image-preview:large","max-video-preview":"max-video-preview:-1"},"canonical":"https:\/\/www.uaga.eus\/el-cuaderno-digital-agrario-sera-obligatorio-a-partir-del-1-de-enero-de-2027\/","og_locale":"en_US","og_type":"article","og_title":"Nekazaritzako koaderno digitala nahitaezkoa izango da 2027ko urtarrilaren 1etik aurrera. - UAGA","og_description":"El Consejo de Ministros ha aprobado un Real Decreto por el que se flexibilizan los plazos para la introducci\u00f3n del cuaderno digital agrario. Tal y como solicit\u00f3 COAG tras la pr\u00f3rroga autorizada por la Uni\u00f3n Europea, hasta el 1 de enero de 2027 no ser\u00e1 obligatorio el uso del cuaderno en el que se registran [&hellip;]","og_url":"https:\/\/www.uaga.eus\/el-cuaderno-digital-agrario-sera-obligatorio-a-partir-del-1-de-enero-de-2027\/","og_site_name":"UAGA","article_published_time":"2025-11-21T11:24:51+00:00","og_image":[{"width":650,"height":366,"url":"https:\/\/www.uaga.eus\/wp-content\/uploads\/2025\/11\/persona-en-el-campo-con-tablet.jpg","type":"image\/jpeg"}],"author":"Blanca S\u00e1nchez","twitter_card":"summary_large_image","twitter_misc":{"Written by":"Blanca S\u00e1nchez","Est. reading time":"1 minutua"},"schema":{"@context":"https:\/\/schema.org","@graph":[{"@type":"WebPage","@id":"https:\/\/www.uaga.eus\/el-cuaderno-digital-agrario-sera-obligatorio-a-partir-del-1-de-enero-de-2027\/","url":"https:\/\/www.uaga.eus\/el-cuaderno-digital-agrario-sera-obligatorio-a-partir-del-1-de-enero-de-2027\/","name":"Nekazaritzako koaderno digitala nahitaezkoa izango da 2027ko urtarrilaren 1etik aurrera. - UAGA","isPartOf":{"@id":"https:\/\/www.uaga.eus\/#website"},"datePublished":"2025-11-21T11:24:51+00:00","dateModified":"2025-11-21T11:24:51+00:00","author":{"@id":"https:\/\/www.uaga.eus\/#\/schema\/person\/48c3cbf0f33d1b788226dbb6518689cf"},"breadcrumb":{"@id":"https:\/\/www.uaga.eus\/el-cuaderno-digital-agrario-sera-obligatorio-a-partir-del-1-de-enero-de-2027\/#breadcrumb"},"inLanguage":"eu","potentialAction":[{"@type":"ReadAction","target":["https:\/\/www.uaga.eus\/el-cuaderno-digital-agrario-sera-obligatorio-a-partir-del-1-de-enero-de-2027\/"]}]},{"@type":"BreadcrumbList","@id":"https:\/\/www.uaga.eus\/el-cuaderno-digital-agrario-sera-obligatorio-a-partir-del-1-de-enero-de-2027\/#breadcrumb","itemListElement":[{"@type":"ListItem","position":1,"name":"Inicio","item":"https:\/\/www.uaga.eus\/"},{"@type":"ListItem","position":2,"name":"El cuaderno digital agrario ser\u00e1 obligatorio a partir del 1 de enero de 2027"}]},{"@type":"WebSite","@id":"https:\/\/www.uaga.eus\/#website","url":"https:\/\/www.uaga.eus\/","name":"UAGA","description":"Uni\u00f3n Agroganadera de \u00c1lava - Araba Nekazarien Elkartea","potentialAction":[{"@type":"SearchAction","target":{"@type":"EntryPoint","urlTemplate":"https:\/\/www.uaga.eus\/?s={search_term_string}"},"query-input":"required name=search_term_string"}],"inLanguage":"eu"},{"@type":"Person","@id":"https:\/\/www.uaga.eus\/#\/schema\/person\/48c3cbf0f33d1b788226dbb6518689cf","name":"Blanca S\u00e1nchez","image":{"@type":"ImageObject","inLanguage":"eu","@id":"https:\/\/www.uaga.eus\/#\/schema\/person\/image\/","url":"https:\/\/secure.gravatar.com\/avatar\/0dc91c20648254b1ce84877283f6751b?s=96&d=mm&r=g","contentUrl":"https:\/\/secure.gravatar.com\/avatar\/0dc91c20648254b1ce84877283f6751b?s=96&d=mm&r=g","caption":"Blanca S\u00e1nchez"},"url":"https:\/\/www.uaga.eus\/eu\/author\/bsanchez\/"}]}},"_links":{"self":[{"href":"https:\/\/www.uaga.eus\/eu\/wp-json\/wp\/v2\/posts\/14291"}],"collection":[{"href":"https:\/\/www.uaga.eus\/eu\/wp-json\/wp\/v2\/posts"}],"about":[{"href":"https:\/\/www.uaga.eus\/eu\/wp-json\/wp\/v2\/types\/post"}],"author":[{"embeddable":true,"href":"https:\/\/www.uaga.eus\/eu\/wp-json\/wp\/v2\/users\/4"}],"replies":[{"embeddable":true,"href":"https:\/\/www.uaga.eus\/eu\/wp-json\/wp\/v2\/comments?post=14291"}],"version-history":[{"count":1,"href":"https:\/\/www.uaga.eus\/eu\/wp-json\/wp\/v2\/posts\/14291\/revisions"}],"predecessor-version":[{"id":14293,"href":"https:\/\/www.uaga.eus\/eu\/wp-json\/wp\/v2\/posts\/14291\/revisions\/14293"}],"wp:featuredmedia":[{"embeddable":true,"href":"https:\/\/www.uaga.eus\/eu\/wp-json\/wp\/v2\/media\/14292"}],"wp:attachment":[{"href":"https:\/\/www.uaga.eus\/eu\/wp-json\/wp\/v2\/media?parent=14291"}],"wp:term":[{"taxonomy":"category","embeddable":true,"href":"https:\/\/www.uaga.eus\/eu\/wp-json\/wp\/v2\/categories?post=14291"},{"taxonomy":"post_tag","embeddable":true,"href":"https:\/\/www.uaga.eus\/eu\/wp-json\/wp\/v2\/tags?post=14291"}],"curies":[{"name":"wp","href":"https:\/\/api.w.org\/{rel}","templated":true}]}}