{"id":14289,"date":"2025-11-21T11:20:50","date_gmt":"2025-11-21T11:20:50","guid":{"rendered":"https:\/\/www.uaga.eus\/?p=14289"},"modified":"2025-11-21T11:21:33","modified_gmt":"2025-11-21T11:21:33","slug":"26-de-noviembre-jornada-sobre-comercializacion-en-el-sector-del-vino","status":"publish","type":"post","link":"https:\/\/www.uaga.eus\/eu\/26-de-noviembre-jornada-sobre-comercializacion-en-el-sector-del-vino\/","title":{"rendered":"Azaroaren 26an, ardoaren sektoreko merkaturatzeari buruzko jardunaldia"},"content":{"rendered":"<p>Eda Drinks &amp; Wine Campus y \u00a0Basque Culinary Center han organizado para el pr\u00f3ximo 26 de noviembre una jornada formativa sobre comercializaci\u00f3n de vino, que se desarrollar\u00e1 en la C\u00e1mara de Comercio de \u00c1lava.<\/p>\n<p>En la jornada se\u00a0explorar\u00e1n las\u00a0\u00a0tendencias y estrategias m\u00e1s innovadoras en marketing y ventas: desde c\u00f3mo comunicar y posicionar una marca en distintos canales hasta c\u00f3mo adaptar un modelo de negocio a las nuevas preferencias del consumidor.\u00a0Puedes consultar el programa y solicitar entradas <a href=\"https:\/\/entradas.bculinary.com\/web\/?menu=1162&amp;pagina=entradas&amp;item=57874&amp;siteID=bculinary&amp;_gl=1*nkd6bl*_gcl_au*MTg5NjE1NTg2OS4xNzYzNzE3MTg1\" target=\"_blank\" rel=\"noopener\" data-cke-saved-href=\"https:\/\/entradas.bculinary.com\/web\/?menu=1162&amp;pagina=entradas&amp;item=57874&amp;siteID=bculinary&amp;_gl=1*nkd6bl*_gcl_au*MTg5NjE1NTg2OS4xNzYzNzE3MTg1\">aqu\u00ed<\/a>.<\/p>\n","protected":false},"excerpt":{"rendered":"<p>Eda Drinks &amp; Wine Campus y \u00a0Basque Culinary Center han organizado para el pr\u00f3ximo 26 de noviembre una jornada formativa sobre comercializaci\u00f3n de vino, que se desarrollar\u00e1 en la C\u00e1mara de Comercio de \u00c1lava. En la jornada se\u00a0explorar\u00e1n las\u00a0\u00a0tendencias y estrategias m\u00e1s innovadoras en marketing y ventas: desde c\u00f3mo comunicar y posicionar una marca en [&hellip;]<\/p>\n","protected":false},"author":4,"featured_media":4817,"comment_status":"closed","ping_status":"closed","sticky":false,"template":"","format":"standard","meta":{"footnotes":""},"categories":[12,66],"tags":[],"yoast_head":"<!-- This site is optimized with the Yoast SEO plugin v21.5 - https:\/\/yoast.com\/wordpress\/plugins\/seo\/ -->\n<title>Azaroaren 26an, ardoaren sektoreko merkaturatzeari buruzko jardunaldia - UAGA<\/title>\n<meta name=\"robots\" content=\"index, follow, max-snippet:-1, max-image-preview:large, max-video-preview:-1\" \/>\n<link rel=\"canonical\" href=\"https:\/\/www.uaga.eus\/26-de-noviembre-jornada-sobre-comercializacion-en-el-sector-del-vino\/\" \/>\n<meta property=\"og:locale\" content=\"en_US\" \/>\n<meta property=\"og:type\" content=\"article\" \/>\n<meta property=\"og:title\" content=\"Azaroaren 26an, ardoaren sektoreko merkaturatzeari buruzko jardunaldia - UAGA\" \/>\n<meta property=\"og:description\" content=\"Eda Drinks &amp; Wine Campus y \u00a0Basque Culinary Center han organizado para el pr\u00f3ximo 26 de noviembre una jornada formativa sobre comercializaci\u00f3n de vino, que se desarrollar\u00e1 en la C\u00e1mara de Comercio de \u00c1lava. En la jornada se\u00a0explorar\u00e1n las\u00a0\u00a0tendencias y estrategias m\u00e1s innovadoras en marketing y ventas: desde c\u00f3mo comunicar y posicionar una marca en [&hellip;]\" \/>\n<meta property=\"og:url\" content=\"https:\/\/www.uaga.eus\/26-de-noviembre-jornada-sobre-comercializacion-en-el-sector-del-vino\/\" \/>\n<meta property=\"og:site_name\" content=\"UAGA\" \/>\n<meta property=\"article:published_time\" content=\"2025-11-21T11:20:50+00:00\" \/>\n<meta property=\"article:modified_time\" content=\"2025-11-21T11:21:33+00:00\" \/>\n<meta property=\"og:image\" content=\"https:\/\/www.uaga.eus\/wp-content\/uploads\/2018\/11\/copas-con-vino-tinto-e1541752352717.jpg\" \/>\n\t<meta property=\"og:image:width\" content=\"697\" \/>\n\t<meta property=\"og:image:height\" content=\"355\" \/>\n\t<meta property=\"og:image:type\" content=\"image\/jpeg\" \/>\n<meta name=\"author\" content=\"Blanca S\u00e1nchez\" \/>\n<meta name=\"twitter:card\" content=\"summary_large_image\" \/>\n<meta name=\"twitter:label1\" content=\"Written by\" \/>\n\t<meta name=\"twitter:data1\" content=\"Blanca S\u00e1nchez\" \/>\n\t<meta name=\"twitter:label2\" content=\"Est. reading time\" \/>\n\t<meta name=\"twitter:data2\" content=\"1 minutua\" \/>\n<script type=\"application\/ld+json\" class=\"yoast-schema-graph\">{\"@context\":\"https:\/\/schema.org\",\"@graph\":[{\"@type\":\"WebPage\",\"@id\":\"https:\/\/www.uaga.eus\/26-de-noviembre-jornada-sobre-comercializacion-en-el-sector-del-vino\/\",\"url\":\"https:\/\/www.uaga.eus\/26-de-noviembre-jornada-sobre-comercializacion-en-el-sector-del-vino\/\",\"name\":\"Azaroaren 26an, ardoaren sektoreko merkaturatzeari buruzko jardunaldia - UAGA\",\"isPartOf\":{\"@id\":\"https:\/\/www.uaga.eus\/#website\"},\"datePublished\":\"2025-11-21T11:20:50+00:00\",\"dateModified\":\"2025-11-21T11:21:33+00:00\",\"author\":{\"@id\":\"https:\/\/www.uaga.eus\/#\/schema\/person\/48c3cbf0f33d1b788226dbb6518689cf\"},\"breadcrumb\":{\"@id\":\"https:\/\/www.uaga.eus\/26-de-noviembre-jornada-sobre-comercializacion-en-el-sector-del-vino\/#breadcrumb\"},\"inLanguage\":\"eu\",\"potentialAction\":[{\"@type\":\"ReadAction\",\"target\":[\"https:\/\/www.uaga.eus\/26-de-noviembre-jornada-sobre-comercializacion-en-el-sector-del-vino\/\"]}]},{\"@type\":\"BreadcrumbList\",\"@id\":\"https:\/\/www.uaga.eus\/26-de-noviembre-jornada-sobre-comercializacion-en-el-sector-del-vino\/#breadcrumb\",\"itemListElement\":[{\"@type\":\"ListItem\",\"position\":1,\"name\":\"Inicio\",\"item\":\"https:\/\/www.uaga.eus\/\"},{\"@type\":\"ListItem\",\"position\":2,\"name\":\"26 de noviembre, jornada sobre comercializaci\u00f3n en el sector del vino\"}]},{\"@type\":\"WebSite\",\"@id\":\"https:\/\/www.uaga.eus\/#website\",\"url\":\"https:\/\/www.uaga.eus\/\",\"name\":\"UAGA\",\"description\":\"Uni\u00f3n Agroganadera de \u00c1lava - Araba Nekazarien Elkartea\",\"potentialAction\":[{\"@type\":\"SearchAction\",\"target\":{\"@type\":\"EntryPoint\",\"urlTemplate\":\"https:\/\/www.uaga.eus\/?s={search_term_string}\"},\"query-input\":\"required name=search_term_string\"}],\"inLanguage\":\"eu\"},{\"@type\":\"Person\",\"@id\":\"https:\/\/www.uaga.eus\/#\/schema\/person\/48c3cbf0f33d1b788226dbb6518689cf\",\"name\":\"Blanca S\u00e1nchez\",\"image\":{\"@type\":\"ImageObject\",\"inLanguage\":\"eu\",\"@id\":\"https:\/\/www.uaga.eus\/#\/schema\/person\/image\/\",\"url\":\"https:\/\/secure.gravatar.com\/avatar\/0dc91c20648254b1ce84877283f6751b?s=96&d=mm&r=g\",\"contentUrl\":\"https:\/\/secure.gravatar.com\/avatar\/0dc91c20648254b1ce84877283f6751b?s=96&d=mm&r=g\",\"caption\":\"Blanca S\u00e1nchez\"},\"url\":\"https:\/\/www.uaga.eus\/eu\/author\/bsanchez\/\"}]}<\/script>\n<!-- \/ Yoast SEO plugin. -->","yoast_head_json":{"title":"Azaroaren 26an, ardoaren sektoreko merkaturatzeari buruzko jardunaldia - UAGA","robots":{"index":"index","follow":"follow","max-snippet":"max-snippet:-1","max-image-preview":"max-image-preview:large","max-video-preview":"max-video-preview:-1"},"canonical":"https:\/\/www.uaga.eus\/26-de-noviembre-jornada-sobre-comercializacion-en-el-sector-del-vino\/","og_locale":"en_US","og_type":"article","og_title":"Azaroaren 26an, ardoaren sektoreko merkaturatzeari buruzko jardunaldia - UAGA","og_description":"Eda Drinks &amp; Wine Campus y \u00a0Basque Culinary Center han organizado para el pr\u00f3ximo 26 de noviembre una jornada formativa sobre comercializaci\u00f3n de vino, que se desarrollar\u00e1 en la C\u00e1mara de Comercio de \u00c1lava. En la jornada se\u00a0explorar\u00e1n las\u00a0\u00a0tendencias y estrategias m\u00e1s innovadoras en marketing y ventas: desde c\u00f3mo comunicar y posicionar una marca en [&hellip;]","og_url":"https:\/\/www.uaga.eus\/26-de-noviembre-jornada-sobre-comercializacion-en-el-sector-del-vino\/","og_site_name":"UAGA","article_published_time":"2025-11-21T11:20:50+00:00","article_modified_time":"2025-11-21T11:21:33+00:00","og_image":[{"width":697,"height":355,"url":"https:\/\/www.uaga.eus\/wp-content\/uploads\/2018\/11\/copas-con-vino-tinto-e1541752352717.jpg","type":"image\/jpeg"}],"author":"Blanca S\u00e1nchez","twitter_card":"summary_large_image","twitter_misc":{"Written by":"Blanca S\u00e1nchez","Est. reading time":"1 minutua"},"schema":{"@context":"https:\/\/schema.org","@graph":[{"@type":"WebPage","@id":"https:\/\/www.uaga.eus\/26-de-noviembre-jornada-sobre-comercializacion-en-el-sector-del-vino\/","url":"https:\/\/www.uaga.eus\/26-de-noviembre-jornada-sobre-comercializacion-en-el-sector-del-vino\/","name":"Azaroaren 26an, ardoaren sektoreko merkaturatzeari buruzko jardunaldia - UAGA","isPartOf":{"@id":"https:\/\/www.uaga.eus\/#website"},"datePublished":"2025-11-21T11:20:50+00:00","dateModified":"2025-11-21T11:21:33+00:00","author":{"@id":"https:\/\/www.uaga.eus\/#\/schema\/person\/48c3cbf0f33d1b788226dbb6518689cf"},"breadcrumb":{"@id":"https:\/\/www.uaga.eus\/26-de-noviembre-jornada-sobre-comercializacion-en-el-sector-del-vino\/#breadcrumb"},"inLanguage":"eu","potentialAction":[{"@type":"ReadAction","target":["https:\/\/www.uaga.eus\/26-de-noviembre-jornada-sobre-comercializacion-en-el-sector-del-vino\/"]}]},{"@type":"BreadcrumbList","@id":"https:\/\/www.uaga.eus\/26-de-noviembre-jornada-sobre-comercializacion-en-el-sector-del-vino\/#breadcrumb","itemListElement":[{"@type":"ListItem","position":1,"name":"Inicio","item":"https:\/\/www.uaga.eus\/"},{"@type":"ListItem","position":2,"name":"26 de noviembre, jornada sobre comercializaci\u00f3n en el sector del vino"}]},{"@type":"WebSite","@id":"https:\/\/www.uaga.eus\/#website","url":"https:\/\/www.uaga.eus\/","name":"UAGA","description":"Uni\u00f3n Agroganadera de \u00c1lava - Araba Nekazarien Elkartea","potentialAction":[{"@type":"SearchAction","target":{"@type":"EntryPoint","urlTemplate":"https:\/\/www.uaga.eus\/?s={search_term_string}"},"query-input":"required name=search_term_string"}],"inLanguage":"eu"},{"@type":"Person","@id":"https:\/\/www.uaga.eus\/#\/schema\/person\/48c3cbf0f33d1b788226dbb6518689cf","name":"Blanca S\u00e1nchez","image":{"@type":"ImageObject","inLanguage":"eu","@id":"https:\/\/www.uaga.eus\/#\/schema\/person\/image\/","url":"https:\/\/secure.gravatar.com\/avatar\/0dc91c20648254b1ce84877283f6751b?s=96&d=mm&r=g","contentUrl":"https:\/\/secure.gravatar.com\/avatar\/0dc91c20648254b1ce84877283f6751b?s=96&d=mm&r=g","caption":"Blanca S\u00e1nchez"},"url":"https:\/\/www.uaga.eus\/eu\/author\/bsanchez\/"}]}},"_links":{"self":[{"href":"https:\/\/www.uaga.eus\/eu\/wp-json\/wp\/v2\/posts\/14289"}],"collection":[{"href":"https:\/\/www.uaga.eus\/eu\/wp-json\/wp\/v2\/posts"}],"about":[{"href":"https:\/\/www.uaga.eus\/eu\/wp-json\/wp\/v2\/types\/post"}],"author":[{"embeddable":true,"href":"https:\/\/www.uaga.eus\/eu\/wp-json\/wp\/v2\/users\/4"}],"replies":[{"embeddable":true,"href":"https:\/\/www.uaga.eus\/eu\/wp-json\/wp\/v2\/comments?post=14289"}],"version-history":[{"count":1,"href":"https:\/\/www.uaga.eus\/eu\/wp-json\/wp\/v2\/posts\/14289\/revisions"}],"predecessor-version":[{"id":14290,"href":"https:\/\/www.uaga.eus\/eu\/wp-json\/wp\/v2\/posts\/14289\/revisions\/14290"}],"wp:featuredmedia":[{"embeddable":true,"href":"https:\/\/www.uaga.eus\/eu\/wp-json\/wp\/v2\/media\/4817"}],"wp:attachment":[{"href":"https:\/\/www.uaga.eus\/eu\/wp-json\/wp\/v2\/media?parent=14289"}],"wp:term":[{"taxonomy":"category","embeddable":true,"href":"https:\/\/www.uaga.eus\/eu\/wp-json\/wp\/v2\/categories?post=14289"},{"taxonomy":"post_tag","embeddable":true,"href":"https:\/\/www.uaga.eus\/eu\/wp-json\/wp\/v2\/tags?post=14289"}],"curies":[{"name":"wp","href":"https:\/\/api.w.org\/{rel}","templated":true}]}}