{"id":14272,"date":"2025-11-14T12:46:23","date_gmt":"2025-11-14T12:46:23","guid":{"rendered":"https:\/\/www.uaga.eus\/?p=14272"},"modified":"2025-11-14T12:46:34","modified_gmt":"2025-11-14T12:46:34","slug":"finalizada-la-campana-de-temporerismo-sin-problemas-de-mano-de-obra-este-ano","status":"publish","type":"post","link":"https:\/\/www.uaga.eus\/eu\/finalizada-la-campana-de-temporerismo-sin-problemas-de-mano-de-obra-este-ano\/","title":{"rendered":"Sasoikako lanaren kanpaina amaitu da, eskulan arazorik gabe aurten"},"content":{"rendered":"<p>Esta semana UAGA ha realizado la reuni\u00f3n de valoraci\u00f3n de la campa\u00f1a de temporerismo con los participantes del programa. Este a\u00f1o se han gestionado las necesidades de 92 empresas de Rioja Alavesa y se ha contratado a 362 personas temporeras.<\/p>\n<p>Como aspectos generales, cabe destacar que este a\u00f1o\u00a0ha habido\u00a0una mayor disponibilidad de personas, debido fundamentalmente al menor solapamiento con otras campa\u00f1as de Rioja Baja, Catalu\u00f1a y Arag\u00f3n, donde adem\u00e1s han tenido producciones muy bajas. Ha\u00a0sido una campa\u00f1a muy larga en el tiempo, comenzando el d\u00eda 8 de septiembre y finalizando el 17 de octubre, en las que las condiciones meteorol\u00f3gicas han sido muy estables, permitiendo un mayor escalonamiento en las necesidades de las cuadrillas entre las zonas m\u00e1s tempranas y las m\u00e1s tard\u00edas, lo que ha supuesto una mejor gesti\u00f3n de las mismas.<\/p>\n<p>En la reuni\u00f3n se valor\u00f3 la medida implementada en precampa\u00f1a de\u00a0\u201cPlus fin de campa\u00f1a\u201d salarial. En l\u00edneas generales, aunque se reconoci\u00f3 el aumento de costes, las personas participantes consideraron que ha sido una medida positiva para retener a las cuadrillas en la zona y que no se marcharan a causa de\u00a0los parones de varios d\u00edas obligados por las bodegas.<\/p>\n<p>Tambi\u00e9n se debatieron otras cuestiones salariales, como la posibilidad de\u00a0subir el destajo para fomentarlo o mantener un equilibrio con el salario bruto por hora como hasta ahora. Tambi\u00e9n se destac\u00f3 el descenso de cuadrillas profesionales destajistas\u00a0y la opci\u00f3n de aceptar a futuro cuadrillas sin disponibilidad de veh\u00edculo.<\/p>\n<p>Por \u00faltimo, se record\u00f3 a los participantes del Programa de Temporerismo que deben ponerse en contacto con\u00a0la oficina de Laguardia para indicar si est\u00e1n en el r\u00e9gimen general o en el r\u00e9gimen especial agrario.<\/p>\n","protected":false},"excerpt":{"rendered":"<p>Esta semana UAGA ha realizado la reuni\u00f3n de valoraci\u00f3n de la campa\u00f1a de temporerismo con los participantes del programa. Este a\u00f1o se han gestionado las necesidades de 92 empresas de Rioja Alavesa y se ha contratado a 362 personas temporeras. Como aspectos generales, cabe destacar que este a\u00f1o\u00a0ha habido\u00a0una mayor disponibilidad de personas, debido fundamentalmente [&hellip;]<\/p>\n","protected":false},"author":4,"featured_media":14258,"comment_status":"closed","ping_status":"closed","sticky":false,"template":"","format":"standard","meta":{"footnotes":""},"categories":[7,9],"tags":[],"yoast_head":"<!-- This site is optimized with the Yoast SEO plugin v21.5 - https:\/\/yoast.com\/wordpress\/plugins\/seo\/ -->\n<title>Sasoikako lanaren kanpaina amaitu da, eskulan arazorik gabe aurten - UAGA<\/title>\n<meta name=\"robots\" content=\"index, follow, max-snippet:-1, max-image-preview:large, max-video-preview:-1\" \/>\n<link rel=\"canonical\" href=\"https:\/\/www.uaga.eus\/finalizada-la-campana-de-temporerismo-sin-problemas-de-mano-de-obra-este-ano\/\" \/>\n<meta property=\"og:locale\" content=\"en_US\" \/>\n<meta property=\"og:type\" content=\"article\" \/>\n<meta property=\"og:title\" content=\"Sasoikako lanaren kanpaina amaitu da, eskulan arazorik gabe aurten - UAGA\" \/>\n<meta property=\"og:description\" content=\"Esta semana UAGA ha realizado la reuni\u00f3n de valoraci\u00f3n de la campa\u00f1a de temporerismo con los participantes del programa. Este a\u00f1o se han gestionado las necesidades de 92 empresas de Rioja Alavesa y se ha contratado a 362 personas temporeras. Como aspectos generales, cabe destacar que este a\u00f1o\u00a0ha habido\u00a0una mayor disponibilidad de personas, debido fundamentalmente [&hellip;]\" \/>\n<meta property=\"og:url\" content=\"https:\/\/www.uaga.eus\/finalizada-la-campana-de-temporerismo-sin-problemas-de-mano-de-obra-este-ano\/\" \/>\n<meta property=\"og:site_name\" content=\"UAGA\" \/>\n<meta property=\"article:published_time\" content=\"2025-11-14T12:46:23+00:00\" \/>\n<meta property=\"article:modified_time\" content=\"2025-11-14T12:46:34+00:00\" \/>\n<meta property=\"og:image\" content=\"https:\/\/www.uaga.eus\/wp-content\/uploads\/2025\/11\/temporeros-vendimia-2024.png\" \/>\n\t<meta property=\"og:image:width\" content=\"650\" \/>\n\t<meta property=\"og:image:height\" content=\"403\" \/>\n\t<meta property=\"og:image:type\" content=\"image\/png\" \/>\n<meta name=\"author\" content=\"Blanca S\u00e1nchez\" \/>\n<meta name=\"twitter:card\" content=\"summary_large_image\" \/>\n<meta name=\"twitter:label1\" content=\"Written by\" \/>\n\t<meta name=\"twitter:data1\" content=\"Blanca S\u00e1nchez\" \/>\n\t<meta name=\"twitter:label2\" content=\"Est. reading time\" \/>\n\t<meta name=\"twitter:data2\" content=\"2 minutua\" \/>\n<script type=\"application\/ld+json\" class=\"yoast-schema-graph\">{\"@context\":\"https:\/\/schema.org\",\"@graph\":[{\"@type\":\"WebPage\",\"@id\":\"https:\/\/www.uaga.eus\/finalizada-la-campana-de-temporerismo-sin-problemas-de-mano-de-obra-este-ano\/\",\"url\":\"https:\/\/www.uaga.eus\/finalizada-la-campana-de-temporerismo-sin-problemas-de-mano-de-obra-este-ano\/\",\"name\":\"Sasoikako lanaren kanpaina amaitu da, eskulan arazorik gabe aurten - UAGA\",\"isPartOf\":{\"@id\":\"https:\/\/www.uaga.eus\/#website\"},\"datePublished\":\"2025-11-14T12:46:23+00:00\",\"dateModified\":\"2025-11-14T12:46:34+00:00\",\"author\":{\"@id\":\"https:\/\/www.uaga.eus\/#\/schema\/person\/48c3cbf0f33d1b788226dbb6518689cf\"},\"breadcrumb\":{\"@id\":\"https:\/\/www.uaga.eus\/finalizada-la-campana-de-temporerismo-sin-problemas-de-mano-de-obra-este-ano\/#breadcrumb\"},\"inLanguage\":\"eu\",\"potentialAction\":[{\"@type\":\"ReadAction\",\"target\":[\"https:\/\/www.uaga.eus\/finalizada-la-campana-de-temporerismo-sin-problemas-de-mano-de-obra-este-ano\/\"]}]},{\"@type\":\"BreadcrumbList\",\"@id\":\"https:\/\/www.uaga.eus\/finalizada-la-campana-de-temporerismo-sin-problemas-de-mano-de-obra-este-ano\/#breadcrumb\",\"itemListElement\":[{\"@type\":\"ListItem\",\"position\":1,\"name\":\"Inicio\",\"item\":\"https:\/\/www.uaga.eus\/\"},{\"@type\":\"ListItem\",\"position\":2,\"name\":\"Finalizada la campa\u00f1a de temporerismo, sin problemas de mano de obra este a\u00f1o\"}]},{\"@type\":\"WebSite\",\"@id\":\"https:\/\/www.uaga.eus\/#website\",\"url\":\"https:\/\/www.uaga.eus\/\",\"name\":\"UAGA\",\"description\":\"Uni\u00f3n Agroganadera de \u00c1lava - Araba Nekazarien Elkartea\",\"potentialAction\":[{\"@type\":\"SearchAction\",\"target\":{\"@type\":\"EntryPoint\",\"urlTemplate\":\"https:\/\/www.uaga.eus\/?s={search_term_string}\"},\"query-input\":\"required name=search_term_string\"}],\"inLanguage\":\"eu\"},{\"@type\":\"Person\",\"@id\":\"https:\/\/www.uaga.eus\/#\/schema\/person\/48c3cbf0f33d1b788226dbb6518689cf\",\"name\":\"Blanca S\u00e1nchez\",\"image\":{\"@type\":\"ImageObject\",\"inLanguage\":\"eu\",\"@id\":\"https:\/\/www.uaga.eus\/#\/schema\/person\/image\/\",\"url\":\"https:\/\/secure.gravatar.com\/avatar\/0dc91c20648254b1ce84877283f6751b?s=96&d=mm&r=g\",\"contentUrl\":\"https:\/\/secure.gravatar.com\/avatar\/0dc91c20648254b1ce84877283f6751b?s=96&d=mm&r=g\",\"caption\":\"Blanca S\u00e1nchez\"},\"url\":\"https:\/\/www.uaga.eus\/eu\/author\/bsanchez\/\"}]}<\/script>\n<!-- \/ Yoast SEO plugin. -->","yoast_head_json":{"title":"Sasoikako lanaren kanpaina amaitu da, eskulan arazorik gabe aurten - UAGA","robots":{"index":"index","follow":"follow","max-snippet":"max-snippet:-1","max-image-preview":"max-image-preview:large","max-video-preview":"max-video-preview:-1"},"canonical":"https:\/\/www.uaga.eus\/finalizada-la-campana-de-temporerismo-sin-problemas-de-mano-de-obra-este-ano\/","og_locale":"en_US","og_type":"article","og_title":"Sasoikako lanaren kanpaina amaitu da, eskulan arazorik gabe aurten - UAGA","og_description":"Esta semana UAGA ha realizado la reuni\u00f3n de valoraci\u00f3n de la campa\u00f1a de temporerismo con los participantes del programa. Este a\u00f1o se han gestionado las necesidades de 92 empresas de Rioja Alavesa y se ha contratado a 362 personas temporeras. Como aspectos generales, cabe destacar que este a\u00f1o\u00a0ha habido\u00a0una mayor disponibilidad de personas, debido fundamentalmente [&hellip;]","og_url":"https:\/\/www.uaga.eus\/finalizada-la-campana-de-temporerismo-sin-problemas-de-mano-de-obra-este-ano\/","og_site_name":"UAGA","article_published_time":"2025-11-14T12:46:23+00:00","article_modified_time":"2025-11-14T12:46:34+00:00","og_image":[{"width":650,"height":403,"url":"https:\/\/www.uaga.eus\/wp-content\/uploads\/2025\/11\/temporeros-vendimia-2024.png","type":"image\/png"}],"author":"Blanca S\u00e1nchez","twitter_card":"summary_large_image","twitter_misc":{"Written by":"Blanca S\u00e1nchez","Est. reading time":"2 minutua"},"schema":{"@context":"https:\/\/schema.org","@graph":[{"@type":"WebPage","@id":"https:\/\/www.uaga.eus\/finalizada-la-campana-de-temporerismo-sin-problemas-de-mano-de-obra-este-ano\/","url":"https:\/\/www.uaga.eus\/finalizada-la-campana-de-temporerismo-sin-problemas-de-mano-de-obra-este-ano\/","name":"Sasoikako lanaren kanpaina amaitu da, eskulan arazorik gabe aurten - UAGA","isPartOf":{"@id":"https:\/\/www.uaga.eus\/#website"},"datePublished":"2025-11-14T12:46:23+00:00","dateModified":"2025-11-14T12:46:34+00:00","author":{"@id":"https:\/\/www.uaga.eus\/#\/schema\/person\/48c3cbf0f33d1b788226dbb6518689cf"},"breadcrumb":{"@id":"https:\/\/www.uaga.eus\/finalizada-la-campana-de-temporerismo-sin-problemas-de-mano-de-obra-este-ano\/#breadcrumb"},"inLanguage":"eu","potentialAction":[{"@type":"ReadAction","target":["https:\/\/www.uaga.eus\/finalizada-la-campana-de-temporerismo-sin-problemas-de-mano-de-obra-este-ano\/"]}]},{"@type":"BreadcrumbList","@id":"https:\/\/www.uaga.eus\/finalizada-la-campana-de-temporerismo-sin-problemas-de-mano-de-obra-este-ano\/#breadcrumb","itemListElement":[{"@type":"ListItem","position":1,"name":"Inicio","item":"https:\/\/www.uaga.eus\/"},{"@type":"ListItem","position":2,"name":"Finalizada la campa\u00f1a de temporerismo, sin problemas de mano de obra este a\u00f1o"}]},{"@type":"WebSite","@id":"https:\/\/www.uaga.eus\/#website","url":"https:\/\/www.uaga.eus\/","name":"UAGA","description":"Uni\u00f3n Agroganadera de \u00c1lava - Araba Nekazarien Elkartea","potentialAction":[{"@type":"SearchAction","target":{"@type":"EntryPoint","urlTemplate":"https:\/\/www.uaga.eus\/?s={search_term_string}"},"query-input":"required name=search_term_string"}],"inLanguage":"eu"},{"@type":"Person","@id":"https:\/\/www.uaga.eus\/#\/schema\/person\/48c3cbf0f33d1b788226dbb6518689cf","name":"Blanca S\u00e1nchez","image":{"@type":"ImageObject","inLanguage":"eu","@id":"https:\/\/www.uaga.eus\/#\/schema\/person\/image\/","url":"https:\/\/secure.gravatar.com\/avatar\/0dc91c20648254b1ce84877283f6751b?s=96&d=mm&r=g","contentUrl":"https:\/\/secure.gravatar.com\/avatar\/0dc91c20648254b1ce84877283f6751b?s=96&d=mm&r=g","caption":"Blanca S\u00e1nchez"},"url":"https:\/\/www.uaga.eus\/eu\/author\/bsanchez\/"}]}},"_links":{"self":[{"href":"https:\/\/www.uaga.eus\/eu\/wp-json\/wp\/v2\/posts\/14272"}],"collection":[{"href":"https:\/\/www.uaga.eus\/eu\/wp-json\/wp\/v2\/posts"}],"about":[{"href":"https:\/\/www.uaga.eus\/eu\/wp-json\/wp\/v2\/types\/post"}],"author":[{"embeddable":true,"href":"https:\/\/www.uaga.eus\/eu\/wp-json\/wp\/v2\/users\/4"}],"replies":[{"embeddable":true,"href":"https:\/\/www.uaga.eus\/eu\/wp-json\/wp\/v2\/comments?post=14272"}],"version-history":[{"count":1,"href":"https:\/\/www.uaga.eus\/eu\/wp-json\/wp\/v2\/posts\/14272\/revisions"}],"predecessor-version":[{"id":14273,"href":"https:\/\/www.uaga.eus\/eu\/wp-json\/wp\/v2\/posts\/14272\/revisions\/14273"}],"wp:featuredmedia":[{"embeddable":true,"href":"https:\/\/www.uaga.eus\/eu\/wp-json\/wp\/v2\/media\/14258"}],"wp:attachment":[{"href":"https:\/\/www.uaga.eus\/eu\/wp-json\/wp\/v2\/media?parent=14272"}],"wp:term":[{"taxonomy":"category","embeddable":true,"href":"https:\/\/www.uaga.eus\/eu\/wp-json\/wp\/v2\/categories?post=14272"},{"taxonomy":"post_tag","embeddable":true,"href":"https:\/\/www.uaga.eus\/eu\/wp-json\/wp\/v2\/tags?post=14272"}],"curies":[{"name":"wp","href":"https:\/\/api.w.org\/{rel}","templated":true}]}}