{"id":14230,"date":"2025-11-21T11:11:46","date_gmt":"2025-11-21T11:11:46","guid":{"rendered":"https:\/\/www.uaga.eus\/?p=14230"},"modified":"2025-11-21T11:18:00","modified_gmt":"2025-11-21T11:18:00","slug":"talleres-practicos-sobre-gestion-economica-agraria","status":"publish","type":"post","link":"https:\/\/www.uaga.eus\/eu\/talleres-practicos-sobre-gestion-economica-agraria\/","title":{"rendered":"Nekazaritzako ekonomia-kudeaketari buruzko tailer praktikoak"},"content":{"rendered":"<p>La Diputaci\u00f3n Foral de \u00c1lava ha organizado unos talleres pr\u00e1cticos sobre gesti\u00f3n econ\u00f3mica, dirigidos a las personas agricultoras y ganaderas de \u00c1lava que deseen mejorar la gesti\u00f3n de su explotaci\u00f3n y ganar control sobre el futuro de la misma.<\/p>\n<p>A trav\u00e9s de ejemplos reales, herramientas sencillas y el apoyo de tu asesor\u00eda o centro de gesti\u00f3n, aprender\u00e1s a:<\/p>\n<ul>\n<li>Distinguir entre ingresos, gastos, cobros y pagos (y por qu\u00e9 no son lo mismo).<\/li>\n<li>Interpretar tus cuentas de explotaci\u00f3n, tesorer\u00eda y balance con ojos de agricultor, no de contable.<\/li>\n<li>Calcular tu umbral de rentabilidad, es decir, saber cu\u00e1ntos kilos, litros o cabezas necesitas vender para cubrir costes y empezar a ganar.<\/li>\n<li>Planificar la campa\u00f1a con una visi\u00f3n previsional, no reactiva.<\/li>\n<li>Detectar desviaciones y preparar planes de mejora realistas.<\/li>\n<li>Trabajar codo a codo con tu asesor\u00eda para que sus informes sirvan de verdad para tomar decisiones.<\/li>\n<\/ul>\n<p>Los talleres se realizar\u00e1n en las fechas y lugares que se detallan a continuaci\u00f3n. Para inscribirse, pinchad el enlace de cada cuadrilla:<\/p>\n<table class=\" cke_show_border\" border=\"0\" width=\"586\" cellspacing=\"0\" cellpadding=\"0\">\n<tbody>\n<tr>\n<td>\n<table class=\" cke_show_border\" border=\"0\" width=\"586\" cellspacing=\"0\" cellpadding=\"0\">\n<tbody>\n<tr>\n<td><strong>KOADRILA<\/strong><\/td>\n<td><strong>HERRIA<\/strong><\/td>\n<td><strong>TOKIA<\/strong><\/td>\n<td><strong>EGUNA<\/strong><\/td>\n<\/tr>\n<tr>\n<td><a href=\"https:\/\/fpe.hazi.eus\/detalle-curso-inicio\/01%2F2025%2FFG%2F0348\/\" target=\"_blank\" rel=\"noopener\" data-cke-saved-href=\"https:\/\/fpe.hazi.eus\/detalle-curso-inicio\/01%2F2025%2FFG%2F0348\/\">MONTA\u00d1A<\/a><\/td>\n<td>MAEZTU<\/td>\n<td>Ayuntamiento<\/td>\n<td>\u00a0 24\/11-1\/12<\/td>\n<\/tr>\n<tr>\n<td><a href=\"https:\/\/fpe.hazi.eus\/detalle-curso-inicio\/01%2F2025%2FFG%2F0349\/\" target=\"_blank\" rel=\"noopener\" data-cke-saved-href=\"https:\/\/fpe.hazi.eus\/detalle-curso-inicio\/01%2F2025%2FFG%2F0349\/\">RIOJA ALAVESA<\/a><\/td>\n<td>LAGUARDIA<\/td>\n<td>Sede de la Cuadrilla<\/td>\n<td>\u00a0 25\/11-2\/12<\/td>\n<\/tr>\n<tr>\n<td><a href=\"https:\/\/fpe.hazi.eus\/detalle-curso-inicio\/01%2F2025%2FFG%2F0350\/\" target=\"_blank\" rel=\"noopener\" data-cke-saved-href=\"https:\/\/fpe.hazi.eus\/detalle-curso-inicio\/01%2F2025%2FFG%2F0350\/\">GORBEIALDE<\/a><\/td>\n<td>GOPEGI<\/td>\n<td>Centro Socio-Cultural \u00a0Zigoitia.<\/td>\n<td>\u00a0 26\/11- 3\/12<\/td>\n<\/tr>\n<tr>\n<td><a href=\"https:\/\/fpe.hazi.eus\/detalle-curso-inicio\/01%2F2025%2FFG%2F0351\/\" target=\"_blank\" rel=\"noopener\" data-cke-saved-href=\"https:\/\/fpe.hazi.eus\/detalle-curso-inicio\/01%2F2025%2FFG%2F0351\/\">AYALA<\/a><\/td>\n<td>RESPALDIZA<\/td>\n<td>Ayuntamiento<\/td>\n<td>\u00a0 27\/11-4\/12<\/td>\n<\/tr>\n<tr>\n<td><a href=\"https:\/\/fpe.hazi.eus\/detalle-curso-inicio\/01%2F2025%2FFG%2F0352\/\" target=\"_blank\" rel=\"noopener\" data-cke-saved-href=\"https:\/\/fpe.hazi.eus\/detalle-curso-inicio\/01%2F2025%2FFG%2F0352\/\">VALLES<\/a><\/td>\n<td>RIBABELLOSA<\/td>\n<td>Ayuntamiento<\/td>\n<td>\u00a0 9\/12-16\/12<\/td>\n<\/tr>\n<tr>\n<td><a href=\"https:\/\/fpe.hazi.eus\/detalle-curso-inicio\/01%2F2025%2FFG%2F0353\/\" target=\"_blank\" rel=\"noopener\" data-cke-saved-href=\"https:\/\/fpe.hazi.eus\/detalle-curso-inicio\/01%2F2025%2FFG%2F0353\/\">VITORIA<\/a><\/td>\n<td>ARKAUTE<\/td>\n<td>Sala Capilla<\/td>\n<td>\u00a0 11\/12-18\/12<\/td>\n<\/tr>\n<tr>\n<td><a href=\"https:\/\/fpe.hazi.eus\/detalle-curso-inicio\/01%2F2025%2FFG%2F0354\/\" target=\"_blank\" rel=\"noopener\" data-cke-saved-href=\"https:\/\/fpe.hazi.eus\/detalle-curso-inicio\/01%2F2025%2FFG%2F0354\/\">LAUTADA<\/a><\/td>\n<td>AZILU<\/td>\n<td>Calle \u00fanica, 4 Azilu,<\/td>\n<td>\u00a0 10\/12-17\/12<\/td>\n<\/tr>\n<\/tbody>\n<\/table>\n<\/td>\n<\/tr>\n<\/tbody>\n<\/table>\n<p><\/p>","protected":false},"excerpt":{"rendered":"<p>La Diputaci\u00f3n Foral de \u00c1lava ha organizado unos talleres pr\u00e1cticos sobre gesti\u00f3n econ\u00f3mica, dirigidos a las personas agricultoras y ganaderas de \u00c1lava que deseen mejorar la gesti\u00f3n de su explotaci\u00f3n y ganar control sobre el futuro de la misma. A trav\u00e9s de ejemplos reales, herramientas sencillas y el apoyo de tu asesor\u00eda o centro de [&hellip;]<\/p>\n","protected":false},"author":4,"featured_media":10175,"comment_status":"closed","ping_status":"closed","sticky":false,"template":"","format":"standard","meta":{"footnotes":""},"categories":[38],"tags":[],"yoast_head":"<!-- This site is optimized with the Yoast SEO plugin v21.5 - https:\/\/yoast.com\/wordpress\/plugins\/seo\/ -->\n<title>Nekazaritzako ekonomia-kudeaketari buruzko tailer praktikoak - UAGA<\/title>\n<meta name=\"robots\" content=\"index, follow, max-snippet:-1, max-image-preview:large, max-video-preview:-1\" \/>\n<link rel=\"canonical\" href=\"https:\/\/www.uaga.eus\/talleres-practicos-sobre-gestion-economica-agraria\/\" \/>\n<meta property=\"og:locale\" content=\"en_US\" \/>\n<meta property=\"og:type\" content=\"article\" \/>\n<meta property=\"og:title\" content=\"Nekazaritzako ekonomia-kudeaketari buruzko tailer praktikoak - UAGA\" \/>\n<meta property=\"og:description\" content=\"La Diputaci\u00f3n Foral de \u00c1lava ha organizado unos talleres pr\u00e1cticos sobre gesti\u00f3n econ\u00f3mica, dirigidos a las personas agricultoras y ganaderas de \u00c1lava que deseen mejorar la gesti\u00f3n de su explotaci\u00f3n y ganar control sobre el futuro de la misma. A trav\u00e9s de ejemplos reales, herramientas sencillas y el apoyo de tu asesor\u00eda o centro de [&hellip;]\" \/>\n<meta property=\"og:url\" content=\"https:\/\/www.uaga.eus\/talleres-practicos-sobre-gestion-economica-agraria\/\" \/>\n<meta property=\"og:site_name\" content=\"UAGA\" \/>\n<meta property=\"article:published_time\" content=\"2025-11-21T11:11:46+00:00\" \/>\n<meta property=\"article:modified_time\" content=\"2025-11-21T11:18:00+00:00\" \/>\n<meta property=\"og:image\" content=\"https:\/\/www.uaga.eus\/wp-content\/uploads\/2022\/05\/calculadora-negocio-economia-e1653048405279.jpg\" \/>\n\t<meta property=\"og:image:width\" content=\"650\" \/>\n\t<meta property=\"og:image:height\" content=\"354\" \/>\n\t<meta property=\"og:image:type\" content=\"image\/jpeg\" \/>\n<meta name=\"author\" content=\"Blanca S\u00e1nchez\" \/>\n<meta name=\"twitter:card\" content=\"summary_large_image\" \/>\n<meta name=\"twitter:label1\" content=\"Written by\" \/>\n\t<meta name=\"twitter:data1\" content=\"Blanca S\u00e1nchez\" \/>\n\t<meta name=\"twitter:label2\" content=\"Est. reading time\" \/>\n\t<meta name=\"twitter:data2\" content=\"2 minutua\" \/>\n<script type=\"application\/ld+json\" class=\"yoast-schema-graph\">{\"@context\":\"https:\/\/schema.org\",\"@graph\":[{\"@type\":\"WebPage\",\"@id\":\"https:\/\/www.uaga.eus\/talleres-practicos-sobre-gestion-economica-agraria\/\",\"url\":\"https:\/\/www.uaga.eus\/talleres-practicos-sobre-gestion-economica-agraria\/\",\"name\":\"Nekazaritzako ekonomia-kudeaketari buruzko tailer praktikoak - UAGA\",\"isPartOf\":{\"@id\":\"https:\/\/www.uaga.eus\/#website\"},\"datePublished\":\"2025-11-21T11:11:46+00:00\",\"dateModified\":\"2025-11-21T11:18:00+00:00\",\"author\":{\"@id\":\"https:\/\/www.uaga.eus\/#\/schema\/person\/48c3cbf0f33d1b788226dbb6518689cf\"},\"breadcrumb\":{\"@id\":\"https:\/\/www.uaga.eus\/talleres-practicos-sobre-gestion-economica-agraria\/#breadcrumb\"},\"inLanguage\":\"eu\",\"potentialAction\":[{\"@type\":\"ReadAction\",\"target\":[\"https:\/\/www.uaga.eus\/talleres-practicos-sobre-gestion-economica-agraria\/\"]}]},{\"@type\":\"BreadcrumbList\",\"@id\":\"https:\/\/www.uaga.eus\/talleres-practicos-sobre-gestion-economica-agraria\/#breadcrumb\",\"itemListElement\":[{\"@type\":\"ListItem\",\"position\":1,\"name\":\"Inicio\",\"item\":\"https:\/\/www.uaga.eus\/\"},{\"@type\":\"ListItem\",\"position\":2,\"name\":\"Talleres pr\u00e1cticos sobre gesti\u00f3n econ\u00f3mica agraria\"}]},{\"@type\":\"WebSite\",\"@id\":\"https:\/\/www.uaga.eus\/#website\",\"url\":\"https:\/\/www.uaga.eus\/\",\"name\":\"UAGA\",\"description\":\"Uni\u00f3n Agroganadera de \u00c1lava - Araba Nekazarien Elkartea\",\"potentialAction\":[{\"@type\":\"SearchAction\",\"target\":{\"@type\":\"EntryPoint\",\"urlTemplate\":\"https:\/\/www.uaga.eus\/?s={search_term_string}\"},\"query-input\":\"required name=search_term_string\"}],\"inLanguage\":\"eu\"},{\"@type\":\"Person\",\"@id\":\"https:\/\/www.uaga.eus\/#\/schema\/person\/48c3cbf0f33d1b788226dbb6518689cf\",\"name\":\"Blanca S\u00e1nchez\",\"image\":{\"@type\":\"ImageObject\",\"inLanguage\":\"eu\",\"@id\":\"https:\/\/www.uaga.eus\/#\/schema\/person\/image\/\",\"url\":\"https:\/\/secure.gravatar.com\/avatar\/0dc91c20648254b1ce84877283f6751b?s=96&d=mm&r=g\",\"contentUrl\":\"https:\/\/secure.gravatar.com\/avatar\/0dc91c20648254b1ce84877283f6751b?s=96&d=mm&r=g\",\"caption\":\"Blanca S\u00e1nchez\"},\"url\":\"https:\/\/www.uaga.eus\/eu\/author\/bsanchez\/\"}]}<\/script>\n<!-- \/ Yoast SEO plugin. -->","yoast_head_json":{"title":"Nekazaritzako ekonomia-kudeaketari buruzko tailer praktikoak - UAGA","robots":{"index":"index","follow":"follow","max-snippet":"max-snippet:-1","max-image-preview":"max-image-preview:large","max-video-preview":"max-video-preview:-1"},"canonical":"https:\/\/www.uaga.eus\/talleres-practicos-sobre-gestion-economica-agraria\/","og_locale":"en_US","og_type":"article","og_title":"Nekazaritzako ekonomia-kudeaketari buruzko tailer praktikoak - UAGA","og_description":"La Diputaci\u00f3n Foral de \u00c1lava ha organizado unos talleres pr\u00e1cticos sobre gesti\u00f3n econ\u00f3mica, dirigidos a las personas agricultoras y ganaderas de \u00c1lava que deseen mejorar la gesti\u00f3n de su explotaci\u00f3n y ganar control sobre el futuro de la misma. A trav\u00e9s de ejemplos reales, herramientas sencillas y el apoyo de tu asesor\u00eda o centro de [&hellip;]","og_url":"https:\/\/www.uaga.eus\/talleres-practicos-sobre-gestion-economica-agraria\/","og_site_name":"UAGA","article_published_time":"2025-11-21T11:11:46+00:00","article_modified_time":"2025-11-21T11:18:00+00:00","og_image":[{"width":650,"height":354,"url":"https:\/\/www.uaga.eus\/wp-content\/uploads\/2022\/05\/calculadora-negocio-economia-e1653048405279.jpg","type":"image\/jpeg"}],"author":"Blanca S\u00e1nchez","twitter_card":"summary_large_image","twitter_misc":{"Written by":"Blanca S\u00e1nchez","Est. reading time":"2 minutua"},"schema":{"@context":"https:\/\/schema.org","@graph":[{"@type":"WebPage","@id":"https:\/\/www.uaga.eus\/talleres-practicos-sobre-gestion-economica-agraria\/","url":"https:\/\/www.uaga.eus\/talleres-practicos-sobre-gestion-economica-agraria\/","name":"Nekazaritzako ekonomia-kudeaketari buruzko tailer praktikoak - UAGA","isPartOf":{"@id":"https:\/\/www.uaga.eus\/#website"},"datePublished":"2025-11-21T11:11:46+00:00","dateModified":"2025-11-21T11:18:00+00:00","author":{"@id":"https:\/\/www.uaga.eus\/#\/schema\/person\/48c3cbf0f33d1b788226dbb6518689cf"},"breadcrumb":{"@id":"https:\/\/www.uaga.eus\/talleres-practicos-sobre-gestion-economica-agraria\/#breadcrumb"},"inLanguage":"eu","potentialAction":[{"@type":"ReadAction","target":["https:\/\/www.uaga.eus\/talleres-practicos-sobre-gestion-economica-agraria\/"]}]},{"@type":"BreadcrumbList","@id":"https:\/\/www.uaga.eus\/talleres-practicos-sobre-gestion-economica-agraria\/#breadcrumb","itemListElement":[{"@type":"ListItem","position":1,"name":"Inicio","item":"https:\/\/www.uaga.eus\/"},{"@type":"ListItem","position":2,"name":"Talleres pr\u00e1cticos sobre gesti\u00f3n econ\u00f3mica agraria"}]},{"@type":"WebSite","@id":"https:\/\/www.uaga.eus\/#website","url":"https:\/\/www.uaga.eus\/","name":"UAGA","description":"Uni\u00f3n Agroganadera de \u00c1lava - Araba Nekazarien Elkartea","potentialAction":[{"@type":"SearchAction","target":{"@type":"EntryPoint","urlTemplate":"https:\/\/www.uaga.eus\/?s={search_term_string}"},"query-input":"required name=search_term_string"}],"inLanguage":"eu"},{"@type":"Person","@id":"https:\/\/www.uaga.eus\/#\/schema\/person\/48c3cbf0f33d1b788226dbb6518689cf","name":"Blanca S\u00e1nchez","image":{"@type":"ImageObject","inLanguage":"eu","@id":"https:\/\/www.uaga.eus\/#\/schema\/person\/image\/","url":"https:\/\/secure.gravatar.com\/avatar\/0dc91c20648254b1ce84877283f6751b?s=96&d=mm&r=g","contentUrl":"https:\/\/secure.gravatar.com\/avatar\/0dc91c20648254b1ce84877283f6751b?s=96&d=mm&r=g","caption":"Blanca S\u00e1nchez"},"url":"https:\/\/www.uaga.eus\/eu\/author\/bsanchez\/"}]}},"_links":{"self":[{"href":"https:\/\/www.uaga.eus\/eu\/wp-json\/wp\/v2\/posts\/14230"}],"collection":[{"href":"https:\/\/www.uaga.eus\/eu\/wp-json\/wp\/v2\/posts"}],"about":[{"href":"https:\/\/www.uaga.eus\/eu\/wp-json\/wp\/v2\/types\/post"}],"author":[{"embeddable":true,"href":"https:\/\/www.uaga.eus\/eu\/wp-json\/wp\/v2\/users\/4"}],"replies":[{"embeddable":true,"href":"https:\/\/www.uaga.eus\/eu\/wp-json\/wp\/v2\/comments?post=14230"}],"version-history":[{"count":1,"href":"https:\/\/www.uaga.eus\/eu\/wp-json\/wp\/v2\/posts\/14230\/revisions"}],"predecessor-version":[{"id":14231,"href":"https:\/\/www.uaga.eus\/eu\/wp-json\/wp\/v2\/posts\/14230\/revisions\/14231"}],"wp:featuredmedia":[{"embeddable":true,"href":"https:\/\/www.uaga.eus\/eu\/wp-json\/wp\/v2\/media\/10175"}],"wp:attachment":[{"href":"https:\/\/www.uaga.eus\/eu\/wp-json\/wp\/v2\/media?parent=14230"}],"wp:term":[{"taxonomy":"category","embeddable":true,"href":"https:\/\/www.uaga.eus\/eu\/wp-json\/wp\/v2\/categories?post=14230"},{"taxonomy":"post_tag","embeddable":true,"href":"https:\/\/www.uaga.eus\/eu\/wp-json\/wp\/v2\/tags?post=14230"}],"curies":[{"name":"wp","href":"https:\/\/api.w.org\/{rel}","templated":true}]}}