{"id":14180,"date":"2025-10-17T12:05:24","date_gmt":"2025-10-17T12:05:24","guid":{"rendered":"https:\/\/www.uaga.eus\/?p=14180"},"modified":"2025-10-17T12:05:24","modified_gmt":"2025-10-17T12:05:24","slug":"aprueban-varios-cambios-en-la-pac-orientados-a-su-simplificacion","status":"publish","type":"post","link":"https:\/\/www.uaga.eus\/eu\/aprueban-varios-cambios-en-la-pac-orientados-a-su-simplificacion\/","title":{"rendered":"Hainbat aldaketa onartu dituzte NPBn, sinplifikatze asmoz"},"content":{"rendered":"<p>El Consejo de Ministros ha aprobado esta semana\u00a0un real decreto modificando varias disposiciones de la PAC, con el fin de mejorar algunos aspectos que hab\u00edan sido previamente\u00a0consensuados con todas las comunidades aut\u00f3nomas y aprobados por la Comisi\u00f3n Europea.<\/p>\n<p>Se ha aprobado\u00a0la\u00a0simplificaci\u00f3n y una serie de mejoras t\u00e9cnicas de los <strong>ecorreg\u00edmenes<\/strong>, como la eliminaci\u00f3n de\u00a0mantener un 20% de cubiertas vegetales en verano o el establecimiento de un porcentaje \u00fanico del 7 % de espacios de biodiversidad para explotaciones mixtas que combinen distintos tipos de tierras, lo que simplifica su gesti\u00f3n. Se ampl\u00eda el listado de especies mejorantes v\u00e1lidas para la pr\u00e1ctica de rotaci\u00f3n de cultivos y se permite la inclusi\u00f3n de leguminosas plurianuales en zonas de no cosechado, con lo que se ampl\u00edan las opciones de planificaci\u00f3n agron\u00f3mica.<\/p>\n<p>Tambi\u00e9n se ha simplificado\u00a0la gesti\u00f3n de las\u00a0<strong>intervenciones sectoriales<\/strong> de frutas y hortalizas y la vitivin\u00edcola. Adem\u00e1s se han clarificado cuestiones sobre la cesi\u00f3n de <strong>derechos<\/strong>, el control de parcelas y se han flexibilizado plazos para correcci\u00f3n de errores y penalizaciones.<\/p>\n<p>Otro de los aspectos que se ha regulado es la compatibilidad entre la instalaci\u00f3n de paneles solares y agricultura, reconociendo los sistemas <strong>agrivoltaicos<\/strong>. A partir de ahora,\u00a0se podr\u00eda\u00a0instalar paneles solares en tu explotaci\u00f3n sin perder las ayudas PAC.<\/p>\n<p>Puedes consultar aqu\u00ed, la <a href=\"https:\/\/www.mapa.gob.es\/es\/prensa\/ultimas-noticias\/detalle_noticias\/el-consejo-de-ministros-aprueba-las-mejoras-de-la-pac-acordadas-con-las-comunidades-aut-nomas-y-con-la-comisi-n-europea-\/70a3f3ff-80e0-4270-ba48-05f80b1fcc88\" target=\"_blank\" rel=\"noopener\" data-cke-saved-href=\"https:\/\/www.mapa.gob.es\/es\/prensa\/ultimas-noticias\/detalle_noticias\/el-consejo-de-ministros-aprueba-las-mejoras-de-la-pac-acordadas-con-las-comunidades-aut-nomas-y-con-la-comisi-n-europea-\/70a3f3ff-80e0-4270-ba48-05f80b1fcc88\">nota de prensa del Ministerio<\/a> y el <a href=\"https:\/\/coag.org\/post\/cambios-en-la-pac-lo-que-acaba-de-aprobar-el-consejo-de-ministros-de-14-de-octub-495680\" target=\"_blank\" rel=\"noopener\" data-cke-saved-href=\"https:\/\/coag.org\/post\/cambios-en-la-pac-lo-que-acaba-de-aprobar-el-consejo-de-ministros-de-14-de-octub-495680\">resumen<\/a> elaborado por COAG.<\/p>\n","protected":false},"excerpt":{"rendered":"<p>El Consejo de Ministros ha aprobado esta semana\u00a0un real decreto modificando varias disposiciones de la PAC, con el fin de mejorar algunos aspectos que hab\u00edan sido previamente\u00a0consensuados con todas las comunidades aut\u00f3nomas y aprobados por la Comisi\u00f3n Europea. Se ha aprobado\u00a0la\u00a0simplificaci\u00f3n y una serie de mejoras t\u00e9cnicas de los ecorreg\u00edmenes, como la eliminaci\u00f3n de\u00a0mantener un [&hellip;]<\/p>\n","protected":false},"author":4,"featured_media":9927,"comment_status":"closed","ping_status":"closed","sticky":false,"template":"","format":"standard","meta":{"footnotes":""},"categories":[4],"tags":[],"yoast_head":"<!-- This site is optimized with the Yoast SEO plugin v21.5 - https:\/\/yoast.com\/wordpress\/plugins\/seo\/ -->\n<title>Hainbat aldaketa onartu dituzte NPBn, sinplifikatze asmoz - UAGA<\/title>\n<meta name=\"robots\" content=\"index, follow, max-snippet:-1, max-image-preview:large, max-video-preview:-1\" \/>\n<link rel=\"canonical\" href=\"https:\/\/www.uaga.eus\/aprueban-varios-cambios-en-la-pac-orientados-a-su-simplificacion\/\" \/>\n<meta property=\"og:locale\" content=\"en_US\" \/>\n<meta property=\"og:type\" content=\"article\" \/>\n<meta property=\"og:title\" content=\"Hainbat aldaketa onartu dituzte NPBn, sinplifikatze asmoz - UAGA\" \/>\n<meta property=\"og:description\" content=\"El Consejo de Ministros ha aprobado esta semana\u00a0un real decreto modificando varias disposiciones de la PAC, con el fin de mejorar algunos aspectos que hab\u00edan sido previamente\u00a0consensuados con todas las comunidades aut\u00f3nomas y aprobados por la Comisi\u00f3n Europea. Se ha aprobado\u00a0la\u00a0simplificaci\u00f3n y una serie de mejoras t\u00e9cnicas de los ecorreg\u00edmenes, como la eliminaci\u00f3n de\u00a0mantener un [&hellip;]\" \/>\n<meta property=\"og:url\" content=\"https:\/\/www.uaga.eus\/aprueban-varios-cambios-en-la-pac-orientados-a-su-simplificacion\/\" \/>\n<meta property=\"og:site_name\" content=\"UAGA\" \/>\n<meta property=\"article:published_time\" content=\"2025-10-17T12:05:24+00:00\" \/>\n<meta property=\"og:image\" content=\"https:\/\/www.uaga.eus\/wp-content\/uploads\/2022\/03\/cubierta-vegetal-vi\u00f1a-e1648210672435.jpg\" \/>\n\t<meta property=\"og:image:width\" content=\"700\" \/>\n\t<meta property=\"og:image:height\" content=\"365\" \/>\n\t<meta property=\"og:image:type\" content=\"image\/jpeg\" \/>\n<meta name=\"author\" content=\"Blanca S\u00e1nchez\" \/>\n<meta name=\"twitter:card\" content=\"summary_large_image\" \/>\n<meta name=\"twitter:label1\" content=\"Written by\" \/>\n\t<meta name=\"twitter:data1\" content=\"Blanca S\u00e1nchez\" \/>\n\t<meta name=\"twitter:label2\" content=\"Est. reading time\" \/>\n\t<meta name=\"twitter:data2\" content=\"2 minutua\" \/>\n<script type=\"application\/ld+json\" class=\"yoast-schema-graph\">{\"@context\":\"https:\/\/schema.org\",\"@graph\":[{\"@type\":\"WebPage\",\"@id\":\"https:\/\/www.uaga.eus\/aprueban-varios-cambios-en-la-pac-orientados-a-su-simplificacion\/\",\"url\":\"https:\/\/www.uaga.eus\/aprueban-varios-cambios-en-la-pac-orientados-a-su-simplificacion\/\",\"name\":\"Hainbat aldaketa onartu dituzte NPBn, sinplifikatze asmoz - UAGA\",\"isPartOf\":{\"@id\":\"https:\/\/www.uaga.eus\/#website\"},\"datePublished\":\"2025-10-17T12:05:24+00:00\",\"dateModified\":\"2025-10-17T12:05:24+00:00\",\"author\":{\"@id\":\"https:\/\/www.uaga.eus\/#\/schema\/person\/48c3cbf0f33d1b788226dbb6518689cf\"},\"breadcrumb\":{\"@id\":\"https:\/\/www.uaga.eus\/aprueban-varios-cambios-en-la-pac-orientados-a-su-simplificacion\/#breadcrumb\"},\"inLanguage\":\"eu\",\"potentialAction\":[{\"@type\":\"ReadAction\",\"target\":[\"https:\/\/www.uaga.eus\/aprueban-varios-cambios-en-la-pac-orientados-a-su-simplificacion\/\"]}]},{\"@type\":\"BreadcrumbList\",\"@id\":\"https:\/\/www.uaga.eus\/aprueban-varios-cambios-en-la-pac-orientados-a-su-simplificacion\/#breadcrumb\",\"itemListElement\":[{\"@type\":\"ListItem\",\"position\":1,\"name\":\"Inicio\",\"item\":\"https:\/\/www.uaga.eus\/\"},{\"@type\":\"ListItem\",\"position\":2,\"name\":\"Aprueban varios cambios en la PAC orientados a su simplificaci\u00f3n\"}]},{\"@type\":\"WebSite\",\"@id\":\"https:\/\/www.uaga.eus\/#website\",\"url\":\"https:\/\/www.uaga.eus\/\",\"name\":\"UAGA\",\"description\":\"Uni\u00f3n Agroganadera de \u00c1lava - Araba Nekazarien Elkartea\",\"potentialAction\":[{\"@type\":\"SearchAction\",\"target\":{\"@type\":\"EntryPoint\",\"urlTemplate\":\"https:\/\/www.uaga.eus\/?s={search_term_string}\"},\"query-input\":\"required name=search_term_string\"}],\"inLanguage\":\"eu\"},{\"@type\":\"Person\",\"@id\":\"https:\/\/www.uaga.eus\/#\/schema\/person\/48c3cbf0f33d1b788226dbb6518689cf\",\"name\":\"Blanca S\u00e1nchez\",\"image\":{\"@type\":\"ImageObject\",\"inLanguage\":\"eu\",\"@id\":\"https:\/\/www.uaga.eus\/#\/schema\/person\/image\/\",\"url\":\"https:\/\/secure.gravatar.com\/avatar\/0dc91c20648254b1ce84877283f6751b?s=96&d=mm&r=g\",\"contentUrl\":\"https:\/\/secure.gravatar.com\/avatar\/0dc91c20648254b1ce84877283f6751b?s=96&d=mm&r=g\",\"caption\":\"Blanca S\u00e1nchez\"},\"url\":\"https:\/\/www.uaga.eus\/eu\/author\/bsanchez\/\"}]}<\/script>\n<!-- \/ Yoast SEO plugin. -->","yoast_head_json":{"title":"Hainbat aldaketa onartu dituzte NPBn, sinplifikatze asmoz - UAGA","robots":{"index":"index","follow":"follow","max-snippet":"max-snippet:-1","max-image-preview":"max-image-preview:large","max-video-preview":"max-video-preview:-1"},"canonical":"https:\/\/www.uaga.eus\/aprueban-varios-cambios-en-la-pac-orientados-a-su-simplificacion\/","og_locale":"en_US","og_type":"article","og_title":"Hainbat aldaketa onartu dituzte NPBn, sinplifikatze asmoz - UAGA","og_description":"El Consejo de Ministros ha aprobado esta semana\u00a0un real decreto modificando varias disposiciones de la PAC, con el fin de mejorar algunos aspectos que hab\u00edan sido previamente\u00a0consensuados con todas las comunidades aut\u00f3nomas y aprobados por la Comisi\u00f3n Europea. Se ha aprobado\u00a0la\u00a0simplificaci\u00f3n y una serie de mejoras t\u00e9cnicas de los ecorreg\u00edmenes, como la eliminaci\u00f3n de\u00a0mantener un [&hellip;]","og_url":"https:\/\/www.uaga.eus\/aprueban-varios-cambios-en-la-pac-orientados-a-su-simplificacion\/","og_site_name":"UAGA","article_published_time":"2025-10-17T12:05:24+00:00","og_image":[{"width":700,"height":365,"url":"https:\/\/www.uaga.eus\/wp-content\/uploads\/2022\/03\/cubierta-vegetal-vi\u00f1a-e1648210672435.jpg","type":"image\/jpeg"}],"author":"Blanca S\u00e1nchez","twitter_card":"summary_large_image","twitter_misc":{"Written by":"Blanca S\u00e1nchez","Est. reading time":"2 minutua"},"schema":{"@context":"https:\/\/schema.org","@graph":[{"@type":"WebPage","@id":"https:\/\/www.uaga.eus\/aprueban-varios-cambios-en-la-pac-orientados-a-su-simplificacion\/","url":"https:\/\/www.uaga.eus\/aprueban-varios-cambios-en-la-pac-orientados-a-su-simplificacion\/","name":"Hainbat aldaketa onartu dituzte NPBn, sinplifikatze asmoz - UAGA","isPartOf":{"@id":"https:\/\/www.uaga.eus\/#website"},"datePublished":"2025-10-17T12:05:24+00:00","dateModified":"2025-10-17T12:05:24+00:00","author":{"@id":"https:\/\/www.uaga.eus\/#\/schema\/person\/48c3cbf0f33d1b788226dbb6518689cf"},"breadcrumb":{"@id":"https:\/\/www.uaga.eus\/aprueban-varios-cambios-en-la-pac-orientados-a-su-simplificacion\/#breadcrumb"},"inLanguage":"eu","potentialAction":[{"@type":"ReadAction","target":["https:\/\/www.uaga.eus\/aprueban-varios-cambios-en-la-pac-orientados-a-su-simplificacion\/"]}]},{"@type":"BreadcrumbList","@id":"https:\/\/www.uaga.eus\/aprueban-varios-cambios-en-la-pac-orientados-a-su-simplificacion\/#breadcrumb","itemListElement":[{"@type":"ListItem","position":1,"name":"Inicio","item":"https:\/\/www.uaga.eus\/"},{"@type":"ListItem","position":2,"name":"Aprueban varios cambios en la PAC orientados a su simplificaci\u00f3n"}]},{"@type":"WebSite","@id":"https:\/\/www.uaga.eus\/#website","url":"https:\/\/www.uaga.eus\/","name":"UAGA","description":"Uni\u00f3n Agroganadera de \u00c1lava - Araba Nekazarien Elkartea","potentialAction":[{"@type":"SearchAction","target":{"@type":"EntryPoint","urlTemplate":"https:\/\/www.uaga.eus\/?s={search_term_string}"},"query-input":"required name=search_term_string"}],"inLanguage":"eu"},{"@type":"Person","@id":"https:\/\/www.uaga.eus\/#\/schema\/person\/48c3cbf0f33d1b788226dbb6518689cf","name":"Blanca S\u00e1nchez","image":{"@type":"ImageObject","inLanguage":"eu","@id":"https:\/\/www.uaga.eus\/#\/schema\/person\/image\/","url":"https:\/\/secure.gravatar.com\/avatar\/0dc91c20648254b1ce84877283f6751b?s=96&d=mm&r=g","contentUrl":"https:\/\/secure.gravatar.com\/avatar\/0dc91c20648254b1ce84877283f6751b?s=96&d=mm&r=g","caption":"Blanca S\u00e1nchez"},"url":"https:\/\/www.uaga.eus\/eu\/author\/bsanchez\/"}]}},"_links":{"self":[{"href":"https:\/\/www.uaga.eus\/eu\/wp-json\/wp\/v2\/posts\/14180"}],"collection":[{"href":"https:\/\/www.uaga.eus\/eu\/wp-json\/wp\/v2\/posts"}],"about":[{"href":"https:\/\/www.uaga.eus\/eu\/wp-json\/wp\/v2\/types\/post"}],"author":[{"embeddable":true,"href":"https:\/\/www.uaga.eus\/eu\/wp-json\/wp\/v2\/users\/4"}],"replies":[{"embeddable":true,"href":"https:\/\/www.uaga.eus\/eu\/wp-json\/wp\/v2\/comments?post=14180"}],"version-history":[{"count":1,"href":"https:\/\/www.uaga.eus\/eu\/wp-json\/wp\/v2\/posts\/14180\/revisions"}],"predecessor-version":[{"id":14181,"href":"https:\/\/www.uaga.eus\/eu\/wp-json\/wp\/v2\/posts\/14180\/revisions\/14181"}],"wp:featuredmedia":[{"embeddable":true,"href":"https:\/\/www.uaga.eus\/eu\/wp-json\/wp\/v2\/media\/9927"}],"wp:attachment":[{"href":"https:\/\/www.uaga.eus\/eu\/wp-json\/wp\/v2\/media?parent=14180"}],"wp:term":[{"taxonomy":"category","embeddable":true,"href":"https:\/\/www.uaga.eus\/eu\/wp-json\/wp\/v2\/categories?post=14180"},{"taxonomy":"post_tag","embeddable":true,"href":"https:\/\/www.uaga.eus\/eu\/wp-json\/wp\/v2\/tags?post=14180"}],"curies":[{"name":"wp","href":"https:\/\/api.w.org\/{rel}","templated":true}]}}